{"id":39450,"date":"2025-05-30T07:04:16","date_gmt":"2025-05-30T07:04:16","guid":{"rendered":"https:\/\/www.hunimed.eu\/news\/no-tobacco-day-2025\/"},"modified":"2025-10-14T03:39:49","modified_gmt":"2025-10-14T03:39:49","slug":"no-tobacco-day","status":"publish","type":"post","link":"https:\/\/www.hunimed.eu\/it\/news\/no-tobacco-day\/","title":{"rendered":"Giornata mondiale senza tabacco 2025"},"content":{"rendered":"\n<p>Il 31 maggio si celebra <strong>Giornata Mondiale senza Tabacco<\/strong>, promossa dall\u2019Organizzazione Mondiale della Sanit\u00e0 per aumentare la consapevolezza sui rischi del fumo di sigaretta, del tabacco e dei prodotti a base di nicotina. Il tema della campagna 2025 \u00e8 \u201cSmascherare l\u2019appeal\u201d, scelto per mettere in luce le strategie dell\u2019industria del tabacco per rendere pi\u00f9 attraenti i prodotti a base di nicotina.<\/p>\n\n\n\n<p>Humanitas University si unisce alla giornata rivolgendosi agli studenti e ai pi\u00f9 giovani, per fare chiarezza sui nuovi prodotti come sigarette elettroniche usa e getta (puff bar), dispositivi a tabacco riscaldato e nicotine pouches. Negli ultimi anni questi strumenti si sono diffusi rapidamente, sfruttando packaging accattivanti, aromi e strategie di marketing aggressive. Spesso vengono percepiti come \u201cmeno dannosi\u201d rispetto al fumo tradizionale, ma non sono privi di rischi.<\/p>\n\n\n\n<p>\u201cOggi sul mercato sono presenti molti prodotti a base di nicotina \u2013 che a volte non contengono nemmeno pi\u00f9 tabacco \u2013 che puntano su estetica e marketing dedicati espressamente ai pi\u00f9 giovani\u201d, spiega<a href=\"https:\/\/www.hunimed.eu\/it\/member\/stefano-aliberti\/\"> <strong>Stefano Aliberti<\/strong><\/a>, professore ordinario di Malattie dell\u2019Apparato Respiratorio presso Humanitas University e Responsabile della Pneumologia di IRCCS Istituto Clinico Humanitas. \u201cLe e-cig, ad esempio, non sono innocue: rilasciano sostanze irritanti, metalli pesanti e composti tossici che possono danneggiare le vie respiratorie anche nei non fumatori esposti al fumo passivo\u201d, prosegue Aliberti. \u201cLe evidenze scientifiche mostrano come le sigarette elettroniche possono indurre infiammazione delle vie aeree, alterazioni della funzione endoteliale, peggioramento delle patologie respiratorie croniche come asma e BPCO, e aumentare il rischio di bronchiti, polmoniti e altre infezioni respiratorie\u201d.<\/p>\n\n\n\n<p>In ambito universitario, dove questi dispositivi possono diffondersi con facilit\u00e0, \u00e8 fondamentale promuovere ambienti liberi da fumo e nicotina, contrastando la falsa percezione di sicurezza e invitando studenti, faculty e staff a scegliere in modo consapevole per la propria salute.<\/p>\n\n\n\n<h3 class=\"wp-block-heading\">No Tobacco Day in Humanitas University<\/h3>\n\n\n\n<p>Venerd\u00ec 30 maggio, Humanitas University e IRCCS Istituto Clinico Humanitas si uniscono alle attivit\u00e0 per il No Tobacco Day con una serie di attivit\u00e0 dedicate al cuore e ai polmoni. Verr\u00e0 organizzata \u201c<strong>Non smettere di cantare<\/strong>\u201d, un\u2019esperienza interattiva con un coro che intoner\u00e0, insieme ai pazienti, accompagnatori e studenti, canzoni famose ispirate al cuore e al respiro. Con le note di Every breath you take, Cuoricini, O sole mio, Brava, si metteranno alla prova la capacit\u00e0 polmonare e il ritmo cardiaco per focalizzare l\u2019attenzione sull\u2019importanza di mantenere l\u2019organismo in salute<\/p>\n\n\n\n<p>\u201cNon smettere di cantare\u201d si decliner\u00e0 in pi\u00f9 momenti: dalle 11 alle 12 nel giardino del building 2, in via Manzoni 56 a Rozzano. A seguire, il coro si sposter\u00e0 nel Campus internazionale di Humanitas University, per coinvolgere studenti e studentesse con canzoni in lingua inglese.<\/p>\n\n\n\n<p>A seguire sono previsti gli interventi (in italiano e inglese) di Stefano Aliberti, <strong><a href=\"https:\/\/www.hunimed.eu\/it\/member\/giuseppe-marulli\/\">Giuseppe Marulli<\/a><\/strong>, responsabile Chirurgia Toracica IRCCS Istituto Clinico Humanitas e docente Humanitas University, e <strong>Licia Vanessa Siracusano<\/strong>, responsabile del Centro Antifumo dell\u2019IRCCS Istituto Clinico Humanitas.<\/p>\n","protected":false},"excerpt":{"rendered":"<p>Il 31 maggio si celebra Giornata Mondiale senza Tabacco, promossa dall\u2019Organizzazione Mondiale della Sanit\u00e0 per aumentare la consapevolezza sui rischi del fumo di sigaretta, del tabacco e dei prodotti a base di nicotina. Il tema della campagna 2025 \u00e8 \u201cSmascherare l\u2019appeal\u201d, scelto per mettere in luce le strategie dell\u2019industria del tabacco per rendere pi\u00f9 attraenti [&hellip;]<\/p>\n","protected":false},"author":2,"featured_media":28174,"comment_status":"open","ping_status":"open","sticky":false,"template":"","format":"standard","meta":{"_acf_changed":false,"_kad_blocks_custom_css":"","_kad_blocks_head_custom_js":"","_kad_blocks_body_custom_js":"","_kad_blocks_footer_custom_js":"","footnotes":""},"categories":[401,2025],"tags":[],"class_list":["post-39450","post","type-post","status-publish","format-standard","has-post-thumbnail","hentry","category-mondo-humanitas","category-scienze-mediche-3-2"],"acf":[],"yoast_head":"<!-- This site is optimized with the Yoast SEO plugin v27.2 - https:\/\/yoast.com\/product\/yoast-seo-wordpress\/ -->\n<title>Giornata mondiale senza tabacco 2025 - Hunimed<\/title>\n<meta name=\"description\" content=\"Il 31 maggio si celebra Giornata Mondiale senza Tabacco, promossa dall\u2019Organizzazione Mondiale della Sanit\u00e0 per aumentare la consapevolezza sui rischi del\" \/>\n<meta name=\"robots\" content=\"index, follow, max-snippet:-1, max-image-preview:large, max-video-preview:-1\" \/>\n<link rel=\"canonical\" href=\"https:\/\/www.hunimed.eu\/news\/no-tobacco-day-2025\/\" \/>\n<meta property=\"og:locale\" content=\"it_IT\" \/>\n<meta property=\"og:type\" content=\"article\" \/>\n<meta property=\"og:title\" content=\"Giornata mondiale senza tabacco 2025 - Hunimed\" \/>\n<meta property=\"og:description\" content=\"Il 31 maggio si celebra Giornata Mondiale senza Tabacco, promossa dall\u2019Organizzazione Mondiale della Sanit\u00e0 per aumentare la consapevolezza sui rischi del\" \/>\n<meta property=\"og:url\" content=\"https:\/\/www.hunimed.eu\/news\/no-tobacco-day-2025\/\" \/>\n<meta property=\"og:site_name\" content=\"Hunimed\" \/>\n<meta property=\"article:publisher\" content=\"https:\/\/www.facebook.com\/Hunimed\/\" \/>\n<meta property=\"article:published_time\" content=\"2025-05-30T07:04:16+00:00\" \/>\n<meta property=\"article:modified_time\" content=\"2025-10-14T03:39:49+00:00\" \/>\n<meta property=\"og:image\" content=\"https:\/\/www.hunimed.eu\/wp-content\/uploads\/2025\/08\/HUNIMED-News-2025-11.jpg\" \/>\n\t<meta property=\"og:image:width\" content=\"1180\" \/>\n\t<meta property=\"og:image:height\" content=\"600\" \/>\n\t<meta property=\"og:image:type\" content=\"image\/jpeg\" \/>\n<meta name=\"author\" content=\"Nesho\" \/>\n<meta name=\"twitter:card\" content=\"summary_large_image\" \/>\n<meta name=\"twitter:label1\" content=\"Scritto da\" \/>\n\t<meta name=\"twitter:data1\" content=\"Nesho\" \/>\n\t<meta name=\"twitter:label2\" content=\"Tempo di lettura stimato\" \/>\n\t<meta name=\"twitter:data2\" content=\"3 minuti\" \/>\n<script type=\"application\/ld+json\" class=\"yoast-schema-graph\">{\"@context\":\"https:\/\/schema.org\",\"@graph\":[{\"@type\":\"Article\",\"@id\":\"https:\/\/www.hunimed.eu\/news\/no-tobacco-day-2025\/#article\",\"isPartOf\":{\"@id\":\"https:\/\/www.hunimed.eu\/news\/no-tobacco-day-2025\/\"},\"author\":{\"name\":\"Nesho\",\"@id\":\"https:\/\/www.hunimed.eu\/#\/schema\/person\/e414590fa47a8fde3d814ab0ad9e9ce1\"},\"headline\":\"Giornata mondiale senza tabacco 2025\",\"datePublished\":\"2025-05-30T07:04:16+00:00\",\"dateModified\":\"2025-10-14T03:39:49+00:00\",\"mainEntityOfPage\":{\"@id\":\"https:\/\/www.hunimed.eu\/news\/no-tobacco-day-2025\/\"},\"wordCount\":473,\"commentCount\":0,\"publisher\":{\"@id\":\"https:\/\/www.hunimed.eu\/#organization\"},\"image\":{\"@id\":\"https:\/\/www.hunimed.eu\/news\/no-tobacco-day-2025\/#primaryimage\"},\"thumbnailUrl\":\"https:\/\/www.hunimed.eu\/wp-content\/uploads\/2025\/08\/HUNIMED-News-2025-11.jpg?wsr\",\"articleSection\":[\"Mondo Humanitas\",\"Scienze Mediche\"],\"inLanguage\":\"it-IT\"},{\"@type\":\"WebPage\",\"@id\":\"https:\/\/www.hunimed.eu\/news\/no-tobacco-day-2025\/\",\"url\":\"https:\/\/www.hunimed.eu\/news\/no-tobacco-day-2025\/\",\"name\":\"Giornata mondiale senza tabacco 2025 - Hunimed\",\"isPartOf\":{\"@id\":\"https:\/\/www.hunimed.eu\/#website\"},\"primaryImageOfPage\":{\"@id\":\"https:\/\/www.hunimed.eu\/news\/no-tobacco-day-2025\/#primaryimage\"},\"image\":{\"@id\":\"https:\/\/www.hunimed.eu\/news\/no-tobacco-day-2025\/#primaryimage\"},\"thumbnailUrl\":\"https:\/\/www.hunimed.eu\/wp-content\/uploads\/2025\/08\/HUNIMED-News-2025-11.jpg?wsr\",\"datePublished\":\"2025-05-30T07:04:16+00:00\",\"dateModified\":\"2025-10-14T03:39:49+00:00\",\"description\":\"Il 31 maggio si celebra Giornata Mondiale senza Tabacco, promossa dall\u2019Organizzazione Mondiale della Sanit\u00e0 per aumentare la consapevolezza sui rischi del\",\"breadcrumb\":{\"@id\":\"https:\/\/www.hunimed.eu\/news\/no-tobacco-day-2025\/#breadcrumb\"},\"inLanguage\":\"it-IT\",\"potentialAction\":[{\"@type\":\"ReadAction\",\"target\":[\"https:\/\/www.hunimed.eu\/news\/no-tobacco-day-2025\/\"]}]},{\"@type\":\"ImageObject\",\"inLanguage\":\"it-IT\",\"@id\":\"https:\/\/www.hunimed.eu\/news\/no-tobacco-day-2025\/#primaryimage\",\"url\":\"https:\/\/www.hunimed.eu\/wp-content\/uploads\/2025\/08\/HUNIMED-News-2025-11.jpg?wsr\",\"contentUrl\":\"https:\/\/www.hunimed.eu\/wp-content\/uploads\/2025\/08\/HUNIMED-News-2025-11.jpg?wsr\",\"width\":1180,\"height\":600},{\"@type\":\"BreadcrumbList\",\"@id\":\"https:\/\/www.hunimed.eu\/news\/no-tobacco-day-2025\/#breadcrumb\",\"itemListElement\":[{\"@type\":\"ListItem\",\"position\":1,\"name\":\"Home\",\"item\":\"https:\/\/www.hunimed.eu\/it\/\"},{\"@type\":\"ListItem\",\"position\":2,\"name\":\"Giornata mondiale senza tabacco 2025\"}]},{\"@type\":\"WebSite\",\"@id\":\"https:\/\/www.hunimed.eu\/#website\",\"url\":\"https:\/\/www.hunimed.eu\/\",\"name\":\"Hunimed\",\"description\":\"Humanitas University\",\"publisher\":{\"@id\":\"https:\/\/www.hunimed.eu\/#organization\"},\"potentialAction\":[{\"@type\":\"SearchAction\",\"target\":{\"@type\":\"EntryPoint\",\"urlTemplate\":\"https:\/\/www.hunimed.eu\/?s={search_term_string}\"},\"query-input\":{\"@type\":\"PropertyValueSpecification\",\"valueRequired\":true,\"valueName\":\"search_term_string\"}}],\"inLanguage\":\"it-IT\"},{\"@type\":\"Organization\",\"@id\":\"https:\/\/www.hunimed.eu\/#organization\",\"name\":\"Humanitas University\",\"url\":\"https:\/\/www.hunimed.eu\/\",\"logo\":{\"@type\":\"ImageObject\",\"inLanguage\":\"it-IT\",\"@id\":\"https:\/\/www.hunimed.eu\/#\/schema\/logo\/image\/\",\"url\":\"https:\/\/www.hunimed.eu\/wp-content\/uploads\/2025\/06\/Logo.svg?wsr\",\"contentUrl\":\"https:\/\/www.hunimed.eu\/wp-content\/uploads\/2025\/06\/Logo.svg?wsr\",\"caption\":\"Humanitas University\"},\"image\":{\"@id\":\"https:\/\/www.hunimed.eu\/#\/schema\/logo\/image\/\"},\"sameAs\":[\"https:\/\/www.facebook.com\/Hunimed\/\",\"https:\/\/www.linkedin.com\/school\/18280267\/admin\/\"]},{\"@type\":\"Person\",\"@id\":\"https:\/\/www.hunimed.eu\/#\/schema\/person\/e414590fa47a8fde3d814ab0ad9e9ce1\",\"name\":\"Nesho\",\"image\":{\"@type\":\"ImageObject\",\"inLanguage\":\"it-IT\",\"@id\":\"https:\/\/secure.gravatar.com\/avatar\/519043b75237e8f20522026e1c1e6cb9337aa5a6a0c7765f4a8f835e2702116f?s=96&d=mm&r=g\",\"url\":\"https:\/\/secure.gravatar.com\/avatar\/519043b75237e8f20522026e1c1e6cb9337aa5a6a0c7765f4a8f835e2702116f?s=96&d=mm&r=g\",\"contentUrl\":\"https:\/\/secure.gravatar.com\/avatar\/519043b75237e8f20522026e1c1e6cb9337aa5a6a0c7765f4a8f835e2702116f?s=96&d=mm&r=g\",\"caption\":\"Nesho\"},\"description\":\"xx\",\"url\":\"https:\/\/www.hunimed.eu\/it\/news\/author\/nesho\/\"}]}<\/script>\n<!-- \/ Yoast SEO plugin. -->","yoast_head_json":{"title":"Giornata mondiale senza tabacco 2025 - Hunimed","description":"Il 31 maggio si celebra Giornata Mondiale senza Tabacco, promossa dall\u2019Organizzazione Mondiale della Sanit\u00e0 per aumentare la consapevolezza sui rischi del","robots":{"index":"index","follow":"follow","max-snippet":"max-snippet:-1","max-image-preview":"max-image-preview:large","max-video-preview":"max-video-preview:-1"},"canonical":"https:\/\/www.hunimed.eu\/news\/no-tobacco-day-2025\/","og_locale":"it_IT","og_type":"article","og_title":"Giornata mondiale senza tabacco 2025 - Hunimed","og_description":"Il 31 maggio si celebra Giornata Mondiale senza Tabacco, promossa dall\u2019Organizzazione Mondiale della Sanit\u00e0 per aumentare la consapevolezza sui rischi del","og_url":"https:\/\/www.hunimed.eu\/news\/no-tobacco-day-2025\/","og_site_name":"Hunimed","article_publisher":"https:\/\/www.facebook.com\/Hunimed\/","article_published_time":"2025-05-30T07:04:16+00:00","article_modified_time":"2025-10-14T03:39:49+00:00","og_image":[{"width":1180,"height":600,"url":"https:\/\/www.hunimed.eu\/wp-content\/uploads\/2025\/08\/HUNIMED-News-2025-11.jpg","type":"image\/jpeg"}],"author":"Nesho","twitter_card":"summary_large_image","twitter_misc":{"Scritto da":"Nesho","Tempo di lettura stimato":"3 minuti"},"schema":{"@context":"https:\/\/schema.org","@graph":[{"@type":"Article","@id":"https:\/\/www.hunimed.eu\/news\/no-tobacco-day-2025\/#article","isPartOf":{"@id":"https:\/\/www.hunimed.eu\/news\/no-tobacco-day-2025\/"},"author":{"name":"Nesho","@id":"https:\/\/www.hunimed.eu\/#\/schema\/person\/e414590fa47a8fde3d814ab0ad9e9ce1"},"headline":"Giornata mondiale senza tabacco 2025","datePublished":"2025-05-30T07:04:16+00:00","dateModified":"2025-10-14T03:39:49+00:00","mainEntityOfPage":{"@id":"https:\/\/www.hunimed.eu\/news\/no-tobacco-day-2025\/"},"wordCount":473,"commentCount":0,"publisher":{"@id":"https:\/\/www.hunimed.eu\/#organization"},"image":{"@id":"https:\/\/www.hunimed.eu\/news\/no-tobacco-day-2025\/#primaryimage"},"thumbnailUrl":"https:\/\/www.hunimed.eu\/wp-content\/uploads\/2025\/08\/HUNIMED-News-2025-11.jpg?wsr","articleSection":["Mondo Humanitas","Scienze Mediche"],"inLanguage":"it-IT"},{"@type":"WebPage","@id":"https:\/\/www.hunimed.eu\/news\/no-tobacco-day-2025\/","url":"https:\/\/www.hunimed.eu\/news\/no-tobacco-day-2025\/","name":"Giornata mondiale senza tabacco 2025 - Hunimed","isPartOf":{"@id":"https:\/\/www.hunimed.eu\/#website"},"primaryImageOfPage":{"@id":"https:\/\/www.hunimed.eu\/news\/no-tobacco-day-2025\/#primaryimage"},"image":{"@id":"https:\/\/www.hunimed.eu\/news\/no-tobacco-day-2025\/#primaryimage"},"thumbnailUrl":"https:\/\/www.hunimed.eu\/wp-content\/uploads\/2025\/08\/HUNIMED-News-2025-11.jpg?wsr","datePublished":"2025-05-30T07:04:16+00:00","dateModified":"2025-10-14T03:39:49+00:00","description":"Il 31 maggio si celebra Giornata Mondiale senza Tabacco, promossa dall\u2019Organizzazione Mondiale della Sanit\u00e0 per aumentare la consapevolezza sui rischi del","breadcrumb":{"@id":"https:\/\/www.hunimed.eu\/news\/no-tobacco-day-2025\/#breadcrumb"},"inLanguage":"it-IT","potentialAction":[{"@type":"ReadAction","target":["https:\/\/www.hunimed.eu\/news\/no-tobacco-day-2025\/"]}]},{"@type":"ImageObject","inLanguage":"it-IT","@id":"https:\/\/www.hunimed.eu\/news\/no-tobacco-day-2025\/#primaryimage","url":"https:\/\/www.hunimed.eu\/wp-content\/uploads\/2025\/08\/HUNIMED-News-2025-11.jpg?wsr","contentUrl":"https:\/\/www.hunimed.eu\/wp-content\/uploads\/2025\/08\/HUNIMED-News-2025-11.jpg?wsr","width":1180,"height":600},{"@type":"BreadcrumbList","@id":"https:\/\/www.hunimed.eu\/news\/no-tobacco-day-2025\/#breadcrumb","itemListElement":[{"@type":"ListItem","position":1,"name":"Home","item":"https:\/\/www.hunimed.eu\/it\/"},{"@type":"ListItem","position":2,"name":"Giornata mondiale senza tabacco 2025"}]},{"@type":"WebSite","@id":"https:\/\/www.hunimed.eu\/#website","url":"https:\/\/www.hunimed.eu\/","name":"Hunimed","description":"Humanitas University","publisher":{"@id":"https:\/\/www.hunimed.eu\/#organization"},"potentialAction":[{"@type":"SearchAction","target":{"@type":"EntryPoint","urlTemplate":"https:\/\/www.hunimed.eu\/?s={search_term_string}"},"query-input":{"@type":"PropertyValueSpecification","valueRequired":true,"valueName":"search_term_string"}}],"inLanguage":"it-IT"},{"@type":"Organization","@id":"https:\/\/www.hunimed.eu\/#organization","name":"Humanitas University","url":"https:\/\/www.hunimed.eu\/","logo":{"@type":"ImageObject","inLanguage":"it-IT","@id":"https:\/\/www.hunimed.eu\/#\/schema\/logo\/image\/","url":"https:\/\/www.hunimed.eu\/wp-content\/uploads\/2025\/06\/Logo.svg?wsr","contentUrl":"https:\/\/www.hunimed.eu\/wp-content\/uploads\/2025\/06\/Logo.svg?wsr","caption":"Humanitas University"},"image":{"@id":"https:\/\/www.hunimed.eu\/#\/schema\/logo\/image\/"},"sameAs":["https:\/\/www.facebook.com\/Hunimed\/","https:\/\/www.linkedin.com\/school\/18280267\/admin\/"]},{"@type":"Person","@id":"https:\/\/www.hunimed.eu\/#\/schema\/person\/e414590fa47a8fde3d814ab0ad9e9ce1","name":"Nesho","image":{"@type":"ImageObject","inLanguage":"it-IT","@id":"https:\/\/secure.gravatar.com\/avatar\/519043b75237e8f20522026e1c1e6cb9337aa5a6a0c7765f4a8f835e2702116f?s=96&d=mm&r=g","url":"https:\/\/secure.gravatar.com\/avatar\/519043b75237e8f20522026e1c1e6cb9337aa5a6a0c7765f4a8f835e2702116f?s=96&d=mm&r=g","contentUrl":"https:\/\/secure.gravatar.com\/avatar\/519043b75237e8f20522026e1c1e6cb9337aa5a6a0c7765f4a8f835e2702116f?s=96&d=mm&r=g","caption":"Nesho"},"description":"xx","url":"https:\/\/www.hunimed.eu\/it\/news\/author\/nesho\/"}]}},"taxonomy_info":{"category":[{"value":401,"label":"Mondo Humanitas"},{"value":2025,"label":"Scienze Mediche"}]},"featured_image_src_large":["https:\/\/www.hunimed.eu\/wp-content\/uploads\/2025\/08\/HUNIMED-News-2025-11-1024x521.jpg?wsr",1024,521,true],"author_info":{"display_name":"Nesho","author_link":"https:\/\/www.hunimed.eu\/it\/news\/author\/nesho\/"},"comment_info":"","category_info":[{"term_id":401,"name":"Mondo Humanitas","slug":"mondo-humanitas","term_group":0,"term_taxonomy_id":401,"taxonomy":"category","description":"","parent":0,"count":287,"filter":"raw","cat_ID":401,"category_count":287,"category_description":"","cat_name":"Mondo Humanitas","category_nicename":"mondo-humanitas","category_parent":0},{"term_id":2025,"name":"Scienze Mediche","slug":"scienze-mediche-3-2","term_group":0,"term_taxonomy_id":2025,"taxonomy":"category","description":"","parent":0,"count":207,"filter":"raw","cat_ID":2025,"category_count":207,"category_description":"","cat_name":"Scienze Mediche","category_nicename":"scienze-mediche-3-2","category_parent":0}],"tag_info":false,"_links":{"self":[{"href":"https:\/\/www.hunimed.eu\/it\/wp-json\/wp\/v2\/posts\/39450","targetHints":{"allow":["GET"]}}],"collection":[{"href":"https:\/\/www.hunimed.eu\/it\/wp-json\/wp\/v2\/posts"}],"about":[{"href":"https:\/\/www.hunimed.eu\/it\/wp-json\/wp\/v2\/types\/post"}],"author":[{"embeddable":true,"href":"https:\/\/www.hunimed.eu\/it\/wp-json\/wp\/v2\/users\/2"}],"replies":[{"embeddable":true,"href":"https:\/\/www.hunimed.eu\/it\/wp-json\/wp\/v2\/comments?post=39450"}],"version-history":[{"count":1,"href":"https:\/\/www.hunimed.eu\/it\/wp-json\/wp\/v2\/posts\/39450\/revisions"}],"predecessor-version":[{"id":39810,"href":"https:\/\/www.hunimed.eu\/it\/wp-json\/wp\/v2\/posts\/39450\/revisions\/39810"}],"wp:featuredmedia":[{"embeddable":true,"href":"https:\/\/www.hunimed.eu\/it\/wp-json\/wp\/v2\/media\/28174"}],"wp:attachment":[{"href":"https:\/\/www.hunimed.eu\/it\/wp-json\/wp\/v2\/media?parent=39450"}],"wp:term":[{"taxonomy":"category","embeddable":true,"href":"https:\/\/www.hunimed.eu\/it\/wp-json\/wp\/v2\/categories?post=39450"},{"taxonomy":"post_tag","embeddable":true,"href":"https:\/\/www.hunimed.eu\/it\/wp-json\/wp\/v2\/tags?post=39450"}],"curies":[{"name":"wp","href":"https:\/\/api.w.org\/{rel}","templated":true}]}}