{"id":39435,"date":"2025-05-05T12:10:49","date_gmt":"2025-05-05T12:10:49","guid":{"rendered":"https:\/\/www.hunimed.eu\/news\/giornata-mondiale-delligiene-delle-mani\/"},"modified":"2025-10-14T03:05:23","modified_gmt":"2025-10-14T03:05:23","slug":"giornata-mondiale-delligiene-delle-mani","status":"publish","type":"post","link":"https:\/\/www.hunimed.eu\/it\/news\/giornata-mondiale-delligiene-delle-mani\/","title":{"rendered":"Giornata mondiale dell\u2019igiene delle mani"},"content":{"rendered":"\n<p>Oggi, 5 maggio 2025, si celebra la Giornata Mondiale dell\u2019igiene delle mani, un\u2019iniziativa promossa dall\u2019Organizzazione Mondiale della Sanit\u00e0 per aumentare la consapevolezza sull\u2019importanza di questo gesto per la prevenzione e la salute. La campagna di quest\u2019anno \u2013 \u201c<em>Guanti, a volte. Igiene delle mani, sempre<\/em>\u201d \u2013 \u00e8 un richiamo a tutti, dai cittadini agli operatori sanitari: l\u2019igiene delle mani resta uno dei pi\u00f9 potenti strumenti di prevenzione a nostra disposizione. Un gesto semplice, che racchiude una pagina importante nella storia della medicina.<\/p>\n\n\n\n<h3 class=\"wp-block-heading\"><strong>Igiene delle mani: le osservazioni di Semmelweis e la febbre puerperale<\/strong><\/h3>\n\n\n\n<p>Vienna, met\u00e0 Ottocento. Negli ospedali europei molte donne morivano nei giorni successivi al parto a causa della <strong>febbre puerperale<\/strong>, una grave infezione dalle cause sconosciute, generalizzata e spesso letale. In quegli anni non esistevano antibiotici, n\u00e9 conoscenze consolidate sulla trasmissione delle infezioni \u2013 che si sarebbero sviluppate sul finire del secolo grazie alla teoria dei germi elaborata da Louis Pasteur.<\/p>\n\n\n\n<p>Ci\u00f2 che colp\u00ec Ignaz Philipp Semmelweis, giovane medico ungherese dell\u2019Ospedale Generale di Vienna, era la <strong>differenza nei tassi di mortalit\u00e0<\/strong> tra due reparti ostetrici: in uno morivano circa il 10-15% delle pazienti, nell\u2019altro poco pi\u00f9 dell\u20191-2%. Le due cliniche accoglievano pazienti simili e in condizioni simili. Eppure, solo una di esse \u2013 quella affidata ai medici \u2013 registrava tassi altissimi di mortalit\u00e0. L\u2019altra, gestita prevalentemente da ostetriche, aveva esiti molto pi\u00f9 favorevoli.<\/p>\n\n\n\n<p>Semmelweis formul\u00f2 una teoria: le mani dei medici, <strong>non lavate dopo le autopsie e prima di assistere ai parti<\/strong>, potevano essere il mezzo attraverso cui si trasmetteva un agente sconosciuto, dannoso per le pazienti. Introdusse quindi l\u2019obbligo, per tutti i medici e gli studenti di medicina, di lavarsi le mani con una soluzione di cloruro di calcio prima di entrare in reparto. I risultati furono immediati: la mortalit\u00e0 cal\u00f2 drasticamente, passando all\u20191-2%. Una svolta verificabile, basata sull\u2019osservazione e sul confronto sistematico dei dati.<\/p>\n\n\n\n<p>La <strong>storia di Semmelweis<\/strong> \u00e8 stata raccontata nel saggio <em>Childbed Fever: A Scientific Biography of Ignaz Semmelweis<\/em> e nel pi\u00f9 recente <em>Il morbo dei dottori. La strana storia di Ign\u00e1c Semmelweis<\/em> (Codice Edizioni, 2020), che ricostruiscono la vicenda dal punto di vista scientifico e personale. Le scoperte di Semmelweis non furono immediatamente accettate dalla comunit\u00e0 scientifica e, dopo meno di dieci anni, il dottore mor\u00ec in manicomio all\u2019et\u00e0 di soli 47 anni, colpito dell\u2019ostracismo dei colleghi e, secondo alcuni storici, forse affetto da una forma precoce di Alzheimer.<\/p>\n\n\n\n<p>Ma a pesare sull\u2019internamento di Semmelweis furono anche cause storiche, come i conflitti interni all\u2019Impero austro-ungarico e la ribellione ungherese del 1848 \u2013 che gett\u00f2 discredito sulla classe dirigente magiara dell\u2019epoca, contribuendo alla sua marginalizzazione. Un destino tragico, che non impedisce per\u00f2 oggi, a oltre un secolo di distanza, di riconoscere le scoperte di Ignaz Semmelweis come pilastro della pratica clinica.<\/p>\n\n\n\n<h3 class=\"wp-block-heading\"><strong>Dalle scoperte alla pratica quotidiana<\/strong><\/h3>\n\n\n\n<p>\u201cOggi l\u2019intuizione di Semmelweis \u00e8 una certezza scientifica: l\u2019igiene delle mani \u00e8 il primo, pi\u00f9 semplice e pi\u00f9 potente <strong>gesto di prevenzione<\/strong> che abbiamo\u201d, ricorda <strong><a href=\"https:\/\/www.hunimed.eu\/it\/member\/elena-azzolini\/?_gl=1*193vwh7*_up*MQ..&amp;gclid=EAIaIQobChMI787K1ueijAMVKqaDBx2WRCa8EAAYASAAEgIPSfD_BwE\">Elena Azzolini<\/a><\/strong> \u2013 Professore associato di Igiene generale e applicata di Humanitas University e Vicedirettore Sanitario di Humanitas.<\/p>\n\n\n\n<p>\u201cNel tempo, questa pratica si \u00e8 evoluta: dalle prime raccomandazioni empiriche, alla standardizzazione dei <a href=\"https:\/\/www.who.int\/publications\/m\/item\/five-moments-for-hand-hygiene\">5 momenti<\/a> dell\u2019igiene delle mani proposta dall\u2019OMS per gli operatori sanitari, dall&#8217;acqua e sapone alle soluzioni alcoliche, oggi efficaci rapidamente e disponibili ovunque. Oggi abbiamo strumenti migliori, conoscenze pi\u00f9 profonde, ma <strong>il principio non \u00e8 cambiato<\/strong>: proteggere l\u2019altro passa da un gesto semplice, fatto bene, fatto sempre. Non c\u2019\u00e8 tecnologia che possa sostituirlo\u201d, conclude Azzolini. \u201c\u00c8 un gesto che ci unisce come professionisti della salute, ma anche come cittadini consapevoli\u201d.<\/p>\n\n\n\n<figure class=\"wp-block-image size-large\"><img decoding=\"async\" src=\"https:\/\/www.hunimed.eu\/wp-content\/uploads\/2025\/08\/foto-mani-1.jpg\" alt=\"\" class=\"wp-image-40679\"\/><\/figure>\n\n\n\n<h3 class=\"wp-block-heading\"><strong>L\u2019impegno di Humanitas per la prevenzione delle mani<\/strong><\/h3>\n\n\n\n<p>Per celebrare la Giornata Mondiale, gli studenti del Corso di Laurea in Infermieristica di Humanitas University hanno organizzato un\u2019<strong>attivit\u00e0 di sensibilizzazione <\/strong>all\u2019ingresso di IRCCS Istituto Clinico Humanitas, con un <strong>punto informativo<\/strong> pensato per i professionisti sanitari e aperto a tutti i visitatori dell\u2019ospedale. Usando un gel alla fluoresceina e una lampada a luce <strong>ultravioletta<\/strong>, i partecipanti potranno verificare in tempo reale quanto accurato sia stato il proprio lavaggio delle mani e quali aree non siano state igienizzate correttamente. Un modo concreto per trasformare un gesto abituale in una scelta consapevole.<\/p>\n","protected":false},"excerpt":{"rendered":"<p>Oggi, 5 maggio 2025, si celebra la Giornata Mondiale dell\u2019igiene delle mani, un\u2019iniziativa promossa dall\u2019Organizzazione Mondiale della Sanit\u00e0 per aumentare la consapevolezza sull\u2019importanza di questo gesto per la prevenzione e la salute. La campagna di quest\u2019anno \u2013 \u201cGuanti, a volte. Igiene delle mani, sempre\u201d \u2013 \u00e8 un richiamo a tutti, dai cittadini agli operatori sanitari: [&hellip;]<\/p>\n","protected":false},"author":2,"featured_media":28140,"comment_status":"open","ping_status":"open","sticky":false,"template":"","format":"standard","meta":{"_acf_changed":false,"_kad_blocks_custom_css":"","_kad_blocks_head_custom_js":"","_kad_blocks_body_custom_js":"","_kad_blocks_footer_custom_js":"","footnotes":""},"categories":[2024,401],"tags":[],"class_list":["post-39435","post","type-post","status-publish","format-standard","has-post-thumbnail","hentry","category-eventi-4-2","category-mondo-humanitas"],"acf":[],"yoast_head":"<!-- This site is optimized with the Yoast SEO plugin v27.2 - https:\/\/yoast.com\/product\/yoast-seo-wordpress\/ -->\n<title>Giornata mondiale dell\u2019igiene delle mani - Hunimed<\/title>\n<meta name=\"description\" content=\"Oggi, 5 maggio 2025, si celebra la Giornata Mondiale dell\u2019igiene delle mani, un\u2019iniziativa promossa dall\u2019Organizzazione Mondiale della Sanit\u00e0 per\" \/>\n<meta name=\"robots\" content=\"index, follow, max-snippet:-1, max-image-preview:large, max-video-preview:-1\" \/>\n<link rel=\"canonical\" href=\"https:\/\/www.hunimed.eu\/news\/giornata-mondiale-delligiene-delle-mani\/\" \/>\n<meta property=\"og:locale\" content=\"it_IT\" \/>\n<meta property=\"og:type\" content=\"article\" \/>\n<meta property=\"og:title\" content=\"Giornata mondiale dell\u2019igiene delle mani - Hunimed\" \/>\n<meta property=\"og:description\" content=\"Oggi, 5 maggio 2025, si celebra la Giornata Mondiale dell\u2019igiene delle mani, un\u2019iniziativa promossa dall\u2019Organizzazione Mondiale della Sanit\u00e0 per\" \/>\n<meta property=\"og:url\" content=\"https:\/\/www.hunimed.eu\/news\/giornata-mondiale-delligiene-delle-mani\/\" \/>\n<meta property=\"og:site_name\" content=\"Hunimed\" \/>\n<meta property=\"article:publisher\" content=\"https:\/\/www.facebook.com\/Hunimed\/\" \/>\n<meta property=\"article:published_time\" content=\"2025-05-05T12:10:49+00:00\" \/>\n<meta property=\"article:modified_time\" content=\"2025-10-14T03:05:23+00:00\" \/>\n<meta property=\"og:image\" content=\"https:\/\/www.hunimed.eu\/wp-content\/uploads\/2025\/08\/HUNIMED-News-2025-5.jpg\" \/>\n\t<meta property=\"og:image:width\" content=\"1180\" \/>\n\t<meta property=\"og:image:height\" content=\"600\" \/>\n\t<meta property=\"og:image:type\" content=\"image\/jpeg\" \/>\n<meta name=\"author\" content=\"Nesho\" \/>\n<meta name=\"twitter:card\" content=\"summary_large_image\" \/>\n<meta name=\"twitter:label1\" content=\"Scritto da\" \/>\n\t<meta name=\"twitter:data1\" content=\"Nesho\" \/>\n\t<meta name=\"twitter:label2\" content=\"Tempo di lettura stimato\" \/>\n\t<meta name=\"twitter:data2\" content=\"4 minuti\" \/>\n<script type=\"application\/ld+json\" class=\"yoast-schema-graph\">{\"@context\":\"https:\/\/schema.org\",\"@graph\":[{\"@type\":\"Article\",\"@id\":\"https:\/\/www.hunimed.eu\/news\/giornata-mondiale-delligiene-delle-mani\/#article\",\"isPartOf\":{\"@id\":\"https:\/\/www.hunimed.eu\/news\/giornata-mondiale-delligiene-delle-mani\/\"},\"author\":{\"name\":\"Nesho\",\"@id\":\"https:\/\/www.hunimed.eu\/#\/schema\/person\/e414590fa47a8fde3d814ab0ad9e9ce1\"},\"headline\":\"Giornata mondiale dell\u2019igiene delle mani\",\"datePublished\":\"2025-05-05T12:10:49+00:00\",\"dateModified\":\"2025-10-14T03:05:23+00:00\",\"mainEntityOfPage\":{\"@id\":\"https:\/\/www.hunimed.eu\/news\/giornata-mondiale-delligiene-delle-mani\/\"},\"wordCount\":701,\"commentCount\":0,\"publisher\":{\"@id\":\"https:\/\/www.hunimed.eu\/#organization\"},\"image\":{\"@id\":\"https:\/\/www.hunimed.eu\/news\/giornata-mondiale-delligiene-delle-mani\/#primaryimage\"},\"thumbnailUrl\":\"https:\/\/www.hunimed.eu\/wp-content\/uploads\/2025\/08\/HUNIMED-News-2025-5.jpg?wsr\",\"articleSection\":[\"Eventi\",\"Mondo Humanitas\"],\"inLanguage\":\"it-IT\"},{\"@type\":\"WebPage\",\"@id\":\"https:\/\/www.hunimed.eu\/news\/giornata-mondiale-delligiene-delle-mani\/\",\"url\":\"https:\/\/www.hunimed.eu\/news\/giornata-mondiale-delligiene-delle-mani\/\",\"name\":\"Giornata mondiale dell\u2019igiene delle mani - Hunimed\",\"isPartOf\":{\"@id\":\"https:\/\/www.hunimed.eu\/#website\"},\"primaryImageOfPage\":{\"@id\":\"https:\/\/www.hunimed.eu\/news\/giornata-mondiale-delligiene-delle-mani\/#primaryimage\"},\"image\":{\"@id\":\"https:\/\/www.hunimed.eu\/news\/giornata-mondiale-delligiene-delle-mani\/#primaryimage\"},\"thumbnailUrl\":\"https:\/\/www.hunimed.eu\/wp-content\/uploads\/2025\/08\/HUNIMED-News-2025-5.jpg?wsr\",\"datePublished\":\"2025-05-05T12:10:49+00:00\",\"dateModified\":\"2025-10-14T03:05:23+00:00\",\"description\":\"Oggi, 5 maggio 2025, si celebra la Giornata Mondiale dell\u2019igiene delle mani, un\u2019iniziativa promossa dall\u2019Organizzazione Mondiale della Sanit\u00e0 per\",\"breadcrumb\":{\"@id\":\"https:\/\/www.hunimed.eu\/news\/giornata-mondiale-delligiene-delle-mani\/#breadcrumb\"},\"inLanguage\":\"it-IT\",\"potentialAction\":[{\"@type\":\"ReadAction\",\"target\":[\"https:\/\/www.hunimed.eu\/news\/giornata-mondiale-delligiene-delle-mani\/\"]}]},{\"@type\":\"ImageObject\",\"inLanguage\":\"it-IT\",\"@id\":\"https:\/\/www.hunimed.eu\/news\/giornata-mondiale-delligiene-delle-mani\/#primaryimage\",\"url\":\"https:\/\/www.hunimed.eu\/wp-content\/uploads\/2025\/08\/HUNIMED-News-2025-5.jpg?wsr\",\"contentUrl\":\"https:\/\/www.hunimed.eu\/wp-content\/uploads\/2025\/08\/HUNIMED-News-2025-5.jpg?wsr\",\"width\":1180,\"height\":600},{\"@type\":\"BreadcrumbList\",\"@id\":\"https:\/\/www.hunimed.eu\/news\/giornata-mondiale-delligiene-delle-mani\/#breadcrumb\",\"itemListElement\":[{\"@type\":\"ListItem\",\"position\":1,\"name\":\"Home\",\"item\":\"https:\/\/www.hunimed.eu\/it\/\"},{\"@type\":\"ListItem\",\"position\":2,\"name\":\"Giornata mondiale dell\u2019igiene delle mani\"}]},{\"@type\":\"WebSite\",\"@id\":\"https:\/\/www.hunimed.eu\/#website\",\"url\":\"https:\/\/www.hunimed.eu\/\",\"name\":\"Hunimed\",\"description\":\"Humanitas University\",\"publisher\":{\"@id\":\"https:\/\/www.hunimed.eu\/#organization\"},\"potentialAction\":[{\"@type\":\"SearchAction\",\"target\":{\"@type\":\"EntryPoint\",\"urlTemplate\":\"https:\/\/www.hunimed.eu\/?s={search_term_string}\"},\"query-input\":{\"@type\":\"PropertyValueSpecification\",\"valueRequired\":true,\"valueName\":\"search_term_string\"}}],\"inLanguage\":\"it-IT\"},{\"@type\":\"Organization\",\"@id\":\"https:\/\/www.hunimed.eu\/#organization\",\"name\":\"Humanitas University\",\"url\":\"https:\/\/www.hunimed.eu\/\",\"logo\":{\"@type\":\"ImageObject\",\"inLanguage\":\"it-IT\",\"@id\":\"https:\/\/www.hunimed.eu\/#\/schema\/logo\/image\/\",\"url\":\"https:\/\/www.hunimed.eu\/wp-content\/uploads\/2025\/06\/Logo.svg?wsr\",\"contentUrl\":\"https:\/\/www.hunimed.eu\/wp-content\/uploads\/2025\/06\/Logo.svg?wsr\",\"caption\":\"Humanitas University\"},\"image\":{\"@id\":\"https:\/\/www.hunimed.eu\/#\/schema\/logo\/image\/\"},\"sameAs\":[\"https:\/\/www.facebook.com\/Hunimed\/\",\"https:\/\/www.linkedin.com\/school\/18280267\/admin\/\"]},{\"@type\":\"Person\",\"@id\":\"https:\/\/www.hunimed.eu\/#\/schema\/person\/e414590fa47a8fde3d814ab0ad9e9ce1\",\"name\":\"Nesho\",\"image\":{\"@type\":\"ImageObject\",\"inLanguage\":\"it-IT\",\"@id\":\"https:\/\/secure.gravatar.com\/avatar\/519043b75237e8f20522026e1c1e6cb9337aa5a6a0c7765f4a8f835e2702116f?s=96&d=mm&r=g\",\"url\":\"https:\/\/secure.gravatar.com\/avatar\/519043b75237e8f20522026e1c1e6cb9337aa5a6a0c7765f4a8f835e2702116f?s=96&d=mm&r=g\",\"contentUrl\":\"https:\/\/secure.gravatar.com\/avatar\/519043b75237e8f20522026e1c1e6cb9337aa5a6a0c7765f4a8f835e2702116f?s=96&d=mm&r=g\",\"caption\":\"Nesho\"},\"description\":\"xx\",\"url\":\"https:\/\/www.hunimed.eu\/it\/news\/author\/nesho\/\"}]}<\/script>\n<!-- \/ Yoast SEO plugin. -->","yoast_head_json":{"title":"Giornata mondiale dell\u2019igiene delle mani - Hunimed","description":"Oggi, 5 maggio 2025, si celebra la Giornata Mondiale dell\u2019igiene delle mani, un\u2019iniziativa promossa dall\u2019Organizzazione Mondiale della Sanit\u00e0 per","robots":{"index":"index","follow":"follow","max-snippet":"max-snippet:-1","max-image-preview":"max-image-preview:large","max-video-preview":"max-video-preview:-1"},"canonical":"https:\/\/www.hunimed.eu\/news\/giornata-mondiale-delligiene-delle-mani\/","og_locale":"it_IT","og_type":"article","og_title":"Giornata mondiale dell\u2019igiene delle mani - Hunimed","og_description":"Oggi, 5 maggio 2025, si celebra la Giornata Mondiale dell\u2019igiene delle mani, un\u2019iniziativa promossa dall\u2019Organizzazione Mondiale della Sanit\u00e0 per","og_url":"https:\/\/www.hunimed.eu\/news\/giornata-mondiale-delligiene-delle-mani\/","og_site_name":"Hunimed","article_publisher":"https:\/\/www.facebook.com\/Hunimed\/","article_published_time":"2025-05-05T12:10:49+00:00","article_modified_time":"2025-10-14T03:05:23+00:00","og_image":[{"width":1180,"height":600,"url":"https:\/\/www.hunimed.eu\/wp-content\/uploads\/2025\/08\/HUNIMED-News-2025-5.jpg","type":"image\/jpeg"}],"author":"Nesho","twitter_card":"summary_large_image","twitter_misc":{"Scritto da":"Nesho","Tempo di lettura stimato":"4 minuti"},"schema":{"@context":"https:\/\/schema.org","@graph":[{"@type":"Article","@id":"https:\/\/www.hunimed.eu\/news\/giornata-mondiale-delligiene-delle-mani\/#article","isPartOf":{"@id":"https:\/\/www.hunimed.eu\/news\/giornata-mondiale-delligiene-delle-mani\/"},"author":{"name":"Nesho","@id":"https:\/\/www.hunimed.eu\/#\/schema\/person\/e414590fa47a8fde3d814ab0ad9e9ce1"},"headline":"Giornata mondiale dell\u2019igiene delle mani","datePublished":"2025-05-05T12:10:49+00:00","dateModified":"2025-10-14T03:05:23+00:00","mainEntityOfPage":{"@id":"https:\/\/www.hunimed.eu\/news\/giornata-mondiale-delligiene-delle-mani\/"},"wordCount":701,"commentCount":0,"publisher":{"@id":"https:\/\/www.hunimed.eu\/#organization"},"image":{"@id":"https:\/\/www.hunimed.eu\/news\/giornata-mondiale-delligiene-delle-mani\/#primaryimage"},"thumbnailUrl":"https:\/\/www.hunimed.eu\/wp-content\/uploads\/2025\/08\/HUNIMED-News-2025-5.jpg?wsr","articleSection":["Eventi","Mondo Humanitas"],"inLanguage":"it-IT"},{"@type":"WebPage","@id":"https:\/\/www.hunimed.eu\/news\/giornata-mondiale-delligiene-delle-mani\/","url":"https:\/\/www.hunimed.eu\/news\/giornata-mondiale-delligiene-delle-mani\/","name":"Giornata mondiale dell\u2019igiene delle mani - Hunimed","isPartOf":{"@id":"https:\/\/www.hunimed.eu\/#website"},"primaryImageOfPage":{"@id":"https:\/\/www.hunimed.eu\/news\/giornata-mondiale-delligiene-delle-mani\/#primaryimage"},"image":{"@id":"https:\/\/www.hunimed.eu\/news\/giornata-mondiale-delligiene-delle-mani\/#primaryimage"},"thumbnailUrl":"https:\/\/www.hunimed.eu\/wp-content\/uploads\/2025\/08\/HUNIMED-News-2025-5.jpg?wsr","datePublished":"2025-05-05T12:10:49+00:00","dateModified":"2025-10-14T03:05:23+00:00","description":"Oggi, 5 maggio 2025, si celebra la Giornata Mondiale dell\u2019igiene delle mani, un\u2019iniziativa promossa dall\u2019Organizzazione Mondiale della Sanit\u00e0 per","breadcrumb":{"@id":"https:\/\/www.hunimed.eu\/news\/giornata-mondiale-delligiene-delle-mani\/#breadcrumb"},"inLanguage":"it-IT","potentialAction":[{"@type":"ReadAction","target":["https:\/\/www.hunimed.eu\/news\/giornata-mondiale-delligiene-delle-mani\/"]}]},{"@type":"ImageObject","inLanguage":"it-IT","@id":"https:\/\/www.hunimed.eu\/news\/giornata-mondiale-delligiene-delle-mani\/#primaryimage","url":"https:\/\/www.hunimed.eu\/wp-content\/uploads\/2025\/08\/HUNIMED-News-2025-5.jpg?wsr","contentUrl":"https:\/\/www.hunimed.eu\/wp-content\/uploads\/2025\/08\/HUNIMED-News-2025-5.jpg?wsr","width":1180,"height":600},{"@type":"BreadcrumbList","@id":"https:\/\/www.hunimed.eu\/news\/giornata-mondiale-delligiene-delle-mani\/#breadcrumb","itemListElement":[{"@type":"ListItem","position":1,"name":"Home","item":"https:\/\/www.hunimed.eu\/it\/"},{"@type":"ListItem","position":2,"name":"Giornata mondiale dell\u2019igiene delle mani"}]},{"@type":"WebSite","@id":"https:\/\/www.hunimed.eu\/#website","url":"https:\/\/www.hunimed.eu\/","name":"Hunimed","description":"Humanitas University","publisher":{"@id":"https:\/\/www.hunimed.eu\/#organization"},"potentialAction":[{"@type":"SearchAction","target":{"@type":"EntryPoint","urlTemplate":"https:\/\/www.hunimed.eu\/?s={search_term_string}"},"query-input":{"@type":"PropertyValueSpecification","valueRequired":true,"valueName":"search_term_string"}}],"inLanguage":"it-IT"},{"@type":"Organization","@id":"https:\/\/www.hunimed.eu\/#organization","name":"Humanitas University","url":"https:\/\/www.hunimed.eu\/","logo":{"@type":"ImageObject","inLanguage":"it-IT","@id":"https:\/\/www.hunimed.eu\/#\/schema\/logo\/image\/","url":"https:\/\/www.hunimed.eu\/wp-content\/uploads\/2025\/06\/Logo.svg?wsr","contentUrl":"https:\/\/www.hunimed.eu\/wp-content\/uploads\/2025\/06\/Logo.svg?wsr","caption":"Humanitas University"},"image":{"@id":"https:\/\/www.hunimed.eu\/#\/schema\/logo\/image\/"},"sameAs":["https:\/\/www.facebook.com\/Hunimed\/","https:\/\/www.linkedin.com\/school\/18280267\/admin\/"]},{"@type":"Person","@id":"https:\/\/www.hunimed.eu\/#\/schema\/person\/e414590fa47a8fde3d814ab0ad9e9ce1","name":"Nesho","image":{"@type":"ImageObject","inLanguage":"it-IT","@id":"https:\/\/secure.gravatar.com\/avatar\/519043b75237e8f20522026e1c1e6cb9337aa5a6a0c7765f4a8f835e2702116f?s=96&d=mm&r=g","url":"https:\/\/secure.gravatar.com\/avatar\/519043b75237e8f20522026e1c1e6cb9337aa5a6a0c7765f4a8f835e2702116f?s=96&d=mm&r=g","contentUrl":"https:\/\/secure.gravatar.com\/avatar\/519043b75237e8f20522026e1c1e6cb9337aa5a6a0c7765f4a8f835e2702116f?s=96&d=mm&r=g","caption":"Nesho"},"description":"xx","url":"https:\/\/www.hunimed.eu\/it\/news\/author\/nesho\/"}]}},"taxonomy_info":{"category":[{"value":2024,"label":"Eventi"},{"value":401,"label":"Mondo Humanitas"}]},"featured_image_src_large":["https:\/\/www.hunimed.eu\/wp-content\/uploads\/2025\/08\/HUNIMED-News-2025-5-1024x521.jpg?wsr",1024,521,true],"author_info":{"display_name":"Nesho","author_link":"https:\/\/www.hunimed.eu\/it\/news\/author\/nesho\/"},"comment_info":"","category_info":[{"term_id":2024,"name":"Eventi","slug":"eventi-4-2","term_group":0,"term_taxonomy_id":2024,"taxonomy":"category","description":"","parent":0,"count":184,"filter":"raw","cat_ID":2024,"category_count":184,"category_description":"","cat_name":"Eventi","category_nicename":"eventi-4-2","category_parent":0},{"term_id":401,"name":"Mondo Humanitas","slug":"mondo-humanitas","term_group":0,"term_taxonomy_id":401,"taxonomy":"category","description":"","parent":0,"count":287,"filter":"raw","cat_ID":401,"category_count":287,"category_description":"","cat_name":"Mondo Humanitas","category_nicename":"mondo-humanitas","category_parent":0}],"tag_info":false,"_links":{"self":[{"href":"https:\/\/www.hunimed.eu\/it\/wp-json\/wp\/v2\/posts\/39435","targetHints":{"allow":["GET"]}}],"collection":[{"href":"https:\/\/www.hunimed.eu\/it\/wp-json\/wp\/v2\/posts"}],"about":[{"href":"https:\/\/www.hunimed.eu\/it\/wp-json\/wp\/v2\/types\/post"}],"author":[{"embeddable":true,"href":"https:\/\/www.hunimed.eu\/it\/wp-json\/wp\/v2\/users\/2"}],"replies":[{"embeddable":true,"href":"https:\/\/www.hunimed.eu\/it\/wp-json\/wp\/v2\/comments?post=39435"}],"version-history":[{"count":1,"href":"https:\/\/www.hunimed.eu\/it\/wp-json\/wp\/v2\/posts\/39435\/revisions"}],"predecessor-version":[{"id":39436,"href":"https:\/\/www.hunimed.eu\/it\/wp-json\/wp\/v2\/posts\/39435\/revisions\/39436"}],"wp:featuredmedia":[{"embeddable":true,"href":"https:\/\/www.hunimed.eu\/it\/wp-json\/wp\/v2\/media\/28140"}],"wp:attachment":[{"href":"https:\/\/www.hunimed.eu\/it\/wp-json\/wp\/v2\/media?parent=39435"}],"wp:term":[{"taxonomy":"category","embeddable":true,"href":"https:\/\/www.hunimed.eu\/it\/wp-json\/wp\/v2\/categories?post=39435"},{"taxonomy":"post_tag","embeddable":true,"href":"https:\/\/www.hunimed.eu\/it\/wp-json\/wp\/v2\/tags?post=39435"}],"curies":[{"name":"wp","href":"https:\/\/api.w.org\/{rel}","templated":true}]}}