{"id":39420,"date":"2025-04-09T07:11:17","date_gmt":"2025-04-09T07:11:17","guid":{"rendered":"https:\/\/www.hunimed.eu\/news\/prof-mario-romano-riceve-la-medaglia-al-merito-della-sanita-pubblica-dal-presidente-mattarella\/"},"modified":"2025-10-14T03:05:04","modified_gmt":"2025-10-14T03:05:04","slug":"prof-mario-romano-riceve-la-medaglia-al-merito-della-sanita-pubblica-dal-presidente-mattarella","status":"publish","type":"post","link":"https:\/\/www.hunimed.eu\/it\/news\/prof-mario-romano-riceve-la-medaglia-al-merito-della-sanita-pubblica-dal-presidente-mattarella\/","title":{"rendered":"Il prof. Mario Romano riceve la Medaglia al Merito della Sanit\u00e0 Pubblica dal Presidente Mattarella"},"content":{"rendered":"\n<p>Il professor <a href=\"https:\/\/www.hunimed.eu\/it\/member\/mario-romano\/\">Mario Romano<\/a> \u2013 responsabile del Dipartimento di Oculistica di Humanitas Gavazzeni e Castelli di Bergamo e direttore della Scuola di Specializzazione in Oftalmologia di Humanitas University \u2013 ha ricevuto la Medaglia al Merito della Sanit\u00e0 Pubblica.<\/p>\n\n\n\n<p>Il riconoscimento gli \u00e8 stato conferito ieri, in occasione della Giornata Mondiale della Salute, durante la cerimonia al Quirinale a Roma. L&#8217;evento, che ha celebrato la giornata con il motto \u201cUn inizio sano, un futuro pieno di speranza\u201d scelto dall\u2019Organizzazione Mondiale della Sanit\u00e0, ha visto la partecipazione del Presidente della Repubblica, Sergio Mattarella, e del Ministro della Salute, Orazio Schillaci.<\/p>\n\n\n\n<p>Durante la cerimonia, il Professor Romano \u00e8 stato premiato per il suo impegno e la sua dedizione nel campo dell&#8217;oftalmologia, sia nella ricerca che nell&#8217;assistenza clinica oltre che per l&#8217;impegno instancabile durante la drammatica emergenza pandemica. Un&#8217;importante attestazione di stima per il suo operato al servizio dei pazienti.<\/p>\n\n\n\n<p>Questa la motivazione:<\/p>\n\n\n\n<p>\u201cProf. Mario Romano: Chirurgo oculare del segmento anteriore e posteriore dell\u2019occhio presso l\u2019Humanitas University di Rozzano; nel corso della drammatica emergenza pandemica ha dispensato, senza esitazione e al limite della resistenza fisica, il suo aiuto nei confronti dei malati, soprattutto quelli pi\u00f9 fragili, trascurando anche i propri affetti personali\u201d.<\/p>\n\n\n\n<p>Il Professor Romano ha cos\u00ec commentato il prestigioso riconoscimento: \u00abEsprimo profonda gratitudine per questo premio, che dedico ai miei colleghi con cui ogni giorno condivido il lavoro professionale e, soprattutto, ai pazienti, la cui fiducia \u00e8 per me fonte di ispirazione e motivazione costante\u00bb.<\/p>\n\n\n\n<figure class=\"wp-block-image size-large\"><img decoding=\"async\" src=\"https:\/\/www.hunimed.eu\/wp-content\/uploads\/2025\/08\/Romano_Mattarella_7aprile2025_2.jpg\" alt=\"\" class=\"wp-image-40197\"\/><\/figure>\n\n\n\n<h3 class=\"wp-block-heading\"><strong><u>Il Professor Mario Romano: medico, sportivo e impegnato nel sociale<\/u><\/strong><\/h3>\n\n\n\n<p>Il Professor Mario Romano, medico e ricercatore di eccellenza nel campo dell\u2019oculistica, non si limita solo alla sua attivit\u00e0 professionale e accademica. Docente presso Humanitas University, si distingue anche come sportivo di alto livello, con un impegno che riflette la stessa dedizione che applica nella sua carriera medica.<\/p>\n\n\n\n<p>Oltre a ci\u00f2, il Professor Romano \u00e8 profondamente coinvolto in attivit\u00e0 sociali: \u00e8 membro del consiglio direttivo di CBM Italia, un\u2019organizzazione umanitaria che si occupa della prevenzione e della cura della cecit\u00e0 e delle disabilit\u00e0 evitabili. L\u2019organizzazione lavora anche per promuovere l\u2019inclusione delle persone con disabilit\u00e0, sia nel Sud del mondo che in Italia, contribuendo a migliorare la qualit\u00e0 della vita di chi vive in situazioni di difficolt\u00e0.<\/p>\n\n\n\n<p>Un esempio di impegno a 360 gradi, che spazia dalla medicina allo sport e all\u2019aiuto umanitario, sempre con la volont\u00e0 di fare la differenza.<\/p>\n\n\n\n<p>Lo scorso anno aveva inoltre ottenuto l\u2019onorificenza di Cavaliere dell\u2019Ordine al Merito della Repubblica Italiana.<\/p>\n\n\n\n<h3 class=\"wp-block-heading\"><strong><u>La Medaglia al Merito della Sanit\u00e0 Pubblica<\/u><\/strong><\/h3>\n\n\n\n<p>La Medaglia al Merito della Sanit\u00e0 Pubblica \u00e8 un\u2019importante onorificenza italiana, conferita a chi si \u00e8 distinto per meriti straordinari nel miglioramento della salute pubblica. Questo riconoscimento viene assegnato a professionisti, enti e istituzioni che hanno contribuito in modo significativo alla salute della collettivit\u00e0, spesso affrontando sfide difficili e situazioni di emergenza.<\/p>\n","protected":false},"excerpt":{"rendered":"<p>Il professor Mario Romano \u2013 responsabile del Dipartimento di Oculistica di Humanitas Gavazzeni e Castelli di Bergamo e direttore della Scuola di Specializzazione in Oftalmologia di Humanitas University \u2013 ha ricevuto la Medaglia al Merito della Sanit\u00e0 Pubblica. Il riconoscimento gli \u00e8 stato conferito ieri, in occasione della Giornata Mondiale della Salute, durante la cerimonia [&hellip;]<\/p>\n","protected":false},"author":2,"featured_media":27994,"comment_status":"open","ping_status":"open","sticky":false,"template":"","format":"standard","meta":{"_acf_changed":false,"_kad_blocks_custom_css":"","_kad_blocks_head_custom_js":"","_kad_blocks_body_custom_js":"","_kad_blocks_footer_custom_js":"","footnotes":""},"categories":[2024,401],"tags":[],"class_list":["post-39420","post","type-post","status-publish","format-standard","has-post-thumbnail","hentry","category-eventi-4-2","category-mondo-humanitas"],"acf":[],"yoast_head":"<!-- This site is optimized with the Yoast SEO plugin v27.2 - https:\/\/yoast.com\/product\/yoast-seo-wordpress\/ -->\n<title>Il prof. Mario Romano riceve la Medaglia al Merito della Sanit\u00e0 Pubblica dal Presidente Mattarella - Hunimed<\/title>\n<meta name=\"description\" content=\"Il professor Mario Romano \u2013 responsabile del Dipartimento di Oculistica di Humanitas Gavazzeni e Castelli di Bergamo e direttore della Scuola di\" \/>\n<meta name=\"robots\" content=\"index, follow, max-snippet:-1, max-image-preview:large, max-video-preview:-1\" \/>\n<link rel=\"canonical\" href=\"https:\/\/www.hunimed.eu\/news\/prof-mario-romano-riceve-la-medaglia-al-merito-della-sanita-pubblica-dal-presidente-mattarella\/\" \/>\n<meta property=\"og:locale\" content=\"it_IT\" \/>\n<meta property=\"og:type\" content=\"article\" \/>\n<meta property=\"og:title\" content=\"Il prof. Mario Romano riceve la Medaglia al Merito della Sanit\u00e0 Pubblica dal Presidente Mattarella - Hunimed\" \/>\n<meta property=\"og:description\" content=\"Il professor Mario Romano \u2013 responsabile del Dipartimento di Oculistica di Humanitas Gavazzeni e Castelli di Bergamo e direttore della Scuola di\" \/>\n<meta property=\"og:url\" content=\"https:\/\/www.hunimed.eu\/news\/prof-mario-romano-riceve-la-medaglia-al-merito-della-sanita-pubblica-dal-presidente-mattarella\/\" \/>\n<meta property=\"og:site_name\" content=\"Hunimed\" \/>\n<meta property=\"article:publisher\" content=\"https:\/\/www.facebook.com\/Hunimed\/\" \/>\n<meta property=\"article:published_time\" content=\"2025-04-09T07:11:17+00:00\" \/>\n<meta property=\"article:modified_time\" content=\"2025-10-14T03:05:04+00:00\" \/>\n<meta property=\"og:image\" content=\"https:\/\/www.hunimed.eu\/wp-content\/uploads\/2025\/08\/HUNIMED-News-2025.jpg\" \/>\n\t<meta property=\"og:image:width\" content=\"1180\" \/>\n\t<meta property=\"og:image:height\" content=\"600\" \/>\n\t<meta property=\"og:image:type\" content=\"image\/jpeg\" \/>\n<meta name=\"author\" content=\"Nesho\" \/>\n<meta name=\"twitter:card\" content=\"summary_large_image\" \/>\n<meta name=\"twitter:label1\" content=\"Scritto da\" \/>\n\t<meta name=\"twitter:data1\" content=\"Nesho\" \/>\n\t<meta name=\"twitter:label2\" content=\"Tempo di lettura stimato\" \/>\n\t<meta name=\"twitter:data2\" content=\"3 minuti\" \/>\n<script type=\"application\/ld+json\" class=\"yoast-schema-graph\">{\"@context\":\"https:\/\/schema.org\",\"@graph\":[{\"@type\":\"Article\",\"@id\":\"https:\/\/www.hunimed.eu\/news\/prof-mario-romano-riceve-la-medaglia-al-merito-della-sanita-pubblica-dal-presidente-mattarella\/#article\",\"isPartOf\":{\"@id\":\"https:\/\/www.hunimed.eu\/news\/prof-mario-romano-riceve-la-medaglia-al-merito-della-sanita-pubblica-dal-presidente-mattarella\/\"},\"author\":{\"name\":\"Nesho\",\"@id\":\"https:\/\/www.hunimed.eu\/#\/schema\/person\/e414590fa47a8fde3d814ab0ad9e9ce1\"},\"headline\":\"Il prof. Mario Romano riceve la Medaglia al Merito della Sanit\u00e0 Pubblica dal Presidente Mattarella\",\"datePublished\":\"2025-04-09T07:11:17+00:00\",\"dateModified\":\"2025-10-14T03:05:04+00:00\",\"mainEntityOfPage\":{\"@id\":\"https:\/\/www.hunimed.eu\/news\/prof-mario-romano-riceve-la-medaglia-al-merito-della-sanita-pubblica-dal-presidente-mattarella\/\"},\"wordCount\":487,\"commentCount\":0,\"publisher\":{\"@id\":\"https:\/\/www.hunimed.eu\/#organization\"},\"image\":{\"@id\":\"https:\/\/www.hunimed.eu\/news\/prof-mario-romano-riceve-la-medaglia-al-merito-della-sanita-pubblica-dal-presidente-mattarella\/#primaryimage\"},\"thumbnailUrl\":\"https:\/\/www.hunimed.eu\/wp-content\/uploads\/2025\/08\/HUNIMED-News-2025.jpg?wsr\",\"articleSection\":[\"Eventi\",\"Mondo Humanitas\"],\"inLanguage\":\"it-IT\"},{\"@type\":\"WebPage\",\"@id\":\"https:\/\/www.hunimed.eu\/news\/prof-mario-romano-riceve-la-medaglia-al-merito-della-sanita-pubblica-dal-presidente-mattarella\/\",\"url\":\"https:\/\/www.hunimed.eu\/news\/prof-mario-romano-riceve-la-medaglia-al-merito-della-sanita-pubblica-dal-presidente-mattarella\/\",\"name\":\"Il prof. Mario Romano riceve la Medaglia al Merito della Sanit\u00e0 Pubblica dal Presidente Mattarella - Hunimed\",\"isPartOf\":{\"@id\":\"https:\/\/www.hunimed.eu\/#website\"},\"primaryImageOfPage\":{\"@id\":\"https:\/\/www.hunimed.eu\/news\/prof-mario-romano-riceve-la-medaglia-al-merito-della-sanita-pubblica-dal-presidente-mattarella\/#primaryimage\"},\"image\":{\"@id\":\"https:\/\/www.hunimed.eu\/news\/prof-mario-romano-riceve-la-medaglia-al-merito-della-sanita-pubblica-dal-presidente-mattarella\/#primaryimage\"},\"thumbnailUrl\":\"https:\/\/www.hunimed.eu\/wp-content\/uploads\/2025\/08\/HUNIMED-News-2025.jpg?wsr\",\"datePublished\":\"2025-04-09T07:11:17+00:00\",\"dateModified\":\"2025-10-14T03:05:04+00:00\",\"description\":\"Il professor Mario Romano \u2013 responsabile del Dipartimento di Oculistica di Humanitas Gavazzeni e Castelli di Bergamo e direttore della Scuola di\",\"breadcrumb\":{\"@id\":\"https:\/\/www.hunimed.eu\/news\/prof-mario-romano-riceve-la-medaglia-al-merito-della-sanita-pubblica-dal-presidente-mattarella\/#breadcrumb\"},\"inLanguage\":\"it-IT\",\"potentialAction\":[{\"@type\":\"ReadAction\",\"target\":[\"https:\/\/www.hunimed.eu\/news\/prof-mario-romano-riceve-la-medaglia-al-merito-della-sanita-pubblica-dal-presidente-mattarella\/\"]}]},{\"@type\":\"ImageObject\",\"inLanguage\":\"it-IT\",\"@id\":\"https:\/\/www.hunimed.eu\/news\/prof-mario-romano-riceve-la-medaglia-al-merito-della-sanita-pubblica-dal-presidente-mattarella\/#primaryimage\",\"url\":\"https:\/\/www.hunimed.eu\/wp-content\/uploads\/2025\/08\/HUNIMED-News-2025.jpg?wsr\",\"contentUrl\":\"https:\/\/www.hunimed.eu\/wp-content\/uploads\/2025\/08\/HUNIMED-News-2025.jpg?wsr\",\"width\":1180,\"height\":600},{\"@type\":\"BreadcrumbList\",\"@id\":\"https:\/\/www.hunimed.eu\/news\/prof-mario-romano-riceve-la-medaglia-al-merito-della-sanita-pubblica-dal-presidente-mattarella\/#breadcrumb\",\"itemListElement\":[{\"@type\":\"ListItem\",\"position\":1,\"name\":\"Home\",\"item\":\"https:\/\/www.hunimed.eu\/it\/\"},{\"@type\":\"ListItem\",\"position\":2,\"name\":\"Il prof. Mario Romano riceve la Medaglia al Merito della Sanit\u00e0 Pubblica dal Presidente Mattarella\"}]},{\"@type\":\"WebSite\",\"@id\":\"https:\/\/www.hunimed.eu\/#website\",\"url\":\"https:\/\/www.hunimed.eu\/\",\"name\":\"Hunimed\",\"description\":\"Humanitas University\",\"publisher\":{\"@id\":\"https:\/\/www.hunimed.eu\/#organization\"},\"potentialAction\":[{\"@type\":\"SearchAction\",\"target\":{\"@type\":\"EntryPoint\",\"urlTemplate\":\"https:\/\/www.hunimed.eu\/?s={search_term_string}\"},\"query-input\":{\"@type\":\"PropertyValueSpecification\",\"valueRequired\":true,\"valueName\":\"search_term_string\"}}],\"inLanguage\":\"it-IT\"},{\"@type\":\"Organization\",\"@id\":\"https:\/\/www.hunimed.eu\/#organization\",\"name\":\"Humanitas University\",\"url\":\"https:\/\/www.hunimed.eu\/\",\"logo\":{\"@type\":\"ImageObject\",\"inLanguage\":\"it-IT\",\"@id\":\"https:\/\/www.hunimed.eu\/#\/schema\/logo\/image\/\",\"url\":\"https:\/\/www.hunimed.eu\/wp-content\/uploads\/2025\/06\/Logo.svg?wsr\",\"contentUrl\":\"https:\/\/www.hunimed.eu\/wp-content\/uploads\/2025\/06\/Logo.svg?wsr\",\"caption\":\"Humanitas University\"},\"image\":{\"@id\":\"https:\/\/www.hunimed.eu\/#\/schema\/logo\/image\/\"},\"sameAs\":[\"https:\/\/www.facebook.com\/Hunimed\/\",\"https:\/\/www.linkedin.com\/school\/18280267\/admin\/\"]},{\"@type\":\"Person\",\"@id\":\"https:\/\/www.hunimed.eu\/#\/schema\/person\/e414590fa47a8fde3d814ab0ad9e9ce1\",\"name\":\"Nesho\",\"image\":{\"@type\":\"ImageObject\",\"inLanguage\":\"it-IT\",\"@id\":\"https:\/\/secure.gravatar.com\/avatar\/519043b75237e8f20522026e1c1e6cb9337aa5a6a0c7765f4a8f835e2702116f?s=96&d=mm&r=g\",\"url\":\"https:\/\/secure.gravatar.com\/avatar\/519043b75237e8f20522026e1c1e6cb9337aa5a6a0c7765f4a8f835e2702116f?s=96&d=mm&r=g\",\"contentUrl\":\"https:\/\/secure.gravatar.com\/avatar\/519043b75237e8f20522026e1c1e6cb9337aa5a6a0c7765f4a8f835e2702116f?s=96&d=mm&r=g\",\"caption\":\"Nesho\"},\"description\":\"xx\",\"url\":\"https:\/\/www.hunimed.eu\/it\/news\/author\/nesho\/\"}]}<\/script>\n<!-- \/ Yoast SEO plugin. -->","yoast_head_json":{"title":"Il prof. Mario Romano riceve la Medaglia al Merito della Sanit\u00e0 Pubblica dal Presidente Mattarella - Hunimed","description":"Il professor Mario Romano \u2013 responsabile del Dipartimento di Oculistica di Humanitas Gavazzeni e Castelli di Bergamo e direttore della Scuola di","robots":{"index":"index","follow":"follow","max-snippet":"max-snippet:-1","max-image-preview":"max-image-preview:large","max-video-preview":"max-video-preview:-1"},"canonical":"https:\/\/www.hunimed.eu\/news\/prof-mario-romano-riceve-la-medaglia-al-merito-della-sanita-pubblica-dal-presidente-mattarella\/","og_locale":"it_IT","og_type":"article","og_title":"Il prof. Mario Romano riceve la Medaglia al Merito della Sanit\u00e0 Pubblica dal Presidente Mattarella - Hunimed","og_description":"Il professor Mario Romano \u2013 responsabile del Dipartimento di Oculistica di Humanitas Gavazzeni e Castelli di Bergamo e direttore della Scuola di","og_url":"https:\/\/www.hunimed.eu\/news\/prof-mario-romano-riceve-la-medaglia-al-merito-della-sanita-pubblica-dal-presidente-mattarella\/","og_site_name":"Hunimed","article_publisher":"https:\/\/www.facebook.com\/Hunimed\/","article_published_time":"2025-04-09T07:11:17+00:00","article_modified_time":"2025-10-14T03:05:04+00:00","og_image":[{"width":1180,"height":600,"url":"https:\/\/www.hunimed.eu\/wp-content\/uploads\/2025\/08\/HUNIMED-News-2025.jpg","type":"image\/jpeg"}],"author":"Nesho","twitter_card":"summary_large_image","twitter_misc":{"Scritto da":"Nesho","Tempo di lettura stimato":"3 minuti"},"schema":{"@context":"https:\/\/schema.org","@graph":[{"@type":"Article","@id":"https:\/\/www.hunimed.eu\/news\/prof-mario-romano-riceve-la-medaglia-al-merito-della-sanita-pubblica-dal-presidente-mattarella\/#article","isPartOf":{"@id":"https:\/\/www.hunimed.eu\/news\/prof-mario-romano-riceve-la-medaglia-al-merito-della-sanita-pubblica-dal-presidente-mattarella\/"},"author":{"name":"Nesho","@id":"https:\/\/www.hunimed.eu\/#\/schema\/person\/e414590fa47a8fde3d814ab0ad9e9ce1"},"headline":"Il prof. Mario Romano riceve la Medaglia al Merito della Sanit\u00e0 Pubblica dal Presidente Mattarella","datePublished":"2025-04-09T07:11:17+00:00","dateModified":"2025-10-14T03:05:04+00:00","mainEntityOfPage":{"@id":"https:\/\/www.hunimed.eu\/news\/prof-mario-romano-riceve-la-medaglia-al-merito-della-sanita-pubblica-dal-presidente-mattarella\/"},"wordCount":487,"commentCount":0,"publisher":{"@id":"https:\/\/www.hunimed.eu\/#organization"},"image":{"@id":"https:\/\/www.hunimed.eu\/news\/prof-mario-romano-riceve-la-medaglia-al-merito-della-sanita-pubblica-dal-presidente-mattarella\/#primaryimage"},"thumbnailUrl":"https:\/\/www.hunimed.eu\/wp-content\/uploads\/2025\/08\/HUNIMED-News-2025.jpg?wsr","articleSection":["Eventi","Mondo Humanitas"],"inLanguage":"it-IT"},{"@type":"WebPage","@id":"https:\/\/www.hunimed.eu\/news\/prof-mario-romano-riceve-la-medaglia-al-merito-della-sanita-pubblica-dal-presidente-mattarella\/","url":"https:\/\/www.hunimed.eu\/news\/prof-mario-romano-riceve-la-medaglia-al-merito-della-sanita-pubblica-dal-presidente-mattarella\/","name":"Il prof. Mario Romano riceve la Medaglia al Merito della Sanit\u00e0 Pubblica dal Presidente Mattarella - Hunimed","isPartOf":{"@id":"https:\/\/www.hunimed.eu\/#website"},"primaryImageOfPage":{"@id":"https:\/\/www.hunimed.eu\/news\/prof-mario-romano-riceve-la-medaglia-al-merito-della-sanita-pubblica-dal-presidente-mattarella\/#primaryimage"},"image":{"@id":"https:\/\/www.hunimed.eu\/news\/prof-mario-romano-riceve-la-medaglia-al-merito-della-sanita-pubblica-dal-presidente-mattarella\/#primaryimage"},"thumbnailUrl":"https:\/\/www.hunimed.eu\/wp-content\/uploads\/2025\/08\/HUNIMED-News-2025.jpg?wsr","datePublished":"2025-04-09T07:11:17+00:00","dateModified":"2025-10-14T03:05:04+00:00","description":"Il professor Mario Romano \u2013 responsabile del Dipartimento di Oculistica di Humanitas Gavazzeni e Castelli di Bergamo e direttore della Scuola di","breadcrumb":{"@id":"https:\/\/www.hunimed.eu\/news\/prof-mario-romano-riceve-la-medaglia-al-merito-della-sanita-pubblica-dal-presidente-mattarella\/#breadcrumb"},"inLanguage":"it-IT","potentialAction":[{"@type":"ReadAction","target":["https:\/\/www.hunimed.eu\/news\/prof-mario-romano-riceve-la-medaglia-al-merito-della-sanita-pubblica-dal-presidente-mattarella\/"]}]},{"@type":"ImageObject","inLanguage":"it-IT","@id":"https:\/\/www.hunimed.eu\/news\/prof-mario-romano-riceve-la-medaglia-al-merito-della-sanita-pubblica-dal-presidente-mattarella\/#primaryimage","url":"https:\/\/www.hunimed.eu\/wp-content\/uploads\/2025\/08\/HUNIMED-News-2025.jpg?wsr","contentUrl":"https:\/\/www.hunimed.eu\/wp-content\/uploads\/2025\/08\/HUNIMED-News-2025.jpg?wsr","width":1180,"height":600},{"@type":"BreadcrumbList","@id":"https:\/\/www.hunimed.eu\/news\/prof-mario-romano-riceve-la-medaglia-al-merito-della-sanita-pubblica-dal-presidente-mattarella\/#breadcrumb","itemListElement":[{"@type":"ListItem","position":1,"name":"Home","item":"https:\/\/www.hunimed.eu\/it\/"},{"@type":"ListItem","position":2,"name":"Il prof. Mario Romano riceve la Medaglia al Merito della Sanit\u00e0 Pubblica dal Presidente Mattarella"}]},{"@type":"WebSite","@id":"https:\/\/www.hunimed.eu\/#website","url":"https:\/\/www.hunimed.eu\/","name":"Hunimed","description":"Humanitas University","publisher":{"@id":"https:\/\/www.hunimed.eu\/#organization"},"potentialAction":[{"@type":"SearchAction","target":{"@type":"EntryPoint","urlTemplate":"https:\/\/www.hunimed.eu\/?s={search_term_string}"},"query-input":{"@type":"PropertyValueSpecification","valueRequired":true,"valueName":"search_term_string"}}],"inLanguage":"it-IT"},{"@type":"Organization","@id":"https:\/\/www.hunimed.eu\/#organization","name":"Humanitas University","url":"https:\/\/www.hunimed.eu\/","logo":{"@type":"ImageObject","inLanguage":"it-IT","@id":"https:\/\/www.hunimed.eu\/#\/schema\/logo\/image\/","url":"https:\/\/www.hunimed.eu\/wp-content\/uploads\/2025\/06\/Logo.svg?wsr","contentUrl":"https:\/\/www.hunimed.eu\/wp-content\/uploads\/2025\/06\/Logo.svg?wsr","caption":"Humanitas University"},"image":{"@id":"https:\/\/www.hunimed.eu\/#\/schema\/logo\/image\/"},"sameAs":["https:\/\/www.facebook.com\/Hunimed\/","https:\/\/www.linkedin.com\/school\/18280267\/admin\/"]},{"@type":"Person","@id":"https:\/\/www.hunimed.eu\/#\/schema\/person\/e414590fa47a8fde3d814ab0ad9e9ce1","name":"Nesho","image":{"@type":"ImageObject","inLanguage":"it-IT","@id":"https:\/\/secure.gravatar.com\/avatar\/519043b75237e8f20522026e1c1e6cb9337aa5a6a0c7765f4a8f835e2702116f?s=96&d=mm&r=g","url":"https:\/\/secure.gravatar.com\/avatar\/519043b75237e8f20522026e1c1e6cb9337aa5a6a0c7765f4a8f835e2702116f?s=96&d=mm&r=g","contentUrl":"https:\/\/secure.gravatar.com\/avatar\/519043b75237e8f20522026e1c1e6cb9337aa5a6a0c7765f4a8f835e2702116f?s=96&d=mm&r=g","caption":"Nesho"},"description":"xx","url":"https:\/\/www.hunimed.eu\/it\/news\/author\/nesho\/"}]}},"taxonomy_info":{"category":[{"value":2024,"label":"Eventi"},{"value":401,"label":"Mondo Humanitas"}]},"featured_image_src_large":["https:\/\/www.hunimed.eu\/wp-content\/uploads\/2025\/08\/HUNIMED-News-2025-1024x521.jpg?wsr",1024,521,true],"author_info":{"display_name":"Nesho","author_link":"https:\/\/www.hunimed.eu\/it\/news\/author\/nesho\/"},"comment_info":"","category_info":[{"term_id":2024,"name":"Eventi","slug":"eventi-4-2","term_group":0,"term_taxonomy_id":2024,"taxonomy":"category","description":"","parent":0,"count":184,"filter":"raw","cat_ID":2024,"category_count":184,"category_description":"","cat_name":"Eventi","category_nicename":"eventi-4-2","category_parent":0},{"term_id":401,"name":"Mondo Humanitas","slug":"mondo-humanitas","term_group":0,"term_taxonomy_id":401,"taxonomy":"category","description":"","parent":0,"count":287,"filter":"raw","cat_ID":401,"category_count":287,"category_description":"","cat_name":"Mondo Humanitas","category_nicename":"mondo-humanitas","category_parent":0}],"tag_info":false,"_links":{"self":[{"href":"https:\/\/www.hunimed.eu\/it\/wp-json\/wp\/v2\/posts\/39420","targetHints":{"allow":["GET"]}}],"collection":[{"href":"https:\/\/www.hunimed.eu\/it\/wp-json\/wp\/v2\/posts"}],"about":[{"href":"https:\/\/www.hunimed.eu\/it\/wp-json\/wp\/v2\/types\/post"}],"author":[{"embeddable":true,"href":"https:\/\/www.hunimed.eu\/it\/wp-json\/wp\/v2\/users\/2"}],"replies":[{"embeddable":true,"href":"https:\/\/www.hunimed.eu\/it\/wp-json\/wp\/v2\/comments?post=39420"}],"version-history":[{"count":1,"href":"https:\/\/www.hunimed.eu\/it\/wp-json\/wp\/v2\/posts\/39420\/revisions"}],"predecessor-version":[{"id":39421,"href":"https:\/\/www.hunimed.eu\/it\/wp-json\/wp\/v2\/posts\/39420\/revisions\/39421"}],"wp:featuredmedia":[{"embeddable":true,"href":"https:\/\/www.hunimed.eu\/it\/wp-json\/wp\/v2\/media\/27994"}],"wp:attachment":[{"href":"https:\/\/www.hunimed.eu\/it\/wp-json\/wp\/v2\/media?parent=39420"}],"wp:term":[{"taxonomy":"category","embeddable":true,"href":"https:\/\/www.hunimed.eu\/it\/wp-json\/wp\/v2\/categories?post=39420"},{"taxonomy":"post_tag","embeddable":true,"href":"https:\/\/www.hunimed.eu\/it\/wp-json\/wp\/v2\/tags?post=39420"}],"curies":[{"name":"wp","href":"https:\/\/api.w.org\/{rel}","templated":true}]}}