{"id":39359,"date":"2024-11-26T14:45:19","date_gmt":"2024-11-26T14:45:19","guid":{"rendered":"https:\/\/www.hunimed.eu\/news\/discorso-di-apertura-del-prof-luigi-maria-terracciano-per-linaugurazione-dellanno-accademico-2024-2025\/"},"modified":"2025-10-14T03:39:44","modified_gmt":"2025-10-14T03:39:44","slug":"discorso-di-apertura-del-prof-luigi-maria-terracciano-per-linaugurazione-dellanno-accademico-2024","status":"publish","type":"post","link":"https:\/\/www.hunimed.eu\/it\/news\/discorso-di-apertura-del-prof-luigi-maria-terracciano-per-linaugurazione-dellanno-accademico-2024\/","title":{"rendered":"Discorso di apertura del prof. Luigi Maria Terracciano per l\u2019Inaugurazione dell\u2019Anno Accademico 2024\/2025"},"content":{"rendered":"\n<p>Un caloroso benvenuto alla cerimonia di inaugurazione dell\u2019Anno Accademico 2024\/2025 di Humanitas University.<\/p>\n\n\n\n<p>Un sincero e particolare ringraziamento al Ministro dell\u2019Universit\u00e0 e della Ricerca, la Senatrice Anna Maria Bernini, per aver voluto onorare questa cerimonia con la sua presenza.<\/p>\n\n\n\n<p>Saluto le Istituzioni presenti: il Sindaco di Pieve Emanuele e il Sindaco di Milano, l\u2019Assessore Fermi della Regione Lombardia, cos\u00ec come tutte le Autorit\u00e0 Accademiche, Civili, Militari e Religiose. Colgo l\u2019occasione per ricordare con particolare commozione il sindaco di Rozzano, Gianni Ferretti, scomparso alcuni giorni fa e che negli anni ha dimostrato non solo di essere un ottimo amministratore, ma anche un uomo delle istituzioni e un amico di tutta la comunit\u00e0 Humanitas.<\/p>\n\n\n\n<p>Sono altres\u00ec lieto di accogliere qui oggi i Rettori e i Delegati Rettorali presenti, sottolineando il senso di appartenenza che ci unisce come comunit\u00e0 CRUI.<\/p>\n\n\n\n<p>Rivolgo poi un cordiale saluto e un ringraziamento ai Pro-Rettori e ai Delegati Rettorali dell\u2019Ateneo, per il costante, efficace e amichevole sostegno che mi assicurano quotidianamente nell\u2019assolvimento dei miei compiti.<br>Saluto e ringrazio, come sempre, il Direttore Scientifico, Prof. Alberto Mantovani, cos\u00ec come i colleghi docenti, il personale tecnico amministrativo e, con particolare affetto, le studentesse e gli studenti.<\/p>\n\n\n\n<p>In particolare desidero ringraziare tutti i presenti e tutti coloro che hanno lavorato per questa giornata, presenze che non si vedono ma che sono sempre essenziali.<\/p>\n\n\n\n<p>Nel mio intervento di inaugurazione dello scorso anno accademico avevo parlato di un anno reso particolare dalla presenza nel mondo dell\u2019ombra cupa di un\u2019ulteriore guerra. Le universit\u00e0 sono state attraversate da ondate di protesta e fortemente coinvolte, spesso in modo strumentale, nelle dinamiche di questi conflitti, soprattutto in quello israelo-palestinese, con momenti di forte tensione al loro interno e che hanno messo in discussione valori importanti quali l\u2019autonomia, l\u2019indipendenza e la libert\u00e0 accademica.<\/p>\n\n\n\n<p>In questi tempi di incertezza e crisi, si \u00e8 ribadito il ruolo fondamentale del libero pensiero delle universit\u00e0 per la costruzione di comunit\u00e0 stabili e autonome, dove l\u2019educazione non \u00e8 solo la trasmissione di conoscenze, ma anche un esercizio costante del dialogo, dell\u2019inclusione e dello scambio culturale tra i vari saperi.<\/p>\n\n\n\n<p>Per citare il Presidente Mattarella, da un millennio le Universit\u00e0 sono la sede del libero confronto, del libero dibattito, del dialogo e della libert\u00e0 di critica. Un\u2019Universit\u00e0 per\u00f2 non \u00e8 istituzione avulsa dal mondo circostante ed impermeabile agli sconvolgimenti ed accadimenti internazionali.<\/p>\n\n\n\n<p>Il suo scopo \u00e8 perseguire la verit\u00e0: in tale ricerca, l\u2019Universit\u00e0 come istituzione non pu\u00f2 mai essere neutrale, perch\u00e9 crediamo nel valore della ricerca della verit\u00e0 attraverso l\u2019indagine aperta, il dibattito e la valutazione delle prove, in contrapposizione alla semplice presa di posizione immediata e istintiva o alla convinzione puramente ideologica.<\/p>\n\n\n\n<p>Ci\u00f2 che consideriamo come verit\u00e0 varia nei diversi ambiti, dalla fisica alla poesia, cos\u00ec come i metodi che utilizziamo per ricercarla, che includono l\u2019esperimento, l\u2019interpretazione, il ragionamento e l\u2019immaginazione creativa. Ma non importa l\u2019ambito o il metodo: le idee nell\u2019universit\u00e0 sono sempre soggette a sfida, riconsiderazione e revisione alla luce di nuove prove e nuove domande, secondo i metodi e gli standard che emergono dall\u2019esperienza delle discipline accademiche. Attraverso questa attivit\u00e0, l\u2019Universit\u00e0 svolge il ruolo sociale cruciale di contribuire alla conoscenza e trasmetterla alla generazione successiva.<\/p>\n\n\n\n<p>L\u2019autonomia e la libert\u00e0 accademica vanno sempre difese quando minacciate \u2013 se, ad esempio, forze esterne cercano di determinare quali studenti l\u2019universit\u00e0 pu\u00f2 ammettere, quali materie pu\u00f2 insegnare o quale ricerca sostenere \u2013 comunicando in ogni caso il valore delle attivit\u00e0 centrali dell\u2019universit\u00e0.<\/p>\n\n\n\n<p>In quanto Universit\u00e0 la cui vocazione \u00e8 formare professionisti della salute e della cura delle persone, abbiamo ritenuto nostro dovere offrire ai nostri studenti e specializzandi alcuni momenti di approfondimento e formazione sulla medicina di guerra e di catastrofi, invitando a parlare medici e infermieri che hanno portato la loro competenza per soccorrere le popolazioni afflitte da guerre e calamit\u00e0. Abbiamo cos\u00ec ribadito che la nostra vocazione \u00e8 la cura di chi \u00e8 nel bisogno, senza guardare al colore della bandiera o della divisa che indossa.<a><\/a><\/p>\n\n\n\n<p>Per dare vita e linfa continua ad un\u2019Universit\u00e0 intesa principalmente come comunit\u00e0 credo sia importante sottolineare alcune parole chiave che sottendono questa nostra visione di un\u2019accademia moderna e proiettata nel futuro. Ed \u00e8 attorno a queste parole che proceder\u00e0 la mia relazione.<\/p>\n\n\n\n<p>Nel suo recente testo \u201cUniversit\u00e0 generativa\u201d, Andrea Prencipe collega il termine \u201cinnovare\u201d al verbo latino <em>invenire<\/em>, parola dal doppio significato: il ritrovamento del passato, con lo sguardo rivolto cio\u00e8 alla tradizione; e nello stesso tempo la scoperta di qualcosa di inedito e mai conosciuto prima e pertanto rivolto al futuro, ricordando una citazione attribuita a Gustav Mahler che \u00e8 significativa al riguardo: \u201cla tradizione \u00e8 custodire il fuoco, non adorare le ceneri\u201d.<\/p>\n\n\n\n<p>Oggi le stesse Universit\u00e0 si trovano ad affrontare sfide diverse da quelle del passato. Pensiamo solo al cambiamento demografico: l\u2019Italia da ormai molti anni sperimenta una costante e rilevante riduzione della natalit\u00e0. Nel periodo compreso tra il 2029 e il 2046 i giovani tra i 18 e i 25 anni si ridurranno di circa 1,2 milioni. Questa contrazione demografica ha numerose conseguenze nel mondo dell\u2019Universit\u00e0, tra cui ricordo principalmente la sostenibilit\u00e0 di medio-lungo periodo degli investimenti nelle strutture e nel personale, e la capacit\u00e0 di mantenere una massa critica adeguata che permetta lo svolgimento e la prosecuzione dell\u2019attivit\u00e0 di ricerca.<\/p>\n\n\n\n<p>Al tempo stesso, mai come ora abbiamo l\u2019opportunit\u00e0 di vivere una straordinaria era di rapido cambiamento tecnologico. Nell\u2019era della trasformazione digitale, due tecnologie, i Big Data e l\u2019Intelligenza Artificiale, emergono come potenti catalizzatori di innovazione in diversi settori, dalla ricerca, all\u2019industria all\u2019amministrazione pubblica, alla formazione.<\/p>\n\n\n\n<p>Uno dei tre Premi Nobel di quest\u2019anno per la Chimica \u00e8 andato al giovanissimo ricercatore John Jumper, che in pochi anni ha rivoluzionato l\u2019approccio allo studio delle proteine usando proprio algoritmi basati sull\u2019Artificial Intelligence.<\/p>\n\n\n\n<p>La sinergia fra le potenzialit\u00e0 dei Big Data e dell\u2019Intelligenza Artificiale pu\u00f2 migliorare i processi decisionali e guidare l\u2019innovazione in modi mai immaginati prima. Inoltre, tutte le descrizioni dell\u2019evoluzione tecnologica digitale degli ultimi decenni sono concordi nell\u2019indicare che la tecnologia migliora a ritmi esponenziali: ogni 18-24 mesi la potenza del computer, la velocit\u00e0 della rete e la capacit\u00e0 dei dischi per memorizzare i dati <em>raddoppiano<\/em>, cos\u00ec come cresce esponenzialmente il valore del servizio in rete in funzione dei dispositivi e degli utenti interconnessi.<\/p>\n\n\n\n<p>Non mi soffermo qui sulle importantissime implicazioni etiche di questa trasformazione poich\u00e9 \u00e8 un tema che verr\u00e0 approfondito dal nostro guest speaker Antonio Ereditato.<\/p>\n\n\n\n<p>Il nostro compito \u00e8 formare oggi i professionisti di domani, immaginando e anticipando i bisogni futuri.<\/p>\n\n\n\n<p>L\u2019innovazione \u00e8 quindi il motore dell\u2019universit\u00e0 che vogliamo costruire.<\/p>\n\n\n\n<p>Un cambiamento del modo di produzione della conoscenza \u00e8 quanto mai necessario: dobbiamo attuare il passaggio da un paradigma in cui i problemi erano definiti e risolti all\u2019interno del contesto accademico, ad uno nuovo in cui la produzione della conoscenza avviene attraverso lo sviluppo di strutture teoriche innovative e per forza di cose eterogenee.<\/p>\n\n\n\n<p>In questa necessit\u00e0 ineludibile di innovazione, anche il confine tra fare impresa e fare ricerca tende a sfocare attraverso ampie aree di sovrapposizione: entrambe progrediscono attraverso la capacit\u00e0 di innovazione, la propensione al rischio e la gestione di costruttivi fallimenti, ma soprattutto affinando l\u2019intuizione e la creativit\u00e0.<\/p>\n\n\n\n<p>In quest\u2019anno accademico completeranno il loro corso di studi i primi 46 studenti di <strong>MEDTEC<\/strong>, un\u2019intuizione che con il <strong>Politecnico di Milano<\/strong> abbiamo avuto nel 2019, primi in Europa, e che ora sta per dare i suoi frutti. La creazione del corso di laurea MEDTEC \u00e8 una testimonianza tangibile della capacit\u00e0 di Humanitas di immaginare il futuro partendo dall\u2019attenta osservazione del presente. Cosa avevamo visto? La possibilit\u00e0 di unire in una sola figura <em>Hard Sciences <\/em>e<em> Life Sciences<\/em>, per rispondere a necessit\u00e0 ormai ineludibili scaturite dal progresso della tecnologia e della scienza e che avevano avuto fino ad allora una risposta frammentaria e specialistica. La creazione quindi di una nuova figura di professionista che opera nel mondo della salute e che non \u00e8 semplicemente un medico con competenze di bioingegneria n\u00e9 un bioingegnere con competenze mediche, una sorta di <em>ircocervo<\/em>, per riprendere il concetto aristotelico di chimera: \u00e8 una figura che coniuga in una forma nuova entrambe le competenze in maniera coordinata, con collegamenti all\u2019interno di un sistema totale senza confini stabili tra le diverse discipline. Si realizza cos\u00ec in maniera compiuta, <em>si parva licet, <\/em>quello che il padre dell\u2019epistemologia genetica, lo svizzero Jean Piaget, defin\u00ec negli anni \u201970 come <strong>trans-disciplinarit\u00e0,<\/strong> caratterizzata a differenza dell\u2019inter-disciplinarit\u00e0, dall\u2019assenza di confini stabili delle discipline. Ma su questo concetto avremo modo di ascoltare il nostro <em>speaker<\/em> Antonio Ereditato.<\/p>\n\n\n\n<p>Sempre nella scia della trans-disciplinarit\u00e0 si innesta il nuovo progetto di PhD in collaborazione con il Politecnico di Milano, che partir\u00e0 nell\u2019anno accademico 2025-26, con lo scopo di dare ai nostri studenti di MEDTEC, e non solo, un ulteriore futuro imperniato sulla ricerca \u2013 un progetto, tra l\u2019altro, che mira al coinvolgimento anche di importanti atenei stranieri.<\/p>\n\n\n\n<p>Ora la nuova necessit\u00e0 \u00e8 coniugare dati, <em>Artificial Intelligence<\/em>, <em>Humanities<\/em>.<\/p>\n\n\n\n<p>La salute di domani passer\u00e0 attraverso i dati, aspetto su cui Humanitas (ospedale, ricerca, universit\u00e0) \u00e8 all\u2019avanguardia, i dati saranno processati dall\u2019AI, ma abbiamo bisogno di metterli sempre al servizio del paziente.<\/p>\n\n\n\n<p>Da qui il corso <strong>Data Sciences and Artificial Intelligence in Health Sciences <\/strong>in collaborazione con Universit\u00e0 Bocconi, che vedr\u00e0 la luce il prossimo anno accademico.<\/p>\n\n\n\n<p>Il corso si concentrer\u00e0 specificamente sull\u2019intersezione tra data science, medicina e scienze della vita ed ha l\u2019obiettivo di formare un professionista con &nbsp;conoscenze avanzate sia in ambito di data science e di analisi dati, di applicazione di Intelligenza Artificiale a procedure mediche diagnostiche e terapeutiche, sia conoscenze di base in ambito clinico-biologico, sanitario e giuridico-regolamentativo, che lo renderanno riferimento per aziende sanitarie, ricerca scientifica e sviluppo tecnologico e farmaceutico.<\/p>\n\n\n\n<p>A supporto della cura dei pazienti e del progresso della Ricerca, abbiamo creato il nuovo 3D Innovation Lab, la cui missione \u00e8 usare tutte le potenzialit\u00e0 presenti e future della stampa 3D per rispondere a esigenze cliniche, come la preparazione di complessi interventi chirurgici salvavita, produrre repliche di organi per la formazione, realizzare colture cellulari tridimensionali di precisa composizione e architettura, o strutture di supporto capaci di imitare le propriet\u00e0 fisiche e meccaniche dei tessuti.<\/p>\n\n\n\n<p><strong>INCLUSIONE<\/strong><\/p>\n\n\n\n<p>L\u2019universit\u00e0 rappresenta da sempre un luogo di incontro e confronto tra culture, idee e storie diverse. La crescente globalizzazione e i flussi migratori degli ultimi decenni hanno accentuato questa caratteristica, trasformando l\u2019universit\u00e0 in un microcosmo della societ\u00e0 globale, dove la diversit\u00e0 culturale, linguistica e sociale \u00e8 sempre pi\u00f9 presente. Questa realt\u00e0 porta con s\u00e9 una sfida fondamentale: promuovere una vera inclusione e valorizzare la diversit\u00e0 per costruire un ambiente accogliente, aperto e stimolante per tutti.<\/p>\n\n\n\n<p>La vocazione internazionale di Humanitas University \u00e8 rappresentata dalla numerosit\u00e0 dei paesi di provenienza dei nostri studenti del Corso di Laurea in Medicina: ad oggi il 40% proviene dall\u2019estero.<\/p>\n\n\n\n<p>Questa diversit\u00e0 \u00e8 una risorsa preziosa per l\u2019educazione superiore: permette agli studenti di confrontarsi con prospettive diverse dalle proprie, arricchendo non solo il proprio percorso accademico, ma anche umano.<\/p>\n\n\n\n<p>Nonostante i suoi vantaggi, la diversit\u00e0 porta con s\u00e9 naturalmente delle sfide. Le barriere linguistiche, le differenze di background economico e sociale, cos\u00ec come la diversit\u00e0 di abitudini culturali e religiose, possono rendere difficile per alcuni studenti sentirsi inclusi. In assenza di misure adeguate, c\u2019\u00e8 il rischio che si formino gruppi isolati, limitando le opportunit\u00e0 di interazione tra gli studenti e ostacolando l\u2019integrazione.<\/p>\n\n\n\n<p>\u00c8 fondamentale, quindi, che l\u2019universit\u00e0 promuova politiche di inclusione attiva e fornisca supporto a chi si sente emarginato, per evitare che queste situazioni ostacolino l\u2019esperienza formativa.<\/p>\n\n\n\n<p>Abbiamo in corso (e stiamo anzi incrementando) una proficua collaborazione con l\u2019Universit\u00e0 Cattolica per fornire un servizio di <em>counselling<\/em> a supporto del benessere psicologico ed emotivo degli studenti, a completamento di tutte le iniziative gi\u00e0 in essere sulla parte formativa e curriculare.<\/p>\n\n\n\n<p>Gli stessi studenti e il personale accademico svolgono un ruolo cruciale nella promozione di un ambiente inclusivo e diversificato. Gli studenti attraverso la creazione di associazioni, <em>societies<\/em>, gruppi di studio ed attivit\u00e0 culturali, diffondono un clima di rispetto e apertura. I docenti, d\u2019altro canto, possono integrare nei programmi accademici una prospettiva interculturale incoraggiando il confronto, promuovendo una visione del sapere che sia veramente globale e inclusiva. Colgo quindi l\u2019occasione per ringraziare gli studenti e la Faculty del nostro Ateneo per tutte le attivit\u00e0 che promuovono in questa direzione.<\/p>\n\n\n\n<p><strong>INTERNAZIONALIT\u00c0<\/strong><\/p>\n\n\n\n<p>In un momento come quello che stiamo vivendo, siamo obbligati a ripensare in maniera responsabile e innovativa ai modelli di formazione che vogliamo creare per i nostri giovani e quindi quali cittadini vogliamo per il nostro futuro.<\/p>\n\n\n\n<p>Una internazionalizzazione valida ed efficace deve permeare le politiche generali e gli indirizzi di ateneo, le funzioni dirette a realizzare operativamente tali finalit\u00e0, la produzione e la trasmissione della conoscenza.<\/p>\n\n\n\n<p>Dobbiamo quindi accogliere e cercare ogni contributo che viene da altri paesi e altre culture, e allo stesso tempo favorire le esperienze internazionali dei nostri studenti, ricercatori e professori.<\/p>\n\n\n\n<p>Abbiamo ascoltato dalle parole del Presidente Rocca il pericolo di una crisi profonda che sta attraversando il nostro continente. L\u2019Europa \u00e8 per noi riferimento importante: l\u2019universit\u00e0 occidentale, ed europea in particolare, fondata su principi come razionalismo, libert\u00e0 intellettuale, senso di comunit\u00e0 e ricerca indipendente, ha formato generazioni di cittadini e di studiosi. Vedete alle mie spalle la foto dei due quadri che sono affissi in Rettorato: i due padri dell\u2019Universit\u00e0 europea, Erasmo e von Humboldt, che hanno guidato la mia formazione e la mia carriera.<\/p>\n\n\n\n<p>In un mondo in cui tutto scorre rapidamente, il ruolo dell\u2019universit\u00e0 resta fondamentale. Essa \u00e8 chiamata a preservare e diffondere questa eredit\u00e0 continuando a trasformarsi per rispondere alle esigenze del nostro tempo, senza mai tradire i suoi principi.<\/p>\n\n\n\n<p>Tuttavia dobbiamo anche constatare che l\u2019attrattivit\u00e0 a livello internazionale per gli atenei italiani sarebbe molto migliorata se si intervenisse su alcuni fattori tra cui, solo per menzionarne alcuni:<\/p>\n\n\n\n<ul class=\"wp-block-list\">\n<li>i tempi e la complessit\u00e0 per ottenere il permesso di soggiorno per studio;<\/li>\n\n\n\n<li>l&#8217;assenza di una politica capillare di borse di studio destinate agli studenti internazionali;<\/li>\n\n\n\n<li>il numero ancora insufficiente di azioni coordinate a livello di sistema paese per promuovere l\u2019attrattivit\u00e0 degli atenei italiani in generale.<\/li>\n<\/ul>\n\n\n\n<p>Il nostro sistema universitario ad oggi \u00e8 poco attrattivo per i talenti stranieri cos\u00ec come per i nostri cosiddetti \u201ccervelli in fuga\u201d, due aspetti dello stesso problema causato da complessit\u00e0 burocratiche e da scarse opportunit\u00e0 e non solo da stipendi pi\u00f9 bassi. Il nostro auspicio \u00e8 una seria ed attenta valutazione delle potenzialit\u00e0 dell\u2019intero Paese verso una svolta di attrattivit\u00e0 a livello globale.<\/p>\n\n\n\n<p>Un esempio di nostro progetto di collaborazione internazionale \u00e8 all\u2019interno del partenariato composto da Humanitas University, Royal College of Surgeons of Ireland, Wroclaw University e Universit\u00e0 di Medicina di Vienna.<\/p>\n\n\n\n<p>Obiettivo del progetto \u00e8 definire un programma di <em>Faculty Development<\/em>, usando un approccio <em>evidence-based<\/em>, per formare docenti che utilizzino la simulazione con focus sulla educazione interdisciplinare.<\/p>\n\n\n\n<p>Il progetto avr\u00e0 la durata di due anni e auspichiamo di ottenere come <em>output<\/em> finale la definizione di un curriculum condiviso atto a sviluppare le opportune competenze dei formatori della<em> Simulation Medicine<\/em>.<\/p>\n\n\n\n<p>Tra i progetti di scambio internazionale, voglio qui ricordare uno dei nostri <strong>Honor Tracks, quello dedicato all\u2019Africa<\/strong>, un progetto in atto ormai da diversi anni, che consente a studenti e studentesse dei nostri corsi di laurea di svolgere, dopo un adeguato percorso formativo, un periodo presso ospedali in Tanzania, Madagascar e Zambia. Questa esperienza \u00e8 formativa sotto il profilo professionale, con la conoscenza di un tipo di cura della persona molto diverso da quello dei tirocini nei nostri ospedali, ma soprattutto sotto il profilo umano. Le avanzate tecnologie di cui disponiamo in Occidente sono preziose per diagnosi e terapia, mentre in questi paesi, in cui la maggior parte di esse non sono disponibili, si riscopre \u201cl\u2019arte\u201d della cura della persona e dell\u2019ascolto. Queste esperienze non sono solo patrimonio delle persone che le vivono, ma riverberano su tutta la popolazione universitaria, diventando stimolo e ispirazione per tutti noi.<\/p>\n\n\n\n<p>Infine, prima di avviarmi a concludere, desidero sottolineare una particolare coincidenza che ci vede inaugurare il nuovo Anno Accademico nella giornata per l\u2019eliminazione della violenza contro le donne, che si tiene ogni anno il 25 novembre.<\/p>\n\n\n\n<p>Preparare i futuri medici e professionisti della salute significa per noi anche preparare persone capaci di relazionarsi in modo corretto alle vittime di violenza che purtroppo incontreranno nel loro lavoro. Per questo, grazie a un bando di Regione Lombardia, e alla collaborazione con il nostro gruppo DEI (Diversity, Equity, Inclusion) abbiamo potuto organizzare un corso di formazione rivolto a studenti e specializzandi sulla gestione dei casi di violenza. Ma questo non basta se non agiamo anche sulle radici della violenza, creando consapevolezza e facendo prevenzione. Per questo, con il supporto delle associazioni che fanno parte delle reti antiviolenza locali, e che ringrazio per essere oggi presenti, abbiamo unito gli sforzi offrendo alla popolazione studentesca e del territorio attivit\u00e0 formative, teatrali e di sensibilizzazione sul tema, che si sono unite con le diverse iniziative proposte con costanza da diverse associazioni studentesche.<\/p>\n\n\n\n<p>Auspico che questa sensibilit\u00e0 trovi sempre pi\u00f9 spazio nei nostri valori di riferimento e nelle nostre attivit\u00e0.<\/p>\n\n\n\n<p>Il futuro \u2013 parafrasando le parole di Italo Calvino sull\u2019utopia (Italo Calvino, L\u2019utopia pulviscolare, 1973) \u2013 \u00e8 \u201ccome citt\u00e0 che non potr\u00e0 essere fondata da noi, ma fondare s\u00e9 stessa dentro di noi, costruirsi pezzo per pezzo nella nostra capacit\u00e0 di immaginarla\u201d.<\/p>\n\n\n\n<p>In altre parole in Humanitas University vogliamo avere la \u201cpresunzione di \u201cessere\u201d futuro, non soltanto \u201cpreparare\u201d il futuro, per non rischiare di rincorrere ci\u00f2 che \u00e8 gi\u00e0 avvenuto, ma prevedere, precedere il tempo per scoprire ogni fermento come momento in cui si attua l\u2019utopia, l\u2019ideale, il sogno, la speranza; cogliere tutto quanto si muove intorno, smascherandone la provvisoriet\u00e0 e spingere in avanti, consapevoli che ogni tappa \u00e8 un tentativo, una fase intermedia e non la soluzione, e che il traguardo \u00e8 un traguardo mobile, sempre spostato in avanti\u201d*.<\/p>\n\n\n\n<p><em>\u201cIl futuro s\u2019impara\u201d, 2024<\/em><\/p>\n","protected":false},"excerpt":{"rendered":"<p>Un caloroso benvenuto alla cerimonia di inaugurazione dell\u2019Anno Accademico 2024\/2025 di Humanitas University. Un sincero e particolare ringraziamento al Ministro dell\u2019Universit\u00e0 e della Ricerca, la Senatrice Anna Maria Bernini, per aver voluto onorare questa cerimonia con la sua presenza. Saluto le Istituzioni presenti: il Sindaco di Pieve Emanuele e il Sindaco di Milano, l\u2019Assessore Fermi [&hellip;]<\/p>\n","protected":false},"author":16,"featured_media":27911,"comment_status":"open","ping_status":"open","sticky":false,"template":"","format":"standard","meta":{"_acf_changed":false,"_kad_blocks_custom_css":"","_kad_blocks_head_custom_js":"","_kad_blocks_body_custom_js":"","_kad_blocks_footer_custom_js":"","footnotes":""},"categories":[2024,401],"tags":[],"class_list":["post-39359","post","type-post","status-publish","format-standard","has-post-thumbnail","hentry","category-eventi-4-2","category-mondo-humanitas"],"acf":[],"yoast_head":"<!-- This site is optimized with the Yoast SEO plugin v27.2 - https:\/\/yoast.com\/product\/yoast-seo-wordpress\/ -->\n<title>Discorso di apertura del prof. Luigi Maria Terracciano per l\u2019Inaugurazione dell\u2019Anno Accademico 2024\/2025 - Hunimed<\/title>\n<meta name=\"description\" content=\"Un caloroso benvenuto alla cerimonia di inaugurazione dell\u2019Anno Accademico 2024\/2025 di Humanitas University. Un sincero e particolare ringraziamento al\" \/>\n<meta name=\"robots\" content=\"index, follow, max-snippet:-1, max-image-preview:large, max-video-preview:-1\" \/>\n<link rel=\"canonical\" href=\"https:\/\/www.hunimed.eu\/news\/discorso-di-apertura-del-prof-luigi-maria-terracciano-per-linaugurazione-dellanno-accademico-2024-2025\/\" \/>\n<meta property=\"og:locale\" content=\"it_IT\" \/>\n<meta property=\"og:type\" content=\"article\" \/>\n<meta property=\"og:title\" content=\"Discorso di apertura del prof. Luigi Maria Terracciano per l\u2019Inaugurazione dell\u2019Anno Accademico 2024\/2025 - Hunimed\" \/>\n<meta property=\"og:description\" content=\"Un caloroso benvenuto alla cerimonia di inaugurazione dell\u2019Anno Accademico 2024\/2025 di Humanitas University. Un sincero e particolare ringraziamento al\" \/>\n<meta property=\"og:url\" content=\"https:\/\/www.hunimed.eu\/news\/discorso-di-apertura-del-prof-luigi-maria-terracciano-per-linaugurazione-dellanno-accademico-2024-2025\/\" \/>\n<meta property=\"og:site_name\" content=\"Hunimed\" \/>\n<meta property=\"article:publisher\" content=\"https:\/\/www.facebook.com\/Hunimed\/\" \/>\n<meta property=\"article:published_time\" content=\"2024-11-26T14:45:19+00:00\" \/>\n<meta property=\"article:modified_time\" content=\"2025-10-14T03:39:44+00:00\" \/>\n<meta property=\"og:image\" content=\"https:\/\/www.hunimed.eu\/wp-content\/uploads\/2025\/08\/Terracciano-2024.jpg\" \/>\n\t<meta property=\"og:image:width\" content=\"1280\" \/>\n\t<meta property=\"og:image:height\" content=\"720\" \/>\n\t<meta property=\"og:image:type\" content=\"image\/jpeg\" \/>\n<meta name=\"author\" content=\"edit@humanitas\" \/>\n<meta name=\"twitter:card\" content=\"summary_large_image\" \/>\n<meta name=\"twitter:label1\" content=\"Scritto da\" \/>\n\t<meta name=\"twitter:data1\" content=\"edit@humanitas\" \/>\n\t<meta name=\"twitter:label2\" content=\"Tempo di lettura stimato\" \/>\n\t<meta name=\"twitter:data2\" content=\"13 minuti\" \/>\n<script type=\"application\/ld+json\" class=\"yoast-schema-graph\">{\"@context\":\"https:\/\/schema.org\",\"@graph\":[{\"@type\":\"Article\",\"@id\":\"https:\/\/www.hunimed.eu\/news\/discorso-di-apertura-del-prof-luigi-maria-terracciano-per-linaugurazione-dellanno-accademico-2024-2025\/#article\",\"isPartOf\":{\"@id\":\"https:\/\/www.hunimed.eu\/news\/discorso-di-apertura-del-prof-luigi-maria-terracciano-per-linaugurazione-dellanno-accademico-2024-2025\/\"},\"author\":{\"name\":\"edit@humanitas\",\"@id\":\"https:\/\/www.hunimed.eu\/#\/schema\/person\/cbe85a517f5d0316033eda8329e38457\"},\"headline\":\"Discorso di apertura del prof. Luigi Maria Terracciano per l\u2019Inaugurazione dell\u2019Anno Accademico 2024\/2025\",\"datePublished\":\"2024-11-26T14:45:19+00:00\",\"dateModified\":\"2025-10-14T03:39:44+00:00\",\"mainEntityOfPage\":{\"@id\":\"https:\/\/www.hunimed.eu\/news\/discorso-di-apertura-del-prof-luigi-maria-terracciano-per-linaugurazione-dellanno-accademico-2024-2025\/\"},\"wordCount\":2992,\"commentCount\":0,\"publisher\":{\"@id\":\"https:\/\/www.hunimed.eu\/#organization\"},\"image\":{\"@id\":\"https:\/\/www.hunimed.eu\/news\/discorso-di-apertura-del-prof-luigi-maria-terracciano-per-linaugurazione-dellanno-accademico-2024-2025\/#primaryimage\"},\"thumbnailUrl\":\"https:\/\/www.hunimed.eu\/wp-content\/uploads\/2025\/08\/Terracciano-2024.jpg?wsr\",\"articleSection\":[\"Eventi\",\"Mondo Humanitas\"],\"inLanguage\":\"it-IT\"},{\"@type\":\"WebPage\",\"@id\":\"https:\/\/www.hunimed.eu\/news\/discorso-di-apertura-del-prof-luigi-maria-terracciano-per-linaugurazione-dellanno-accademico-2024-2025\/\",\"url\":\"https:\/\/www.hunimed.eu\/news\/discorso-di-apertura-del-prof-luigi-maria-terracciano-per-linaugurazione-dellanno-accademico-2024-2025\/\",\"name\":\"Discorso di apertura del prof. Luigi Maria Terracciano per l\u2019Inaugurazione dell\u2019Anno Accademico 2024\/2025 - Hunimed\",\"isPartOf\":{\"@id\":\"https:\/\/www.hunimed.eu\/#website\"},\"primaryImageOfPage\":{\"@id\":\"https:\/\/www.hunimed.eu\/news\/discorso-di-apertura-del-prof-luigi-maria-terracciano-per-linaugurazione-dellanno-accademico-2024-2025\/#primaryimage\"},\"image\":{\"@id\":\"https:\/\/www.hunimed.eu\/news\/discorso-di-apertura-del-prof-luigi-maria-terracciano-per-linaugurazione-dellanno-accademico-2024-2025\/#primaryimage\"},\"thumbnailUrl\":\"https:\/\/www.hunimed.eu\/wp-content\/uploads\/2025\/08\/Terracciano-2024.jpg?wsr\",\"datePublished\":\"2024-11-26T14:45:19+00:00\",\"dateModified\":\"2025-10-14T03:39:44+00:00\",\"description\":\"Un caloroso benvenuto alla cerimonia di inaugurazione dell\u2019Anno Accademico 2024\/2025 di Humanitas University. Un sincero e particolare ringraziamento al\",\"breadcrumb\":{\"@id\":\"https:\/\/www.hunimed.eu\/news\/discorso-di-apertura-del-prof-luigi-maria-terracciano-per-linaugurazione-dellanno-accademico-2024-2025\/#breadcrumb\"},\"inLanguage\":\"it-IT\",\"potentialAction\":[{\"@type\":\"ReadAction\",\"target\":[\"https:\/\/www.hunimed.eu\/news\/discorso-di-apertura-del-prof-luigi-maria-terracciano-per-linaugurazione-dellanno-accademico-2024-2025\/\"]}]},{\"@type\":\"ImageObject\",\"inLanguage\":\"it-IT\",\"@id\":\"https:\/\/www.hunimed.eu\/news\/discorso-di-apertura-del-prof-luigi-maria-terracciano-per-linaugurazione-dellanno-accademico-2024-2025\/#primaryimage\",\"url\":\"https:\/\/www.hunimed.eu\/wp-content\/uploads\/2025\/08\/Terracciano-2024.jpg?wsr\",\"contentUrl\":\"https:\/\/www.hunimed.eu\/wp-content\/uploads\/2025\/08\/Terracciano-2024.jpg?wsr\",\"width\":1280,\"height\":720},{\"@type\":\"BreadcrumbList\",\"@id\":\"https:\/\/www.hunimed.eu\/news\/discorso-di-apertura-del-prof-luigi-maria-terracciano-per-linaugurazione-dellanno-accademico-2024-2025\/#breadcrumb\",\"itemListElement\":[{\"@type\":\"ListItem\",\"position\":1,\"name\":\"Home\",\"item\":\"https:\/\/www.hunimed.eu\/it\/\"},{\"@type\":\"ListItem\",\"position\":2,\"name\":\"Discorso di apertura del prof. Luigi Maria Terracciano per l\u2019Inaugurazione dell\u2019Anno Accademico 2024\/2025\"}]},{\"@type\":\"WebSite\",\"@id\":\"https:\/\/www.hunimed.eu\/#website\",\"url\":\"https:\/\/www.hunimed.eu\/\",\"name\":\"Hunimed\",\"description\":\"Humanitas University\",\"publisher\":{\"@id\":\"https:\/\/www.hunimed.eu\/#organization\"},\"potentialAction\":[{\"@type\":\"SearchAction\",\"target\":{\"@type\":\"EntryPoint\",\"urlTemplate\":\"https:\/\/www.hunimed.eu\/?s={search_term_string}\"},\"query-input\":{\"@type\":\"PropertyValueSpecification\",\"valueRequired\":true,\"valueName\":\"search_term_string\"}}],\"inLanguage\":\"it-IT\"},{\"@type\":\"Organization\",\"@id\":\"https:\/\/www.hunimed.eu\/#organization\",\"name\":\"Humanitas University\",\"url\":\"https:\/\/www.hunimed.eu\/\",\"logo\":{\"@type\":\"ImageObject\",\"inLanguage\":\"it-IT\",\"@id\":\"https:\/\/www.hunimed.eu\/#\/schema\/logo\/image\/\",\"url\":\"https:\/\/www.hunimed.eu\/wp-content\/uploads\/2025\/06\/Logo.svg?wsr\",\"contentUrl\":\"https:\/\/www.hunimed.eu\/wp-content\/uploads\/2025\/06\/Logo.svg?wsr\",\"caption\":\"Humanitas University\"},\"image\":{\"@id\":\"https:\/\/www.hunimed.eu\/#\/schema\/logo\/image\/\"},\"sameAs\":[\"https:\/\/www.facebook.com\/Hunimed\/\",\"https:\/\/www.linkedin.com\/school\/18280267\/admin\/\"]},{\"@type\":\"Person\",\"@id\":\"https:\/\/www.hunimed.eu\/#\/schema\/person\/cbe85a517f5d0316033eda8329e38457\",\"name\":\"edit@humanitas\",\"image\":{\"@type\":\"ImageObject\",\"inLanguage\":\"it-IT\",\"@id\":\"https:\/\/secure.gravatar.com\/avatar\/e785548038467c6e09e44311549cfa096e2b3dd02edfdfd427b584a1347e82b9?s=96&d=mm&r=g\",\"url\":\"https:\/\/secure.gravatar.com\/avatar\/e785548038467c6e09e44311549cfa096e2b3dd02edfdfd427b584a1347e82b9?s=96&d=mm&r=g\",\"contentUrl\":\"https:\/\/secure.gravatar.com\/avatar\/e785548038467c6e09e44311549cfa096e2b3dd02edfdfd427b584a1347e82b9?s=96&d=mm&r=g\",\"caption\":\"edit@humanitas\"},\"url\":\"https:\/\/www.hunimed.eu\/it\/news\/author\/edithumanitas\/\"}]}<\/script>\n<!-- \/ Yoast SEO plugin. -->","yoast_head_json":{"title":"Discorso di apertura del prof. Luigi Maria Terracciano per l\u2019Inaugurazione dell\u2019Anno Accademico 2024\/2025 - Hunimed","description":"Un caloroso benvenuto alla cerimonia di inaugurazione dell\u2019Anno Accademico 2024\/2025 di Humanitas University. Un sincero e particolare ringraziamento al","robots":{"index":"index","follow":"follow","max-snippet":"max-snippet:-1","max-image-preview":"max-image-preview:large","max-video-preview":"max-video-preview:-1"},"canonical":"https:\/\/www.hunimed.eu\/news\/discorso-di-apertura-del-prof-luigi-maria-terracciano-per-linaugurazione-dellanno-accademico-2024-2025\/","og_locale":"it_IT","og_type":"article","og_title":"Discorso di apertura del prof. Luigi Maria Terracciano per l\u2019Inaugurazione dell\u2019Anno Accademico 2024\/2025 - Hunimed","og_description":"Un caloroso benvenuto alla cerimonia di inaugurazione dell\u2019Anno Accademico 2024\/2025 di Humanitas University. Un sincero e particolare ringraziamento al","og_url":"https:\/\/www.hunimed.eu\/news\/discorso-di-apertura-del-prof-luigi-maria-terracciano-per-linaugurazione-dellanno-accademico-2024-2025\/","og_site_name":"Hunimed","article_publisher":"https:\/\/www.facebook.com\/Hunimed\/","article_published_time":"2024-11-26T14:45:19+00:00","article_modified_time":"2025-10-14T03:39:44+00:00","og_image":[{"width":1280,"height":720,"url":"https:\/\/www.hunimed.eu\/wp-content\/uploads\/2025\/08\/Terracciano-2024.jpg","type":"image\/jpeg"}],"author":"edit@humanitas","twitter_card":"summary_large_image","twitter_misc":{"Scritto da":"edit@humanitas","Tempo di lettura stimato":"13 minuti"},"schema":{"@context":"https:\/\/schema.org","@graph":[{"@type":"Article","@id":"https:\/\/www.hunimed.eu\/news\/discorso-di-apertura-del-prof-luigi-maria-terracciano-per-linaugurazione-dellanno-accademico-2024-2025\/#article","isPartOf":{"@id":"https:\/\/www.hunimed.eu\/news\/discorso-di-apertura-del-prof-luigi-maria-terracciano-per-linaugurazione-dellanno-accademico-2024-2025\/"},"author":{"name":"edit@humanitas","@id":"https:\/\/www.hunimed.eu\/#\/schema\/person\/cbe85a517f5d0316033eda8329e38457"},"headline":"Discorso di apertura del prof. Luigi Maria Terracciano per l\u2019Inaugurazione dell\u2019Anno Accademico 2024\/2025","datePublished":"2024-11-26T14:45:19+00:00","dateModified":"2025-10-14T03:39:44+00:00","mainEntityOfPage":{"@id":"https:\/\/www.hunimed.eu\/news\/discorso-di-apertura-del-prof-luigi-maria-terracciano-per-linaugurazione-dellanno-accademico-2024-2025\/"},"wordCount":2992,"commentCount":0,"publisher":{"@id":"https:\/\/www.hunimed.eu\/#organization"},"image":{"@id":"https:\/\/www.hunimed.eu\/news\/discorso-di-apertura-del-prof-luigi-maria-terracciano-per-linaugurazione-dellanno-accademico-2024-2025\/#primaryimage"},"thumbnailUrl":"https:\/\/www.hunimed.eu\/wp-content\/uploads\/2025\/08\/Terracciano-2024.jpg?wsr","articleSection":["Eventi","Mondo Humanitas"],"inLanguage":"it-IT"},{"@type":"WebPage","@id":"https:\/\/www.hunimed.eu\/news\/discorso-di-apertura-del-prof-luigi-maria-terracciano-per-linaugurazione-dellanno-accademico-2024-2025\/","url":"https:\/\/www.hunimed.eu\/news\/discorso-di-apertura-del-prof-luigi-maria-terracciano-per-linaugurazione-dellanno-accademico-2024-2025\/","name":"Discorso di apertura del prof. Luigi Maria Terracciano per l\u2019Inaugurazione dell\u2019Anno Accademico 2024\/2025 - Hunimed","isPartOf":{"@id":"https:\/\/www.hunimed.eu\/#website"},"primaryImageOfPage":{"@id":"https:\/\/www.hunimed.eu\/news\/discorso-di-apertura-del-prof-luigi-maria-terracciano-per-linaugurazione-dellanno-accademico-2024-2025\/#primaryimage"},"image":{"@id":"https:\/\/www.hunimed.eu\/news\/discorso-di-apertura-del-prof-luigi-maria-terracciano-per-linaugurazione-dellanno-accademico-2024-2025\/#primaryimage"},"thumbnailUrl":"https:\/\/www.hunimed.eu\/wp-content\/uploads\/2025\/08\/Terracciano-2024.jpg?wsr","datePublished":"2024-11-26T14:45:19+00:00","dateModified":"2025-10-14T03:39:44+00:00","description":"Un caloroso benvenuto alla cerimonia di inaugurazione dell\u2019Anno Accademico 2024\/2025 di Humanitas University. Un sincero e particolare ringraziamento al","breadcrumb":{"@id":"https:\/\/www.hunimed.eu\/news\/discorso-di-apertura-del-prof-luigi-maria-terracciano-per-linaugurazione-dellanno-accademico-2024-2025\/#breadcrumb"},"inLanguage":"it-IT","potentialAction":[{"@type":"ReadAction","target":["https:\/\/www.hunimed.eu\/news\/discorso-di-apertura-del-prof-luigi-maria-terracciano-per-linaugurazione-dellanno-accademico-2024-2025\/"]}]},{"@type":"ImageObject","inLanguage":"it-IT","@id":"https:\/\/www.hunimed.eu\/news\/discorso-di-apertura-del-prof-luigi-maria-terracciano-per-linaugurazione-dellanno-accademico-2024-2025\/#primaryimage","url":"https:\/\/www.hunimed.eu\/wp-content\/uploads\/2025\/08\/Terracciano-2024.jpg?wsr","contentUrl":"https:\/\/www.hunimed.eu\/wp-content\/uploads\/2025\/08\/Terracciano-2024.jpg?wsr","width":1280,"height":720},{"@type":"BreadcrumbList","@id":"https:\/\/www.hunimed.eu\/news\/discorso-di-apertura-del-prof-luigi-maria-terracciano-per-linaugurazione-dellanno-accademico-2024-2025\/#breadcrumb","itemListElement":[{"@type":"ListItem","position":1,"name":"Home","item":"https:\/\/www.hunimed.eu\/it\/"},{"@type":"ListItem","position":2,"name":"Discorso di apertura del prof. Luigi Maria Terracciano per l\u2019Inaugurazione dell\u2019Anno Accademico 2024\/2025"}]},{"@type":"WebSite","@id":"https:\/\/www.hunimed.eu\/#website","url":"https:\/\/www.hunimed.eu\/","name":"Hunimed","description":"Humanitas University","publisher":{"@id":"https:\/\/www.hunimed.eu\/#organization"},"potentialAction":[{"@type":"SearchAction","target":{"@type":"EntryPoint","urlTemplate":"https:\/\/www.hunimed.eu\/?s={search_term_string}"},"query-input":{"@type":"PropertyValueSpecification","valueRequired":true,"valueName":"search_term_string"}}],"inLanguage":"it-IT"},{"@type":"Organization","@id":"https:\/\/www.hunimed.eu\/#organization","name":"Humanitas University","url":"https:\/\/www.hunimed.eu\/","logo":{"@type":"ImageObject","inLanguage":"it-IT","@id":"https:\/\/www.hunimed.eu\/#\/schema\/logo\/image\/","url":"https:\/\/www.hunimed.eu\/wp-content\/uploads\/2025\/06\/Logo.svg?wsr","contentUrl":"https:\/\/www.hunimed.eu\/wp-content\/uploads\/2025\/06\/Logo.svg?wsr","caption":"Humanitas University"},"image":{"@id":"https:\/\/www.hunimed.eu\/#\/schema\/logo\/image\/"},"sameAs":["https:\/\/www.facebook.com\/Hunimed\/","https:\/\/www.linkedin.com\/school\/18280267\/admin\/"]},{"@type":"Person","@id":"https:\/\/www.hunimed.eu\/#\/schema\/person\/cbe85a517f5d0316033eda8329e38457","name":"edit@humanitas","image":{"@type":"ImageObject","inLanguage":"it-IT","@id":"https:\/\/secure.gravatar.com\/avatar\/e785548038467c6e09e44311549cfa096e2b3dd02edfdfd427b584a1347e82b9?s=96&d=mm&r=g","url":"https:\/\/secure.gravatar.com\/avatar\/e785548038467c6e09e44311549cfa096e2b3dd02edfdfd427b584a1347e82b9?s=96&d=mm&r=g","contentUrl":"https:\/\/secure.gravatar.com\/avatar\/e785548038467c6e09e44311549cfa096e2b3dd02edfdfd427b584a1347e82b9?s=96&d=mm&r=g","caption":"edit@humanitas"},"url":"https:\/\/www.hunimed.eu\/it\/news\/author\/edithumanitas\/"}]}},"taxonomy_info":{"category":[{"value":2024,"label":"Eventi"},{"value":401,"label":"Mondo Humanitas"}]},"featured_image_src_large":["https:\/\/www.hunimed.eu\/wp-content\/uploads\/2025\/08\/Terracciano-2024-1024x576.jpg?wsr",1024,576,true],"author_info":{"display_name":"edit@humanitas","author_link":"https:\/\/www.hunimed.eu\/it\/news\/author\/edithumanitas\/"},"comment_info":"","category_info":[{"term_id":2024,"name":"Eventi","slug":"eventi-4-2","term_group":0,"term_taxonomy_id":2024,"taxonomy":"category","description":"","parent":0,"count":184,"filter":"raw","cat_ID":2024,"category_count":184,"category_description":"","cat_name":"Eventi","category_nicename":"eventi-4-2","category_parent":0},{"term_id":401,"name":"Mondo Humanitas","slug":"mondo-humanitas","term_group":0,"term_taxonomy_id":401,"taxonomy":"category","description":"","parent":0,"count":287,"filter":"raw","cat_ID":401,"category_count":287,"category_description":"","cat_name":"Mondo Humanitas","category_nicename":"mondo-humanitas","category_parent":0}],"tag_info":false,"_links":{"self":[{"href":"https:\/\/www.hunimed.eu\/it\/wp-json\/wp\/v2\/posts\/39359","targetHints":{"allow":["GET"]}}],"collection":[{"href":"https:\/\/www.hunimed.eu\/it\/wp-json\/wp\/v2\/posts"}],"about":[{"href":"https:\/\/www.hunimed.eu\/it\/wp-json\/wp\/v2\/types\/post"}],"author":[{"embeddable":true,"href":"https:\/\/www.hunimed.eu\/it\/wp-json\/wp\/v2\/users\/16"}],"replies":[{"embeddable":true,"href":"https:\/\/www.hunimed.eu\/it\/wp-json\/wp\/v2\/comments?post=39359"}],"version-history":[{"count":1,"href":"https:\/\/www.hunimed.eu\/it\/wp-json\/wp\/v2\/posts\/39359\/revisions"}],"predecessor-version":[{"id":39783,"href":"https:\/\/www.hunimed.eu\/it\/wp-json\/wp\/v2\/posts\/39359\/revisions\/39783"}],"wp:featuredmedia":[{"embeddable":true,"href":"https:\/\/www.hunimed.eu\/it\/wp-json\/wp\/v2\/media\/27911"}],"wp:attachment":[{"href":"https:\/\/www.hunimed.eu\/it\/wp-json\/wp\/v2\/media?parent=39359"}],"wp:term":[{"taxonomy":"category","embeddable":true,"href":"https:\/\/www.hunimed.eu\/it\/wp-json\/wp\/v2\/categories?post=39359"},{"taxonomy":"post_tag","embeddable":true,"href":"https:\/\/www.hunimed.eu\/it\/wp-json\/wp\/v2\/tags?post=39359"}],"curies":[{"name":"wp","href":"https:\/\/api.w.org\/{rel}","templated":true}]}}