{"id":38008,"date":"2024-02-28T10:30:12","date_gmt":"2024-02-28T10:30:12","guid":{"rendered":"https:\/\/www.hunimed.eu\/news\/discorso-di-inaugurazione-del-magnifico-rettore-terracciano-per-il-nuovo-anno-accademico\/"},"modified":"2024-02-28T10:30:12","modified_gmt":"2024-02-28T10:30:12","slug":"discorso-di-inaugurazione-del-magnifico-rettore-terracciano-per-il-nuovo-anno-accademico","status":"publish","type":"post","link":"https:\/\/www.hunimed.eu\/it\/news\/discorso-di-inaugurazione-del-magnifico-rettore-terracciano-per-il-nuovo-anno-accademico\/","title":{"rendered":"Discorso di inaugurazione del Magnifico Rettore Luigi Maria Terracciano per il nuovo Anno Accademico 2023\/2024"},"content":{"rendered":"<p style=\"text-align: left;\">&#8220;Rivolgo a tutti un caloroso benvenuto <strong>all\u2019inaugurazione dell\u2019anno accademico 2023\/2024 di Humanitas University.<\/strong><\/p>\n<p>Un sincero e particolare ringraziamento al Ministro dell\u2019Universit\u00e0 e della Ricerca, la Senatrice Anna Maria Bernini e al Ministro della Salute, Prof. Orazio Schillaci, per aver voluto onorare questa cerimonia con la loro presenza e i loro interventi.<\/p>\n<p>Saluto le Istituzioni presenti: il Presidente della Regione Lombardia, il Sindaco di Pieve Emanuele e il Sindaco di Milano, cos\u00ec come tutte le Autorit\u00e0 Accademiche, Civili, Militari e Religiose.<\/p>\n<p>Rivolgo un cordiale saluto e un ringraziamento ai Pro-Rettori e ai Delegati Rettorali dell\u2019Ateneo, per il costante, efficace e amichevole sostegno che mi hanno assicurato nell\u2019assolvimento dei miei compiti. Saluto e ringrazio, come sempre, il Direttore Scientifico, Prof. Alberto Mantovani, cos\u00ec come i colleghi docenti, il personale tecnico amministrativo e, con particolare affetto, le studentesse e gli studenti.<\/p>\n<p>Humanitas University celebra, nel 2024, i<strong> dieci anni dalla sua fondazione<\/strong> e oggi anche l\u2019apertura dell\u2019anno accademico che ha visto l\u2019insediamento come Rettore di chi Vi parla.<\/p>\n<p>La Relazione che mi accingo a esporre \u2013 pi\u00f9 breve del consueto, per la felice ricchezza del programma odierno \u2013 racconta di un anno particolare, nel quale, mentre nel mondo si proietta l\u2019ombra cupa di un\u2019ulteriore guerra per alcuni imprevista e incomprensibile, <strong>le universit\u00e0 sono chiamate a rappresentare una zona franca<\/strong>, un terreno non belligerante, ma neanche neutrale,<strong> in cui le diverse culture e storie devono continuare a comunicare mantenendo un linguaggio comune per il futuro<\/strong>. In tempi di incertezza e crisi, \u00e8 infatti essenziale riscoprire e mettere al centro il ruolo fondamentale delle universit\u00e0 nella costruzione di comunit\u00e0 forti e libere.<\/p>\n<p>Prima di toccare questo tema centrale per la vita della nostra universit\u00e0, desidero per\u00f2 riallacciarmi all\u2019intervento del nostro Presidente, il Dr. Gianfelice Rocca, per condividere una visione che trovo entusiasmante per il futuro, <strong>un progetto che va oltre la creazione di un\u2019universit\u00e0 di medicina tradizionale.<\/strong> Stiamo parlando di costruire una comunit\u00e0, un luogo dove l\u2019educazione non \u00e8 solo la trasmissione di conoscenze, ma anche un esercizio costante del dialogo, dell\u2019<strong>inclusione <\/strong>e dello<strong> scambio culturale tra i vari saperi delle <em>Health Sciences<\/em>.<\/strong><\/p>\n<p>L\u2019Universit\u00e0 che stiamo progettando, per i prossimi anni, ha l\u2019obiettivo di diventare un riferimento importante nella formazione dedicata alle <strong>scienze della vita.<\/strong> La sua vocazione va <strong>oltre la mera istruzione medica<\/strong>: vuole aggiungere una dimensione di cura che abbracci ogni singola persona.<\/p>\n<p>Stiamo formando professionisti medici, infermieri, fisioterapisti, tecnici di varie competenze, e soprattutto <strong>coltiviamo individui consapevoli del proprio ruolo nella societ\u00e0 e della responsabilit\u00e0 di contribuire al benessere collettivo.<\/strong><\/p>\n<p>La nostra comunit\u00e0 accademica si proietta necessariamente in un\u2019idea di futuro, all\u2019interno della quale <strong>la Clinica si unisce con la Formazione e la Ricerca.<\/strong><\/p>\n<p>Vogliamo costruire una <strong>nuova figura di personale di cura<\/strong>, capace di integrarsi con tutti gli altri professionisti presenti nelle aree sanitarie, siano essi medici, infermieri, fisioterapisti, assistenti sociali, professionisti delle aree tecnico-sanitarie, della riabilitazione e della prevenzione,<strong> in un<\/strong> <strong>percorso formativo orizzontale e non pi\u00f9 verticale.<\/strong><\/p>\n<hr \/>\n<p>Fondamentale, tra gli obiettivi del nostro Ateneo, \u00e8 l\u2019<strong>integrazione delle professioni sanitarie a ogni livello<\/strong>, in un chiaro contesto di peculiarit\u00e0 e competenze. La scommessa di Humanitas University \u00e8 proprio lo sviluppo di una <strong>cultura interprofessionale<\/strong>, focalizzata sulla cura della <strong>persona<\/strong> che soffre.<\/p>\n<p>Dico persona, e non paziente, per sottolineare che <strong>al centro deve esserci la figura umana<\/strong> nella sua interezza e non una malattia che, in una sorta di arida metonim\u00eca, identifichi il paziente con i suoi sintomi.<\/p>\n<p>Sappiamo che lo sviluppo di questa cultura interprofessionale, caratterizzata da continue contaminazioni dei saperi, non \u00e8 esente da ostacoli culturali, organizzativi e normativi ma, secondo noi, essa rappresenta una necessit\u00e0 ineludibile della figura di personale sanitario che vogliamo costruire, declinata in tutte le sue accezioni.<\/p>\n<p>Certo, bisogna essere sostenibili, e la nostra urgenza su questo tema \u00e8 culturale prima che gestionale, scommettendo quindi anche su una medicina di prossimit\u00e0 e territori come<strong> luoghi di relazione e di cura.<\/strong><\/p>\n<p>Il nostro obiettivo centrale \u00e8 promuovere una visione olistica della salute, in cui il paziente si trova al centro di un <em>team<\/em> integrato che lavori insieme per il suo benessere. Citando un intervento di Mariella Enoc, gi\u00e0 Presidente dell\u2019Ospedale Bambin Ges\u00f9, \u00abla sfida per un\u2019Universit\u00e0 come questa \u00e8 di formare medici e operatori sanitari che siano grandi <strong>esperti di umanit\u00e0 a partire dalle loro professionalit\u00e0<\/strong>\u00bb.<\/p>\n<p>Il ruolo del medico negli ultimi decenni \u00e8 profondamente cambiato. Quando ho iniziato a fare il medico, vi era una sorta di alone di sacralit\u00e0 e paternit\u00e0 intorno alla sua figura. Oggi la vera grande conquista dell\u2019etica medica \u00e8<strong> l\u2019autonomia del paziente: <\/strong>coinvolgerlo nelle decisioni e chiedere il suo consenso e la sua collaborazione.<\/p>\n<p>Per il medico riconoscere l\u2019autonomia del paziente significa dunque <strong>coinvolgerlo nelle decisioni e chiedere il suo consenso.<\/strong> L\u2019autonomia, intesa in questo senso, \u00e8 spesso invocata per difendersi sia dall\u2019accanimento terapeutico sia dal paternalismo dei medici. In senso pi\u00f9 esteso, e alla luce di una pi\u00f9 strutturata prospettiva teorica, soprattutto di impostazione libertaria, l\u2019autonomia del paziente \u00e8 considerata come un principio supremo e prioritario, il criterio decisivo per valutare le scelte morali.<\/p>\n<p>Questa lettura comporta per\u00f2 il rischio di ridurre la relazione medico-paziente a un rapporto tecnico e freddo. La formazione accademica del medico e del personale sanitario che si \u00e8 andata affermando nel corso del XX secolo ha spostato progressivamente il suo baricentro dal letto del paziente al banco del laboratorio.<\/p>\n<p>La medicina, la pi\u00f9 umanistica tra le discipline scientifiche e la pi\u00f9 scientifica tra quelle umanistiche, \u00e8 stata trasformata in un\u2019attivit\u00e0 asettica e iper-specialistica, che ha perso di vista il paziente nella sua interezza, e ha inevitabilmente depauperato la sua stessa capacit\u00e0 terapeutica, fondata appunto sull\u2019unicit\u00e0 della relazione con il paziente.<\/p>\n<p>Appare quindi fondamentale incentivare, nel percorso formativo, l\u2019<strong>approccio multidimensionale, volto a creare connessioni fra ci\u00f2 che \u00e8 gi\u00e0 formalmente erogato<\/strong> (bioetica, storia della medicina, pedagogia medica, igiene e sanit\u00e0 pubblica) <strong>e ci\u00f2 che non lo \u00e8 ancora in modo strutturato<\/strong> (antropologia medica, sociologia, letteratura e arte).<\/p>\n<p>Bisogna fornire ai medici e al personale sanitario quelle<strong> competenze <em>soft<\/em> di tipo relazionale-comunicativo e gestionale-operativo <\/strong>che devono necessariamente affiancare le<strong> competenze tecniche di tipo <em>hard<\/em><\/strong>, in una prospettiva olistica che consideri le Medical Humanities parte integrante della \u201cborsa dei ferri\u201d del medico del XXI secolo.<\/p>\n<hr \/>\n<p>Le scienze della vita stanno attraversando un\u2019epoca di <strong>evoluzione accelerata con lo sviluppo tecnologico e la medicina di precisione<\/strong>. Tuttavia, questo progresso non deve dimenticare il ruolo essenziale dell\u2019essere umano.<\/p>\n<p><em>In primis<\/em> \u00e8 necessario sviluppare un<strong> corretto approccio<\/strong> da parte di noi uomini di scienza <strong>verso l\u2019intelligenza artificiale.<\/strong><\/p>\n<p>Significa conoscere la nostra propensione a identificare gli automatismi in azione nella macchina oppure ad attribuirvi una capacit\u00e0 magica di risolvere problemi complessi. Bisogna quindi <strong>indagare nell\u2019antropologia<\/strong>, quanto meno quella dell\u2019Occidente avanzato, per capire come le nostre mancanze, fragilit\u00e0 e insicurezze vengano compensate evocando un\u2019alterit\u00e0 potente, rassicurante e incantatrice, capace di sollevarci dalla responsabilit\u00e0 angosciante di prendere decisioni in condizioni di incertezza.<\/p>\n<p>Le<strong> tecnologie digitali<\/strong>, come in precedenza la scrittura e la stampa, prefigurano una grande rivoluzione nel processo di creazione, organizzazione e validazione della conoscenza con un grande<strong> impatto anche nel nostro sistema di <em>Welfare<\/em>.<\/strong><\/p>\n<p>\u00c8 importante gestire questa trasformazione per preservare giustizia, libert\u00e0, uguaglianza tra gli esseri umani e per guidare il contributo e il ruolo dell\u2019Intelligenza Artificiale nelle <em>Health Sciences<\/em>.<\/p>\n<p>La sfida non \u00e8 solo tecnica: riguarda soprattutto che tipo di politica perseguire. Una presa di decisione automatica potrebbe intervenire sulle regole della convivenza civile in modo irreversibile e, nel mondo delle <em>Health Sciences<\/em>, istituire pervasive pratiche nel processo diagnostico, terapeutico e di sorveglianza.<\/p>\n<p>La posta in gioco \u00e8 quale competenza conti rispetto al riconoscimento dei criteri di validit\u00e0 scientifica, e non solo: sono in discussione processi che definiscono la soggettivit\u00e0 umana, la delega alla tecnica e il governo dell\u2019intuizione e dell\u2019immaginario. Attraversiamo una fase di passaggio nella quale possiamo ancora concepire pratiche e istituzioni capaci di<strong> decidere come gestire l\u2019intelligenza artificiale in ambito medico.<\/strong><\/p>\n<p>La tecnologia rappresenta un\u2019interfaccia per rapportarsi socialmente tra esseri umani, ma anche una connessione con gli altri esseri viventi e il mondo inorganico. Occorre riflettere su quali opzioni renderanno tali rapporti pi\u00f9 duraturi e fiorenti, specialmente se intendiamo il nostro modo di essere come il nodo di un sistema triadico in cui la tecnologia possa svolgere funzioni di mediazione, rappresentazione e intervento, senza consegnarci a una fantomatica, insidiosa razionalit\u00e0 prefabbricata, unica e univoca.<\/p>\n<hr \/>\n<p>In questo quadro di forti cambiamenti tecnologici va inserita anche la richiesta da parte del mondo politico di<strong> modifiche all\u2019accesso<\/strong> ai corsi di laurea magistrale in Medicina e Chirurgia. Come sottolineato dal Presidente della Conferenza dei Rettori delle Universit\u00e0 Italiane, Prof.ssa Giovanna Iannantuoni, individuare una crescita sostenibile del numero programmato risponde alla necessit\u00e0 di <strong>trovare un equilibrio fra le esigenze di pi\u00f9 parti<\/strong>: da un lato, quelle dei giovani aspiranti medici, ognuno con il proprio sogno da mettere alla prova e il desiderio legittimo di vederlo realizzato; dall\u2019altro, l\u2019esigenza di difendere il Sistema Sanitario Nazionale che passa per la rilevazione continua del fabbisogno di medici e, infine, la necessit\u00e0 di formazione di qualit\u00e0, che deve essere adeguatamente sostenuta.<\/p>\n<p>Agire<strong> avendo chiaro il modello di Universit\u00e0 che si vuole strutturare <\/strong>\u00e8 l\u2019unico modo per dare senso alle necessarie riforme.<\/p>\n<p>Humanitas University si impegna a contribuire attivamente a questo cambiamento, promuovendo una visione in cui <strong>le tecnologie avanzate integrano<\/strong>, ma non sostituiscono, il valore fondamentale della <strong>persona umana che deve restare al centro<\/strong> di ogni decisione in campo medico.<\/p>\n<p><strong>Le sfide dell\u2019Universit\u00e0 sono le sfide del Paese<\/strong> per ripartire e per crescere in competitivit\u00e0 a livello europeo e internazionale. Con il<strong> 43% dei nostri studenti <\/strong>del corso di laurea in Medicina<strong> provenienti da altri paesi, Humanitas University ha <\/strong>nel suo DNA <strong>una vocazione <\/strong>necessariamente <strong>internazionale<\/strong>, per questo particolarmente esposta a ci\u00f2 che avviene oltre i nostri confini nazionali.<\/p>\n<p>Gli avvenimenti mondiali degli ultimi mesi hanno comportato insicurezza, soprattutto per i nostri studenti, e hanno pesantemente inciso nel sentimento di sentirci comunit\u00e0, un termine che non uso a caso.<\/p>\n<p><strong>Le universit\u00e0 sono luoghi che edificano coscienze critiche, formano donne e uomini capaci di affrontare cambiamenti e orientare il futuro.<\/strong> Questo lo fanno, insieme, docenti, personale tecnico, scientifico, amministrativo, studentesse e studenti. Nonostante le insicurezze e il senso di incertezza, in questo ultimo anno la comunit\u00e0 universitaria \u00e8 riuscita a fare emergere il ruolo pi\u00f9 autentico e affascinante della scienza, quello di collante delle coscienze individuali al di l\u00e0 di ogni appartenenza etnica o religiosa. Uno spazio di inclusione ed equit\u00e0 in cui superare i gap territoriali, sociali e di genere che ancora possono sussistere.<\/p>\n<p>Dobbiamo continuare a <strong>investire sulle persone:<\/strong> ci\u00f2 significa <strong>promuovere programmi<\/strong> non solo per rafforzare i profili di competenza, ma anche per consolidare le carriere dei giovani studenti e sostenere la mobilit\u00e0 fra le diverse istituzioni.<\/p>\n<hr \/>\n<p>La vita accademica ha anche bisogno di luoghi adeguati per crescere e rafforzarsi. Il <strong>Roberto Rocca Innovation Building<\/strong> rappresenta una risposta tangibile al nostro bisogno di essere sempre sulla linea di frontiera non solo per lo sviluppo della ricerca ma soprattutto per una reale e proficua contaminazione di saperi, metodi e competenze, come nella MEDTEC School nata dalla collaborazione con il Politecnico di Milano.<\/p>\n<p>Guardando al futuro, vedo uno sviluppo di Humanitas University che abbraccia questi principi. Negli anni a venire, lavoreremo per costruire <strong>infrastrutture all\u2019avanguardia che sostengano la nostra missione.<\/strong><\/p>\n<p>Stiamo creando <strong>programmi accademici innovativi<\/strong>: un <strong>Master of Science in Data Analytics and Artificial Intelligence in Health Sciences<\/strong> in collaborazione con <strong>l\u2019Universit\u00e0 Bocconi<\/strong>, cos\u00ec come <strong>nuovi corsi di Dottorato<\/strong> in collaborazione con altri Atenei strettamente connessi col mondo dell\u2019industria e delle istituzioni, come ad esempio il <strong>Politecnico di Milano.<\/strong><\/p>\n<p>Promuoveremo una ricerca che contribuisca al<strong> progresso scientifico <\/strong>e alla<strong> cura della comunit\u00e0<\/strong>, come stiamo facendo con l\u2019implementazione all\u2019interno dell\u2019Innovation Building di due nuovi laboratori: il <strong>3D Innovation Lab<\/strong>, che unisce le tecnologie di stampa 3D classiche, con resine e siliconi, alle nuove macchine per la stampa a base di cellule e tessuti; e il <strong>CLEM Core<\/strong>, una piattaforma che integra la microscopia ottica con la microscopia elettronica, per arrivare fino alle scale molecolari.<\/p>\n<p>Importanza crescente avr\u00e0 anche il nostro impegno di <strong>responsabilit\u00e0 sociale<\/strong>, vera \u201c<strong>terza missione<\/strong>\u201d di ogni Universit\u00e0, che ci vede promotori di <strong>sviluppo, inclusione, accesso al sapere<\/strong> in particolare sul territorio locale e nell\u2019area metropolitana di Milano. Il<strong> benessere delle persone, l\u2019attenzione a stili di vita sani<\/strong> e una sempre crescente consapevolezza della nostra responsabilit\u00e0 anche in questo ambito saranno al centro delle nostre azioni e della nostra proposta culturale.<\/p>\n<p>In conclusione, la nostra visione di sviluppare un\u2019<strong>Universit\u00e0 di <em>Health Sciences<\/em><\/strong> va al di l\u00e0 della formazione professionale: l\u2019obiettivo \u00e8 costruire una comunit\u00e0 che abbracci i valori della<strong> formazione, <\/strong>del <strong>dialogo, <\/strong>dell\u2019<strong>inclusione <\/strong>e dello<strong> scambio culturale.<\/strong><\/p>\n<p>Humanitas University ha l\u2019ambizione di essere il luogo in cui le <strong>scienze della vita<\/strong> si integrano armoniosamente con la<strong> cura della persona e della comunit\u00e0.<\/strong><\/p>\n<p>Guardando avanti, lavoreremo instancabilmente per plasmare un futuro in cui la <strong>tecnologia e la persona umana collaborino<\/strong> per il bene di tutti.<\/p>\n<p>Grazie per la vostra attenzione.&#8221;<\/p>\n<p>&nbsp;<\/p>\n<p><iframe loading=\"lazy\" title=\"Luigi Terracciano, Rector of Humanitas University \u2013 Opening Ceremony of the Academic Year 2023\/24\" width=\"1200\" height=\"675\" src=\"https:\/\/www.youtube.com\/embed\/rifixxNHcZc?feature=oembed\" frameborder=\"0\" allow=\"accelerometer; autoplay; clipboard-write; encrypted-media; gyroscope; picture-in-picture; web-share\" referrerpolicy=\"strict-origin-when-cross-origin\" allowfullscreen><\/iframe><\/p>\n<p><a href=\"#_ftnref1\" name=\"_ftn1\"><\/a><\/p>\n<p><a href=\"#_ftnref1\" name=\"_ftn1\"><\/a><\/p>\n","protected":false},"excerpt":{"rendered":"<p>&#8220;Rivolgo a tutti un caloroso benvenuto all\u2019inaugurazione dell\u2019anno accademico 2023\/2024 di Humanitas University. Un sincero e particolare ringraziamento al Ministro dell\u2019Universit\u00e0 e della Ricerca, la Senatrice Anna Maria Bernini e al Ministro della Salute, Prof. Orazio Schillaci, per aver voluto onorare questa cerimonia con la loro presenza e i loro interventi. Saluto le Istituzioni presenti: [&hellip;]<\/p>\n","protected":false},"author":2,"featured_media":26450,"comment_status":"open","ping_status":"open","sticky":false,"template":"","format":"standard","meta":{"_acf_changed":false,"_kad_blocks_custom_css":"","_kad_blocks_head_custom_js":"","_kad_blocks_body_custom_js":"","_kad_blocks_footer_custom_js":"","footnotes":""},"categories":[2024,401],"tags":[],"class_list":["post-38008","post","type-post","status-publish","format-standard","has-post-thumbnail","hentry","category-eventi-4-2","category-mondo-humanitas"],"acf":[],"yoast_head":"<!-- This site is optimized with the Yoast SEO plugin v27.2 - https:\/\/yoast.com\/product\/yoast-seo-wordpress\/ -->\n<title>Discorso di inaugurazione del Magnifico Rettore Luigi Maria Terracciano per il nuovo Anno Accademico 2023\/2024 - Hunimed<\/title>\n<meta name=\"description\" content=\"&quot;Rivolgo a tutti un caloroso benvenuto all\u2019inaugurazione dell\u2019anno accademico 2023\/2024 di Humanitas University. Un sincero e particolare ringraziamento\" \/>\n<meta name=\"robots\" content=\"index, follow, max-snippet:-1, max-image-preview:large, max-video-preview:-1\" \/>\n<link rel=\"canonical\" href=\"https:\/\/www.hunimed.eu\/news\/discorso-di-inaugurazione-del-magnifico-rettore-terracciano-per-il-nuovo-anno-accademico\/\" \/>\n<meta property=\"og:locale\" content=\"it_IT\" \/>\n<meta property=\"og:type\" content=\"article\" \/>\n<meta property=\"og:title\" content=\"Discorso di inaugurazione del Magnifico Rettore Luigi Maria Terracciano per il nuovo Anno Accademico 2023\/2024 - Hunimed\" \/>\n<meta property=\"og:description\" content=\"&quot;Rivolgo a tutti un caloroso benvenuto all\u2019inaugurazione dell\u2019anno accademico 2023\/2024 di Humanitas University. Un sincero e particolare ringraziamento\" \/>\n<meta property=\"og:url\" content=\"https:\/\/www.hunimed.eu\/news\/discorso-di-inaugurazione-del-magnifico-rettore-terracciano-per-il-nuovo-anno-accademico\/\" \/>\n<meta property=\"og:site_name\" content=\"Hunimed\" \/>\n<meta property=\"article:publisher\" content=\"https:\/\/www.facebook.com\/Hunimed\/\" \/>\n<meta property=\"article:published_time\" content=\"2024-02-28T10:30:12+00:00\" \/>\n<meta property=\"og:image\" content=\"https:\/\/www.hunimed.eu\/wp-content\/uploads\/2025\/08\/HUNIMED-News-2024-18.jpg\" \/>\n\t<meta property=\"og:image:width\" content=\"1200\" \/>\n\t<meta property=\"og:image:height\" content=\"600\" \/>\n\t<meta property=\"og:image:type\" content=\"image\/jpeg\" \/>\n<meta name=\"author\" content=\"Nesho\" \/>\n<meta name=\"twitter:card\" content=\"summary_large_image\" \/>\n<meta name=\"twitter:label1\" content=\"Scritto da\" \/>\n\t<meta name=\"twitter:data1\" content=\"Nesho\" \/>\n\t<meta name=\"twitter:label2\" content=\"Tempo di lettura stimato\" \/>\n\t<meta name=\"twitter:data2\" content=\"12 minuti\" \/>\n<script type=\"application\/ld+json\" class=\"yoast-schema-graph\">{\"@context\":\"https:\/\/schema.org\",\"@graph\":[{\"@type\":\"Article\",\"@id\":\"https:\/\/www.hunimed.eu\/news\/discorso-di-inaugurazione-del-magnifico-rettore-terracciano-per-il-nuovo-anno-accademico\/#article\",\"isPartOf\":{\"@id\":\"https:\/\/www.hunimed.eu\/news\/discorso-di-inaugurazione-del-magnifico-rettore-terracciano-per-il-nuovo-anno-accademico\/\"},\"author\":{\"name\":\"Nesho\",\"@id\":\"https:\/\/www.hunimed.eu\/#\/schema\/person\/e414590fa47a8fde3d814ab0ad9e9ce1\"},\"headline\":\"Discorso di inaugurazione del Magnifico Rettore Luigi Maria Terracciano per il nuovo Anno Accademico 2023\/2024\",\"datePublished\":\"2024-02-28T10:30:12+00:00\",\"mainEntityOfPage\":{\"@id\":\"https:\/\/www.hunimed.eu\/news\/discorso-di-inaugurazione-del-magnifico-rettore-terracciano-per-il-nuovo-anno-accademico\/\"},\"wordCount\":2198,\"commentCount\":0,\"publisher\":{\"@id\":\"https:\/\/www.hunimed.eu\/#organization\"},\"image\":{\"@id\":\"https:\/\/www.hunimed.eu\/news\/discorso-di-inaugurazione-del-magnifico-rettore-terracciano-per-il-nuovo-anno-accademico\/#primaryimage\"},\"thumbnailUrl\":\"https:\/\/www.hunimed.eu\/wp-content\/uploads\/2025\/08\/HUNIMED-News-2024-18.jpg?wsr\",\"articleSection\":[\"Eventi\",\"Mondo Humanitas\"],\"inLanguage\":\"it-IT\"},{\"@type\":\"WebPage\",\"@id\":\"https:\/\/www.hunimed.eu\/news\/discorso-di-inaugurazione-del-magnifico-rettore-terracciano-per-il-nuovo-anno-accademico\/\",\"url\":\"https:\/\/www.hunimed.eu\/news\/discorso-di-inaugurazione-del-magnifico-rettore-terracciano-per-il-nuovo-anno-accademico\/\",\"name\":\"Discorso di inaugurazione del Magnifico Rettore Luigi Maria Terracciano per il nuovo Anno Accademico 2023\/2024 - Hunimed\",\"isPartOf\":{\"@id\":\"https:\/\/www.hunimed.eu\/#website\"},\"primaryImageOfPage\":{\"@id\":\"https:\/\/www.hunimed.eu\/news\/discorso-di-inaugurazione-del-magnifico-rettore-terracciano-per-il-nuovo-anno-accademico\/#primaryimage\"},\"image\":{\"@id\":\"https:\/\/www.hunimed.eu\/news\/discorso-di-inaugurazione-del-magnifico-rettore-terracciano-per-il-nuovo-anno-accademico\/#primaryimage\"},\"thumbnailUrl\":\"https:\/\/www.hunimed.eu\/wp-content\/uploads\/2025\/08\/HUNIMED-News-2024-18.jpg?wsr\",\"datePublished\":\"2024-02-28T10:30:12+00:00\",\"description\":\"\\\"Rivolgo a tutti un caloroso benvenuto all\u2019inaugurazione dell\u2019anno accademico 2023\/2024 di Humanitas University. Un sincero e particolare ringraziamento\",\"breadcrumb\":{\"@id\":\"https:\/\/www.hunimed.eu\/news\/discorso-di-inaugurazione-del-magnifico-rettore-terracciano-per-il-nuovo-anno-accademico\/#breadcrumb\"},\"inLanguage\":\"it-IT\",\"potentialAction\":[{\"@type\":\"ReadAction\",\"target\":[\"https:\/\/www.hunimed.eu\/news\/discorso-di-inaugurazione-del-magnifico-rettore-terracciano-per-il-nuovo-anno-accademico\/\"]}]},{\"@type\":\"ImageObject\",\"inLanguage\":\"it-IT\",\"@id\":\"https:\/\/www.hunimed.eu\/news\/discorso-di-inaugurazione-del-magnifico-rettore-terracciano-per-il-nuovo-anno-accademico\/#primaryimage\",\"url\":\"https:\/\/www.hunimed.eu\/wp-content\/uploads\/2025\/08\/HUNIMED-News-2024-18.jpg?wsr\",\"contentUrl\":\"https:\/\/www.hunimed.eu\/wp-content\/uploads\/2025\/08\/HUNIMED-News-2024-18.jpg?wsr\",\"width\":1200,\"height\":600},{\"@type\":\"BreadcrumbList\",\"@id\":\"https:\/\/www.hunimed.eu\/news\/discorso-di-inaugurazione-del-magnifico-rettore-terracciano-per-il-nuovo-anno-accademico\/#breadcrumb\",\"itemListElement\":[{\"@type\":\"ListItem\",\"position\":1,\"name\":\"Home\",\"item\":\"https:\/\/www.hunimed.eu\/it\/\"},{\"@type\":\"ListItem\",\"position\":2,\"name\":\"Discorso di inaugurazione del Magnifico Rettore Luigi Maria Terracciano per il nuovo Anno Accademico 2023\/2024\"}]},{\"@type\":\"WebSite\",\"@id\":\"https:\/\/www.hunimed.eu\/#website\",\"url\":\"https:\/\/www.hunimed.eu\/\",\"name\":\"Hunimed\",\"description\":\"Humanitas University\",\"publisher\":{\"@id\":\"https:\/\/www.hunimed.eu\/#organization\"},\"potentialAction\":[{\"@type\":\"SearchAction\",\"target\":{\"@type\":\"EntryPoint\",\"urlTemplate\":\"https:\/\/www.hunimed.eu\/?s={search_term_string}\"},\"query-input\":{\"@type\":\"PropertyValueSpecification\",\"valueRequired\":true,\"valueName\":\"search_term_string\"}}],\"inLanguage\":\"it-IT\"},{\"@type\":\"Organization\",\"@id\":\"https:\/\/www.hunimed.eu\/#organization\",\"name\":\"Humanitas University\",\"url\":\"https:\/\/www.hunimed.eu\/\",\"logo\":{\"@type\":\"ImageObject\",\"inLanguage\":\"it-IT\",\"@id\":\"https:\/\/www.hunimed.eu\/#\/schema\/logo\/image\/\",\"url\":\"https:\/\/www.hunimed.eu\/wp-content\/uploads\/2025\/06\/Logo.svg?wsr\",\"contentUrl\":\"https:\/\/www.hunimed.eu\/wp-content\/uploads\/2025\/06\/Logo.svg?wsr\",\"caption\":\"Humanitas University\"},\"image\":{\"@id\":\"https:\/\/www.hunimed.eu\/#\/schema\/logo\/image\/\"},\"sameAs\":[\"https:\/\/www.facebook.com\/Hunimed\/\",\"https:\/\/www.linkedin.com\/school\/18280267\/admin\/\"]},{\"@type\":\"Person\",\"@id\":\"https:\/\/www.hunimed.eu\/#\/schema\/person\/e414590fa47a8fde3d814ab0ad9e9ce1\",\"name\":\"Nesho\",\"image\":{\"@type\":\"ImageObject\",\"inLanguage\":\"it-IT\",\"@id\":\"https:\/\/secure.gravatar.com\/avatar\/519043b75237e8f20522026e1c1e6cb9337aa5a6a0c7765f4a8f835e2702116f?s=96&d=mm&r=g\",\"url\":\"https:\/\/secure.gravatar.com\/avatar\/519043b75237e8f20522026e1c1e6cb9337aa5a6a0c7765f4a8f835e2702116f?s=96&d=mm&r=g\",\"contentUrl\":\"https:\/\/secure.gravatar.com\/avatar\/519043b75237e8f20522026e1c1e6cb9337aa5a6a0c7765f4a8f835e2702116f?s=96&d=mm&r=g\",\"caption\":\"Nesho\"},\"description\":\"xx\",\"url\":\"https:\/\/www.hunimed.eu\/it\/news\/author\/nesho\/\"}]}<\/script>\n<!-- \/ Yoast SEO plugin. -->","yoast_head_json":{"title":"Discorso di inaugurazione del Magnifico Rettore Luigi Maria Terracciano per il nuovo Anno Accademico 2023\/2024 - Hunimed","description":"\"Rivolgo a tutti un caloroso benvenuto all\u2019inaugurazione dell\u2019anno accademico 2023\/2024 di Humanitas University. Un sincero e particolare ringraziamento","robots":{"index":"index","follow":"follow","max-snippet":"max-snippet:-1","max-image-preview":"max-image-preview:large","max-video-preview":"max-video-preview:-1"},"canonical":"https:\/\/www.hunimed.eu\/news\/discorso-di-inaugurazione-del-magnifico-rettore-terracciano-per-il-nuovo-anno-accademico\/","og_locale":"it_IT","og_type":"article","og_title":"Discorso di inaugurazione del Magnifico Rettore Luigi Maria Terracciano per il nuovo Anno Accademico 2023\/2024 - Hunimed","og_description":"\"Rivolgo a tutti un caloroso benvenuto all\u2019inaugurazione dell\u2019anno accademico 2023\/2024 di Humanitas University. Un sincero e particolare ringraziamento","og_url":"https:\/\/www.hunimed.eu\/news\/discorso-di-inaugurazione-del-magnifico-rettore-terracciano-per-il-nuovo-anno-accademico\/","og_site_name":"Hunimed","article_publisher":"https:\/\/www.facebook.com\/Hunimed\/","article_published_time":"2024-02-28T10:30:12+00:00","og_image":[{"width":1200,"height":600,"url":"https:\/\/www.hunimed.eu\/wp-content\/uploads\/2025\/08\/HUNIMED-News-2024-18.jpg","type":"image\/jpeg"}],"author":"Nesho","twitter_card":"summary_large_image","twitter_misc":{"Scritto da":"Nesho","Tempo di lettura stimato":"12 minuti"},"schema":{"@context":"https:\/\/schema.org","@graph":[{"@type":"Article","@id":"https:\/\/www.hunimed.eu\/news\/discorso-di-inaugurazione-del-magnifico-rettore-terracciano-per-il-nuovo-anno-accademico\/#article","isPartOf":{"@id":"https:\/\/www.hunimed.eu\/news\/discorso-di-inaugurazione-del-magnifico-rettore-terracciano-per-il-nuovo-anno-accademico\/"},"author":{"name":"Nesho","@id":"https:\/\/www.hunimed.eu\/#\/schema\/person\/e414590fa47a8fde3d814ab0ad9e9ce1"},"headline":"Discorso di inaugurazione del Magnifico Rettore Luigi Maria Terracciano per il nuovo Anno Accademico 2023\/2024","datePublished":"2024-02-28T10:30:12+00:00","mainEntityOfPage":{"@id":"https:\/\/www.hunimed.eu\/news\/discorso-di-inaugurazione-del-magnifico-rettore-terracciano-per-il-nuovo-anno-accademico\/"},"wordCount":2198,"commentCount":0,"publisher":{"@id":"https:\/\/www.hunimed.eu\/#organization"},"image":{"@id":"https:\/\/www.hunimed.eu\/news\/discorso-di-inaugurazione-del-magnifico-rettore-terracciano-per-il-nuovo-anno-accademico\/#primaryimage"},"thumbnailUrl":"https:\/\/www.hunimed.eu\/wp-content\/uploads\/2025\/08\/HUNIMED-News-2024-18.jpg?wsr","articleSection":["Eventi","Mondo Humanitas"],"inLanguage":"it-IT"},{"@type":"WebPage","@id":"https:\/\/www.hunimed.eu\/news\/discorso-di-inaugurazione-del-magnifico-rettore-terracciano-per-il-nuovo-anno-accademico\/","url":"https:\/\/www.hunimed.eu\/news\/discorso-di-inaugurazione-del-magnifico-rettore-terracciano-per-il-nuovo-anno-accademico\/","name":"Discorso di inaugurazione del Magnifico Rettore Luigi Maria Terracciano per il nuovo Anno Accademico 2023\/2024 - Hunimed","isPartOf":{"@id":"https:\/\/www.hunimed.eu\/#website"},"primaryImageOfPage":{"@id":"https:\/\/www.hunimed.eu\/news\/discorso-di-inaugurazione-del-magnifico-rettore-terracciano-per-il-nuovo-anno-accademico\/#primaryimage"},"image":{"@id":"https:\/\/www.hunimed.eu\/news\/discorso-di-inaugurazione-del-magnifico-rettore-terracciano-per-il-nuovo-anno-accademico\/#primaryimage"},"thumbnailUrl":"https:\/\/www.hunimed.eu\/wp-content\/uploads\/2025\/08\/HUNIMED-News-2024-18.jpg?wsr","datePublished":"2024-02-28T10:30:12+00:00","description":"\"Rivolgo a tutti un caloroso benvenuto all\u2019inaugurazione dell\u2019anno accademico 2023\/2024 di Humanitas University. Un sincero e particolare ringraziamento","breadcrumb":{"@id":"https:\/\/www.hunimed.eu\/news\/discorso-di-inaugurazione-del-magnifico-rettore-terracciano-per-il-nuovo-anno-accademico\/#breadcrumb"},"inLanguage":"it-IT","potentialAction":[{"@type":"ReadAction","target":["https:\/\/www.hunimed.eu\/news\/discorso-di-inaugurazione-del-magnifico-rettore-terracciano-per-il-nuovo-anno-accademico\/"]}]},{"@type":"ImageObject","inLanguage":"it-IT","@id":"https:\/\/www.hunimed.eu\/news\/discorso-di-inaugurazione-del-magnifico-rettore-terracciano-per-il-nuovo-anno-accademico\/#primaryimage","url":"https:\/\/www.hunimed.eu\/wp-content\/uploads\/2025\/08\/HUNIMED-News-2024-18.jpg?wsr","contentUrl":"https:\/\/www.hunimed.eu\/wp-content\/uploads\/2025\/08\/HUNIMED-News-2024-18.jpg?wsr","width":1200,"height":600},{"@type":"BreadcrumbList","@id":"https:\/\/www.hunimed.eu\/news\/discorso-di-inaugurazione-del-magnifico-rettore-terracciano-per-il-nuovo-anno-accademico\/#breadcrumb","itemListElement":[{"@type":"ListItem","position":1,"name":"Home","item":"https:\/\/www.hunimed.eu\/it\/"},{"@type":"ListItem","position":2,"name":"Discorso di inaugurazione del Magnifico Rettore Luigi Maria Terracciano per il nuovo Anno Accademico 2023\/2024"}]},{"@type":"WebSite","@id":"https:\/\/www.hunimed.eu\/#website","url":"https:\/\/www.hunimed.eu\/","name":"Hunimed","description":"Humanitas University","publisher":{"@id":"https:\/\/www.hunimed.eu\/#organization"},"potentialAction":[{"@type":"SearchAction","target":{"@type":"EntryPoint","urlTemplate":"https:\/\/www.hunimed.eu\/?s={search_term_string}"},"query-input":{"@type":"PropertyValueSpecification","valueRequired":true,"valueName":"search_term_string"}}],"inLanguage":"it-IT"},{"@type":"Organization","@id":"https:\/\/www.hunimed.eu\/#organization","name":"Humanitas University","url":"https:\/\/www.hunimed.eu\/","logo":{"@type":"ImageObject","inLanguage":"it-IT","@id":"https:\/\/www.hunimed.eu\/#\/schema\/logo\/image\/","url":"https:\/\/www.hunimed.eu\/wp-content\/uploads\/2025\/06\/Logo.svg?wsr","contentUrl":"https:\/\/www.hunimed.eu\/wp-content\/uploads\/2025\/06\/Logo.svg?wsr","caption":"Humanitas University"},"image":{"@id":"https:\/\/www.hunimed.eu\/#\/schema\/logo\/image\/"},"sameAs":["https:\/\/www.facebook.com\/Hunimed\/","https:\/\/www.linkedin.com\/school\/18280267\/admin\/"]},{"@type":"Person","@id":"https:\/\/www.hunimed.eu\/#\/schema\/person\/e414590fa47a8fde3d814ab0ad9e9ce1","name":"Nesho","image":{"@type":"ImageObject","inLanguage":"it-IT","@id":"https:\/\/secure.gravatar.com\/avatar\/519043b75237e8f20522026e1c1e6cb9337aa5a6a0c7765f4a8f835e2702116f?s=96&d=mm&r=g","url":"https:\/\/secure.gravatar.com\/avatar\/519043b75237e8f20522026e1c1e6cb9337aa5a6a0c7765f4a8f835e2702116f?s=96&d=mm&r=g","contentUrl":"https:\/\/secure.gravatar.com\/avatar\/519043b75237e8f20522026e1c1e6cb9337aa5a6a0c7765f4a8f835e2702116f?s=96&d=mm&r=g","caption":"Nesho"},"description":"xx","url":"https:\/\/www.hunimed.eu\/it\/news\/author\/nesho\/"}]}},"taxonomy_info":{"category":[{"value":2024,"label":"Eventi"},{"value":401,"label":"Mondo Humanitas"}]},"featured_image_src_large":["https:\/\/www.hunimed.eu\/wp-content\/uploads\/2025\/08\/HUNIMED-News-2024-18-1024x512.jpg?wsr",1024,512,true],"author_info":{"display_name":"Nesho","author_link":"https:\/\/www.hunimed.eu\/it\/news\/author\/nesho\/"},"comment_info":"","category_info":[{"term_id":2024,"name":"Eventi","slug":"eventi-4-2","term_group":0,"term_taxonomy_id":2024,"taxonomy":"category","description":"","parent":0,"count":184,"filter":"raw","cat_ID":2024,"category_count":184,"category_description":"","cat_name":"Eventi","category_nicename":"eventi-4-2","category_parent":0},{"term_id":401,"name":"Mondo Humanitas","slug":"mondo-humanitas","term_group":0,"term_taxonomy_id":401,"taxonomy":"category","description":"","parent":0,"count":287,"filter":"raw","cat_ID":401,"category_count":287,"category_description":"","cat_name":"Mondo Humanitas","category_nicename":"mondo-humanitas","category_parent":0}],"tag_info":false,"_links":{"self":[{"href":"https:\/\/www.hunimed.eu\/it\/wp-json\/wp\/v2\/posts\/38008","targetHints":{"allow":["GET"]}}],"collection":[{"href":"https:\/\/www.hunimed.eu\/it\/wp-json\/wp\/v2\/posts"}],"about":[{"href":"https:\/\/www.hunimed.eu\/it\/wp-json\/wp\/v2\/types\/post"}],"author":[{"embeddable":true,"href":"https:\/\/www.hunimed.eu\/it\/wp-json\/wp\/v2\/users\/2"}],"replies":[{"embeddable":true,"href":"https:\/\/www.hunimed.eu\/it\/wp-json\/wp\/v2\/comments?post=38008"}],"version-history":[{"count":0,"href":"https:\/\/www.hunimed.eu\/it\/wp-json\/wp\/v2\/posts\/38008\/revisions"}],"wp:featuredmedia":[{"embeddable":true,"href":"https:\/\/www.hunimed.eu\/it\/wp-json\/wp\/v2\/media\/26450"}],"wp:attachment":[{"href":"https:\/\/www.hunimed.eu\/it\/wp-json\/wp\/v2\/media?parent=38008"}],"wp:term":[{"taxonomy":"category","embeddable":true,"href":"https:\/\/www.hunimed.eu\/it\/wp-json\/wp\/v2\/categories?post=38008"},{"taxonomy":"post_tag","embeddable":true,"href":"https:\/\/www.hunimed.eu\/it\/wp-json\/wp\/v2\/tags?post=38008"}],"curies":[{"name":"wp","href":"https:\/\/api.w.org\/{rel}","templated":true}]}}