{"id":37977,"date":"2023-09-25T09:00:52","date_gmt":"2023-09-25T09:00:52","guid":{"rendered":"https:\/\/www.hunimed.eu\/news\/65a-edizione-della-settimana-internazionale-delle-persone-sorde\/"},"modified":"2023-09-25T09:00:52","modified_gmt":"2023-09-25T09:00:52","slug":"65a-edizione-della-settimana-internazionale-delle-persone-sorde","status":"publish","type":"post","link":"https:\/\/www.hunimed.eu\/it\/news\/65a-edizione-della-settimana-internazionale-delle-persone-sorde\/","title":{"rendered":"65\u00aa edizione della Settimana Internazionale delle Persone Sorde"},"content":{"rendered":"<p>Durante l&#8217;ultima settimana di settembre si celebra in tutto il mondo la Settimana Internazionale delle Persone Sorde. L\u2019iniziativa, promossa dalla <strong>World Federation of the Deaf<\/strong>, prevede attivit\u00e0 e incontri per sensibilizzare l\u2019opinione pubblica su sordit\u00e0, linguaggio dei segni, libert\u00e0 di scelta comunicativa e bilinguismo. L&#8217;obiettivo \u00e8 affermare la necessit\u00e0 di inclusione delle persone sorde in ambito scolastico, lavorativo e sociale, nonch\u00e9 di rivendicare pari diritti e opportunit\u00e0.<\/p>\n<p>Il <strong>23 settembre<\/strong> l\u2019Assemblea generale delle Nazioni Unite ha indetto la giornata per riconoscere e promuovere le oltre 200 differenti lingue dei segni e per tutelare le diversit\u00e0 culturali e linguistiche. Alla pari delle lingue parlate infatti, quelle dei segni sono caratterizzate da segni e modi di esprimersi tipici delle diverse aree geografiche in cui sono utilizzate.<\/p>\n<h3><strong>La lingua non deve essere una barriera<\/strong><\/h3>\n<p>Fino a tempi molto recenti, le persone sorde incontravano non poche difficolt\u00e0 ad accedere a professioni che non fossero manuali. Solo nel 1994 fu introdotta in ambito universitario la sotto titolatura per assicurare a tutti le stesse opportunit\u00e0 formative. \u00abQueste persone sono perfettamente in grado di studiare, di scegliere e di svolgere la professione che meglio si adatta alle loro inclinazioni personali \u2013 spiega la <a class=\"arrow\" href=\"https:\/\/www.hunimed.eu\/it\/member\/stefania-vetrano\/\"><strong>professoressa<\/strong> <strong>Stefania Vetrano<\/strong><\/a>\u00a0 \u00a0 <strong>Delegata Humanitas University alla disabilit\u00e0 e DSA<\/strong> \u2013, la loro barriera \u00e8 il linguaggio. In una societ\u00e0 veramente inclusiva bisognerebbe introdurre nella formazione scolastica anche l\u2019apprendimento della lingua dei segni e sensibilizzare maggiormente rispetto alle disabilit\u00e0 uditive\u00bb.<\/p>\n<p>In molti ambiti \u2013 ultimo ma non meno importante quello sanitario \u2013<strong> si pone ancora poca attenzione al disagio della sordit\u00e0<\/strong>, causando non poche difficolt\u00e0 a coloro che vivono questa condizione nel quotidiano. Spesso si ritrovano a dover essere accompagnati da un parente o da una persona che faccia da interprete. \u00abNel caso di una visita medica il paziente dovrebbe sentirsi libero di parlare del suo stato di salute senza bisogno di essere accompagnato \u2013 continua l\u2019esperta \u2013. Oppure <strong>pensiamo alle difficolt\u00e0 che le persone sorde incontrano durante gli esami diagnostici o le degenze in reparto<\/strong>: qui il personale potrebbe non riuscire a comunicare perch\u00e9, ad esempio, la protesi acustica potrebbe essere stata rimossa oppure l\u2019interlocutore potrebbe indossare una mascherina. La lingua non pu\u00f2 essere una barriera nella vita e in particolare quando si tratta di salute\u00bb.<\/p>\n<h3><strong>Il convegno, un momento di confronto<\/strong><\/h3>\n<p>Per contribuire concretamente alla sensibilizzazione dei cittadini, degli studenti e di tutto il personale sanitario, <strong>il 20 settembre Humanitas University ha organizzato, insieme a ENS (<a href=\"https:\/\/www.ens.it\/?doing_wp_cron=1695825434.2143929004669189453125\">Ente Nazionale Sordi<\/a>),\u00a0l\u2019incontro \u201cIl complesso rapporto tra sanit\u00e0 e persone con disabilit\u00e0 uditive\u201d<\/strong>. L\u2019evento ha costituito un ottimo spunto per confrontarsi sui temi dell\u2019accessibilit\u00e0 dei pazienti sordi all\u2019ambiente ospedaliero. \u00c8 solo attraverso la comunicazione chiara ed esaustiva tra medico, infermiere e paziente, che alle persone sorde pu\u00f2 essere garantito un accesso paritario alla sanit\u00e0.<\/p>\n<p>\u00abUn incontro molto importante a cui hanno preso parte oltre 40 persone, tra medici, operatori sanitari, ingegneri e studenti, insieme a diversi membri dell\u2019ENS. Oltre all\u2019opera di sensibilizzazione, \u00e8 stato possibile fare il punto della situazione attuale. Tra le varie tematiche trattate \u2013 continua la professoressa Vetrano \u2013 ritengo di particolare importanza quella di inserire nel piano di studi dei corsi di laurea in ambito sanitario un corso di linguaggio LIS (lingua dei segni), al fine di facilitare il dialogo tra professionista e paziente\u00bb.<\/p>\n","protected":false},"excerpt":{"rendered":"<p>Durante l&#8217;ultima settimana di settembre si celebra in tutto il mondo la Settimana Internazionale delle Persone Sorde. L\u2019iniziativa, promossa dalla World Federation of the Deaf, prevede attivit\u00e0 e incontri per sensibilizzare l\u2019opinione pubblica su sordit\u00e0, linguaggio dei segni, libert\u00e0 di scelta comunicativa e bilinguismo. L&#8217;obiettivo \u00e8 affermare la necessit\u00e0 di inclusione delle persone sorde in [&hellip;]<\/p>\n","protected":false},"author":16,"featured_media":26359,"comment_status":"open","ping_status":"open","sticky":false,"template":"","format":"standard","meta":{"_acf_changed":false,"_kad_blocks_custom_css":"","_kad_blocks_head_custom_js":"","_kad_blocks_body_custom_js":"","_kad_blocks_footer_custom_js":"","footnotes":""},"categories":[2024,401],"tags":[],"class_list":["post-37977","post","type-post","status-publish","format-standard","has-post-thumbnail","hentry","category-eventi-4-2","category-mondo-humanitas"],"acf":[],"yoast_head":"<!-- This site is optimized with the Yoast SEO plugin v27.2 - https:\/\/yoast.com\/product\/yoast-seo-wordpress\/ -->\n<title>65\u00aa edizione della Settimana Internazionale delle Persone Sorde - Hunimed<\/title>\n<meta name=\"description\" content=\"Durante l&#039;ultima settimana di settembre si celebra in tutto il mondo la Settimana Internazionale delle Persone Sorde. L\u2019iniziativa, promossa dalla World\" \/>\n<meta name=\"robots\" content=\"index, follow, max-snippet:-1, max-image-preview:large, max-video-preview:-1\" \/>\n<link rel=\"canonical\" href=\"https:\/\/www.hunimed.eu\/news\/65a-edizione-della-settimana-internazionale-delle-persone-sorde\/\" \/>\n<meta property=\"og:locale\" content=\"it_IT\" \/>\n<meta property=\"og:type\" content=\"article\" \/>\n<meta property=\"og:title\" content=\"65\u00aa edizione della Settimana Internazionale delle Persone Sorde - Hunimed\" \/>\n<meta property=\"og:description\" content=\"Durante l&#039;ultima settimana di settembre si celebra in tutto il mondo la Settimana Internazionale delle Persone Sorde. L\u2019iniziativa, promossa dalla World\" \/>\n<meta property=\"og:url\" content=\"https:\/\/www.hunimed.eu\/news\/65a-edizione-della-settimana-internazionale-delle-persone-sorde\/\" \/>\n<meta property=\"og:site_name\" content=\"Hunimed\" \/>\n<meta property=\"article:publisher\" content=\"https:\/\/www.facebook.com\/Hunimed\/\" \/>\n<meta property=\"article:published_time\" content=\"2023-09-25T09:00:52+00:00\" \/>\n<meta property=\"og:image\" content=\"https:\/\/www.hunimed.eu\/wp-content\/uploads\/2025\/08\/HUNIMED-News-4.png\" \/>\n\t<meta property=\"og:image:width\" content=\"600\" \/>\n\t<meta property=\"og:image:height\" content=\"320\" \/>\n\t<meta property=\"og:image:type\" content=\"image\/png\" \/>\n<meta name=\"author\" content=\"edit@humanitas\" \/>\n<meta name=\"twitter:card\" content=\"summary_large_image\" \/>\n<meta name=\"twitter:label1\" content=\"Scritto da\" \/>\n\t<meta name=\"twitter:data1\" content=\"edit@humanitas\" \/>\n\t<meta name=\"twitter:label2\" content=\"Tempo di lettura stimato\" \/>\n\t<meta name=\"twitter:data2\" content=\"3 minuti\" \/>\n<script type=\"application\/ld+json\" class=\"yoast-schema-graph\">{\"@context\":\"https:\/\/schema.org\",\"@graph\":[{\"@type\":\"Article\",\"@id\":\"https:\/\/www.hunimed.eu\/news\/65a-edizione-della-settimana-internazionale-delle-persone-sorde\/#article\",\"isPartOf\":{\"@id\":\"https:\/\/www.hunimed.eu\/news\/65a-edizione-della-settimana-internazionale-delle-persone-sorde\/\"},\"author\":{\"name\":\"edit@humanitas\",\"@id\":\"https:\/\/www.hunimed.eu\/#\/schema\/person\/cbe85a517f5d0316033eda8329e38457\"},\"headline\":\"65\u00aa edizione della Settimana Internazionale delle Persone Sorde\",\"datePublished\":\"2023-09-25T09:00:52+00:00\",\"mainEntityOfPage\":{\"@id\":\"https:\/\/www.hunimed.eu\/news\/65a-edizione-della-settimana-internazionale-delle-persone-sorde\/\"},\"wordCount\":547,\"commentCount\":0,\"publisher\":{\"@id\":\"https:\/\/www.hunimed.eu\/#organization\"},\"image\":{\"@id\":\"https:\/\/www.hunimed.eu\/news\/65a-edizione-della-settimana-internazionale-delle-persone-sorde\/#primaryimage\"},\"thumbnailUrl\":\"https:\/\/www.hunimed.eu\/wp-content\/uploads\/2025\/08\/HUNIMED-News-4.png?wsr\",\"articleSection\":[\"Eventi\",\"Mondo Humanitas\"],\"inLanguage\":\"it-IT\"},{\"@type\":\"WebPage\",\"@id\":\"https:\/\/www.hunimed.eu\/news\/65a-edizione-della-settimana-internazionale-delle-persone-sorde\/\",\"url\":\"https:\/\/www.hunimed.eu\/news\/65a-edizione-della-settimana-internazionale-delle-persone-sorde\/\",\"name\":\"65\u00aa edizione della Settimana Internazionale delle Persone Sorde - Hunimed\",\"isPartOf\":{\"@id\":\"https:\/\/www.hunimed.eu\/#website\"},\"primaryImageOfPage\":{\"@id\":\"https:\/\/www.hunimed.eu\/news\/65a-edizione-della-settimana-internazionale-delle-persone-sorde\/#primaryimage\"},\"image\":{\"@id\":\"https:\/\/www.hunimed.eu\/news\/65a-edizione-della-settimana-internazionale-delle-persone-sorde\/#primaryimage\"},\"thumbnailUrl\":\"https:\/\/www.hunimed.eu\/wp-content\/uploads\/2025\/08\/HUNIMED-News-4.png?wsr\",\"datePublished\":\"2023-09-25T09:00:52+00:00\",\"description\":\"Durante l'ultima settimana di settembre si celebra in tutto il mondo la Settimana Internazionale delle Persone Sorde. L\u2019iniziativa, promossa dalla World\",\"breadcrumb\":{\"@id\":\"https:\/\/www.hunimed.eu\/news\/65a-edizione-della-settimana-internazionale-delle-persone-sorde\/#breadcrumb\"},\"inLanguage\":\"it-IT\",\"potentialAction\":[{\"@type\":\"ReadAction\",\"target\":[\"https:\/\/www.hunimed.eu\/news\/65a-edizione-della-settimana-internazionale-delle-persone-sorde\/\"]}]},{\"@type\":\"ImageObject\",\"inLanguage\":\"it-IT\",\"@id\":\"https:\/\/www.hunimed.eu\/news\/65a-edizione-della-settimana-internazionale-delle-persone-sorde\/#primaryimage\",\"url\":\"https:\/\/www.hunimed.eu\/wp-content\/uploads\/2025\/08\/HUNIMED-News-4.png?wsr\",\"contentUrl\":\"https:\/\/www.hunimed.eu\/wp-content\/uploads\/2025\/08\/HUNIMED-News-4.png?wsr\",\"width\":600,\"height\":320},{\"@type\":\"BreadcrumbList\",\"@id\":\"https:\/\/www.hunimed.eu\/news\/65a-edizione-della-settimana-internazionale-delle-persone-sorde\/#breadcrumb\",\"itemListElement\":[{\"@type\":\"ListItem\",\"position\":1,\"name\":\"Home\",\"item\":\"https:\/\/www.hunimed.eu\/it\/\"},{\"@type\":\"ListItem\",\"position\":2,\"name\":\"65\u00aa edizione della Settimana Internazionale delle Persone Sorde\"}]},{\"@type\":\"WebSite\",\"@id\":\"https:\/\/www.hunimed.eu\/#website\",\"url\":\"https:\/\/www.hunimed.eu\/\",\"name\":\"Hunimed\",\"description\":\"Humanitas University\",\"publisher\":{\"@id\":\"https:\/\/www.hunimed.eu\/#organization\"},\"potentialAction\":[{\"@type\":\"SearchAction\",\"target\":{\"@type\":\"EntryPoint\",\"urlTemplate\":\"https:\/\/www.hunimed.eu\/?s={search_term_string}\"},\"query-input\":{\"@type\":\"PropertyValueSpecification\",\"valueRequired\":true,\"valueName\":\"search_term_string\"}}],\"inLanguage\":\"it-IT\"},{\"@type\":\"Organization\",\"@id\":\"https:\/\/www.hunimed.eu\/#organization\",\"name\":\"Humanitas University\",\"url\":\"https:\/\/www.hunimed.eu\/\",\"logo\":{\"@type\":\"ImageObject\",\"inLanguage\":\"it-IT\",\"@id\":\"https:\/\/www.hunimed.eu\/#\/schema\/logo\/image\/\",\"url\":\"https:\/\/www.hunimed.eu\/wp-content\/uploads\/2025\/06\/Logo.svg?wsr\",\"contentUrl\":\"https:\/\/www.hunimed.eu\/wp-content\/uploads\/2025\/06\/Logo.svg?wsr\",\"caption\":\"Humanitas University\"},\"image\":{\"@id\":\"https:\/\/www.hunimed.eu\/#\/schema\/logo\/image\/\"},\"sameAs\":[\"https:\/\/www.facebook.com\/Hunimed\/\",\"https:\/\/www.linkedin.com\/school\/18280267\/admin\/\"]},{\"@type\":\"Person\",\"@id\":\"https:\/\/www.hunimed.eu\/#\/schema\/person\/cbe85a517f5d0316033eda8329e38457\",\"name\":\"edit@humanitas\",\"image\":{\"@type\":\"ImageObject\",\"inLanguage\":\"it-IT\",\"@id\":\"https:\/\/secure.gravatar.com\/avatar\/e785548038467c6e09e44311549cfa096e2b3dd02edfdfd427b584a1347e82b9?s=96&d=mm&r=g\",\"url\":\"https:\/\/secure.gravatar.com\/avatar\/e785548038467c6e09e44311549cfa096e2b3dd02edfdfd427b584a1347e82b9?s=96&d=mm&r=g\",\"contentUrl\":\"https:\/\/secure.gravatar.com\/avatar\/e785548038467c6e09e44311549cfa096e2b3dd02edfdfd427b584a1347e82b9?s=96&d=mm&r=g\",\"caption\":\"edit@humanitas\"},\"url\":\"https:\/\/www.hunimed.eu\/it\/news\/author\/edithumanitas\/\"}]}<\/script>\n<!-- \/ Yoast SEO plugin. -->","yoast_head_json":{"title":"65\u00aa edizione della Settimana Internazionale delle Persone Sorde - Hunimed","description":"Durante l'ultima settimana di settembre si celebra in tutto il mondo la Settimana Internazionale delle Persone Sorde. L\u2019iniziativa, promossa dalla World","robots":{"index":"index","follow":"follow","max-snippet":"max-snippet:-1","max-image-preview":"max-image-preview:large","max-video-preview":"max-video-preview:-1"},"canonical":"https:\/\/www.hunimed.eu\/news\/65a-edizione-della-settimana-internazionale-delle-persone-sorde\/","og_locale":"it_IT","og_type":"article","og_title":"65\u00aa edizione della Settimana Internazionale delle Persone Sorde - Hunimed","og_description":"Durante l'ultima settimana di settembre si celebra in tutto il mondo la Settimana Internazionale delle Persone Sorde. L\u2019iniziativa, promossa dalla World","og_url":"https:\/\/www.hunimed.eu\/news\/65a-edizione-della-settimana-internazionale-delle-persone-sorde\/","og_site_name":"Hunimed","article_publisher":"https:\/\/www.facebook.com\/Hunimed\/","article_published_time":"2023-09-25T09:00:52+00:00","og_image":[{"width":600,"height":320,"url":"https:\/\/www.hunimed.eu\/wp-content\/uploads\/2025\/08\/HUNIMED-News-4.png","type":"image\/png"}],"author":"edit@humanitas","twitter_card":"summary_large_image","twitter_misc":{"Scritto da":"edit@humanitas","Tempo di lettura stimato":"3 minuti"},"schema":{"@context":"https:\/\/schema.org","@graph":[{"@type":"Article","@id":"https:\/\/www.hunimed.eu\/news\/65a-edizione-della-settimana-internazionale-delle-persone-sorde\/#article","isPartOf":{"@id":"https:\/\/www.hunimed.eu\/news\/65a-edizione-della-settimana-internazionale-delle-persone-sorde\/"},"author":{"name":"edit@humanitas","@id":"https:\/\/www.hunimed.eu\/#\/schema\/person\/cbe85a517f5d0316033eda8329e38457"},"headline":"65\u00aa edizione della Settimana Internazionale delle Persone Sorde","datePublished":"2023-09-25T09:00:52+00:00","mainEntityOfPage":{"@id":"https:\/\/www.hunimed.eu\/news\/65a-edizione-della-settimana-internazionale-delle-persone-sorde\/"},"wordCount":547,"commentCount":0,"publisher":{"@id":"https:\/\/www.hunimed.eu\/#organization"},"image":{"@id":"https:\/\/www.hunimed.eu\/news\/65a-edizione-della-settimana-internazionale-delle-persone-sorde\/#primaryimage"},"thumbnailUrl":"https:\/\/www.hunimed.eu\/wp-content\/uploads\/2025\/08\/HUNIMED-News-4.png?wsr","articleSection":["Eventi","Mondo Humanitas"],"inLanguage":"it-IT"},{"@type":"WebPage","@id":"https:\/\/www.hunimed.eu\/news\/65a-edizione-della-settimana-internazionale-delle-persone-sorde\/","url":"https:\/\/www.hunimed.eu\/news\/65a-edizione-della-settimana-internazionale-delle-persone-sorde\/","name":"65\u00aa edizione della Settimana Internazionale delle Persone Sorde - Hunimed","isPartOf":{"@id":"https:\/\/www.hunimed.eu\/#website"},"primaryImageOfPage":{"@id":"https:\/\/www.hunimed.eu\/news\/65a-edizione-della-settimana-internazionale-delle-persone-sorde\/#primaryimage"},"image":{"@id":"https:\/\/www.hunimed.eu\/news\/65a-edizione-della-settimana-internazionale-delle-persone-sorde\/#primaryimage"},"thumbnailUrl":"https:\/\/www.hunimed.eu\/wp-content\/uploads\/2025\/08\/HUNIMED-News-4.png?wsr","datePublished":"2023-09-25T09:00:52+00:00","description":"Durante l'ultima settimana di settembre si celebra in tutto il mondo la Settimana Internazionale delle Persone Sorde. L\u2019iniziativa, promossa dalla World","breadcrumb":{"@id":"https:\/\/www.hunimed.eu\/news\/65a-edizione-della-settimana-internazionale-delle-persone-sorde\/#breadcrumb"},"inLanguage":"it-IT","potentialAction":[{"@type":"ReadAction","target":["https:\/\/www.hunimed.eu\/news\/65a-edizione-della-settimana-internazionale-delle-persone-sorde\/"]}]},{"@type":"ImageObject","inLanguage":"it-IT","@id":"https:\/\/www.hunimed.eu\/news\/65a-edizione-della-settimana-internazionale-delle-persone-sorde\/#primaryimage","url":"https:\/\/www.hunimed.eu\/wp-content\/uploads\/2025\/08\/HUNIMED-News-4.png?wsr","contentUrl":"https:\/\/www.hunimed.eu\/wp-content\/uploads\/2025\/08\/HUNIMED-News-4.png?wsr","width":600,"height":320},{"@type":"BreadcrumbList","@id":"https:\/\/www.hunimed.eu\/news\/65a-edizione-della-settimana-internazionale-delle-persone-sorde\/#breadcrumb","itemListElement":[{"@type":"ListItem","position":1,"name":"Home","item":"https:\/\/www.hunimed.eu\/it\/"},{"@type":"ListItem","position":2,"name":"65\u00aa edizione della Settimana Internazionale delle Persone Sorde"}]},{"@type":"WebSite","@id":"https:\/\/www.hunimed.eu\/#website","url":"https:\/\/www.hunimed.eu\/","name":"Hunimed","description":"Humanitas University","publisher":{"@id":"https:\/\/www.hunimed.eu\/#organization"},"potentialAction":[{"@type":"SearchAction","target":{"@type":"EntryPoint","urlTemplate":"https:\/\/www.hunimed.eu\/?s={search_term_string}"},"query-input":{"@type":"PropertyValueSpecification","valueRequired":true,"valueName":"search_term_string"}}],"inLanguage":"it-IT"},{"@type":"Organization","@id":"https:\/\/www.hunimed.eu\/#organization","name":"Humanitas University","url":"https:\/\/www.hunimed.eu\/","logo":{"@type":"ImageObject","inLanguage":"it-IT","@id":"https:\/\/www.hunimed.eu\/#\/schema\/logo\/image\/","url":"https:\/\/www.hunimed.eu\/wp-content\/uploads\/2025\/06\/Logo.svg?wsr","contentUrl":"https:\/\/www.hunimed.eu\/wp-content\/uploads\/2025\/06\/Logo.svg?wsr","caption":"Humanitas University"},"image":{"@id":"https:\/\/www.hunimed.eu\/#\/schema\/logo\/image\/"},"sameAs":["https:\/\/www.facebook.com\/Hunimed\/","https:\/\/www.linkedin.com\/school\/18280267\/admin\/"]},{"@type":"Person","@id":"https:\/\/www.hunimed.eu\/#\/schema\/person\/cbe85a517f5d0316033eda8329e38457","name":"edit@humanitas","image":{"@type":"ImageObject","inLanguage":"it-IT","@id":"https:\/\/secure.gravatar.com\/avatar\/e785548038467c6e09e44311549cfa096e2b3dd02edfdfd427b584a1347e82b9?s=96&d=mm&r=g","url":"https:\/\/secure.gravatar.com\/avatar\/e785548038467c6e09e44311549cfa096e2b3dd02edfdfd427b584a1347e82b9?s=96&d=mm&r=g","contentUrl":"https:\/\/secure.gravatar.com\/avatar\/e785548038467c6e09e44311549cfa096e2b3dd02edfdfd427b584a1347e82b9?s=96&d=mm&r=g","caption":"edit@humanitas"},"url":"https:\/\/www.hunimed.eu\/it\/news\/author\/edithumanitas\/"}]}},"taxonomy_info":{"category":[{"value":2024,"label":"Eventi"},{"value":401,"label":"Mondo Humanitas"}]},"featured_image_src_large":["https:\/\/www.hunimed.eu\/wp-content\/uploads\/2025\/08\/HUNIMED-News-4.png?wsr",600,320,false],"author_info":{"display_name":"edit@humanitas","author_link":"https:\/\/www.hunimed.eu\/it\/news\/author\/edithumanitas\/"},"comment_info":"","category_info":[{"term_id":2024,"name":"Eventi","slug":"eventi-4-2","term_group":0,"term_taxonomy_id":2024,"taxonomy":"category","description":"","parent":0,"count":184,"filter":"raw","cat_ID":2024,"category_count":184,"category_description":"","cat_name":"Eventi","category_nicename":"eventi-4-2","category_parent":0},{"term_id":401,"name":"Mondo Humanitas","slug":"mondo-humanitas","term_group":0,"term_taxonomy_id":401,"taxonomy":"category","description":"","parent":0,"count":287,"filter":"raw","cat_ID":401,"category_count":287,"category_description":"","cat_name":"Mondo Humanitas","category_nicename":"mondo-humanitas","category_parent":0}],"tag_info":false,"_links":{"self":[{"href":"https:\/\/www.hunimed.eu\/it\/wp-json\/wp\/v2\/posts\/37977","targetHints":{"allow":["GET"]}}],"collection":[{"href":"https:\/\/www.hunimed.eu\/it\/wp-json\/wp\/v2\/posts"}],"about":[{"href":"https:\/\/www.hunimed.eu\/it\/wp-json\/wp\/v2\/types\/post"}],"author":[{"embeddable":true,"href":"https:\/\/www.hunimed.eu\/it\/wp-json\/wp\/v2\/users\/16"}],"replies":[{"embeddable":true,"href":"https:\/\/www.hunimed.eu\/it\/wp-json\/wp\/v2\/comments?post=37977"}],"version-history":[{"count":0,"href":"https:\/\/www.hunimed.eu\/it\/wp-json\/wp\/v2\/posts\/37977\/revisions"}],"wp:featuredmedia":[{"embeddable":true,"href":"https:\/\/www.hunimed.eu\/it\/wp-json\/wp\/v2\/media\/26359"}],"wp:attachment":[{"href":"https:\/\/www.hunimed.eu\/it\/wp-json\/wp\/v2\/media?parent=37977"}],"wp:term":[{"taxonomy":"category","embeddable":true,"href":"https:\/\/www.hunimed.eu\/it\/wp-json\/wp\/v2\/categories?post=37977"},{"taxonomy":"post_tag","embeddable":true,"href":"https:\/\/www.hunimed.eu\/it\/wp-json\/wp\/v2\/tags?post=37977"}],"curies":[{"name":"wp","href":"https:\/\/api.w.org\/{rel}","templated":true}]}}