{"id":37969,"date":"2023-09-08T08:00:59","date_gmt":"2023-09-08T08:00:59","guid":{"rendered":"https:\/\/www.hunimed.eu\/?p=37969"},"modified":"2025-10-14T02:55:29","modified_gmt":"2025-10-14T02:55:29","slug":"l8-settembre-si-celebra-la-giornata-mondiale-della-fisioterapia","status":"publish","type":"post","link":"https:\/\/www.hunimed.eu\/it\/news\/l8-settembre-si-celebra-la-giornata-mondiale-della-fisioterapia\/","title":{"rendered":"L&#8217;8 settembre si celebra la Giornata Mondiale della Fisioterapia"},"content":{"rendered":"<p><em>Sono quasi 30 anni che si celebra la Giornata Mondiale della Fisioterapia, istituita nel 1996 dalla <\/em>Confederazione mondiale di Fisioterapia<em> (<\/em>WCPT &#8211; World Confederation for Physical Therapy<em>) con l\u2019obiettivo di sensibilizzare l\u2019opinione pubblica promuovendo il ruolo della fisioterapia e dei fisioterapisti per la salute dei pazienti e dei cittadini.<\/em><\/p>\n<p>In Italia, il tema scelto per il 2023 \u00e8 la \u201c<strong>La fisioterapia in tutti i luoghi di vita<\/strong>\u201d, a significare tutti i luoghi in cui le persone vivono: le case, i posti di lavoro, gli ospedali e le RSA, i centri di cura e di riabilitazione, le case di comunit\u00e0 e i centri di aggregazione sportiva. L\u2019obiettivo \u00e8 informare circa l\u2019importanza della fisioterapia e dei suoi professionisti, il cui operato migliora la qualit\u00e0 di vita dell\u2019individuo in ogni ambiente. La figura del fisioterapista \u00e8 un aiuto concreto per riacquistare la propria autonomia motoria, dopo un incidente, una prolungata ospedalizzazione, un ricovero in terapia intensiva, una patologia neurologica o respiratoria. Il tema della <em>Federazione nazionale degli Ordini dei Fisioterapisti<\/em>, a cui hanno aderito i 38 ordini territoriali, sottolinea il valore aggiunto alla qualit\u00e0 di vita che il fisioterapista competente e aggiornato \u00e8 in grado di assicurare.<br \/>\nL\u20198 settembre in Italia \u00e8 una data doppiamente importante: oltre a celebrare la fisioterapia e i fisioterapisti, \u00e8 anche la data in cui nel 2022 \u00e8 stato firmato il Decreto istitutivo della <strong>Federazione nazionale\u00a0degli ordini, nonch\u00e9 degli ordini territoriali della professione sanitaria di fisioterapista. Un riconoscimento importante per tutti i professionisti italiani. <\/strong><\/p>\n<p>\u00abIl fisioterapista \u00e8 l\u2019operatore sanitario \u2013 spiega il professor <a class=\"arrow\" href=\"https:\/\/www.hunimed.eu\/it\/member\/roberto-gatti\/\"><strong>Roberto Gatti<\/strong><\/a>\u00a0 \u00a0 Presidente del Corso di laurea in Fisioterapia di Humanitas University \u2013 che utilizza il movimento inteso come esercizio con finalit\u00e0 terapeutiche e tecniche manuali sull\u2019apparato locomotore per curare le patologie della funzione motoria, nei suoi aspetti biomeccanici, di controllo neuromotorio e cardiopolmonari. La fisioterapia \u00e8 fondamentale per rendere la persona pi\u00f9 autonoma e per prevenirne il decadimento funzionale, migliorando la qualit\u00e0 della vita a soggetti che, a causa di molteplici patologie, perdono autonomia\u00bb.<\/p>\n<p>Il Corso di Laurea in Fisioterapia dura tre anni ed \u00e8 piuttosto impegnativo: prevede lo studio delle scienze di base, delle\u00a0<strong>scienze cliniche<\/strong>\u00a0e dei\u00a0<strong>principali approcci<\/strong>\u00a0che vengono utilizzati in tutti gli ambiti di<strong>\u00a0intervento fisioterapico<\/strong>. Particolare attenzione viene data agli\u00a0approcci supportati da studi scientifici e alle\u00a0pi\u00f9\u00a0<strong>moderne tecnologie<\/strong>\u00a0quali <strong>robotica e<\/strong>\u00a0<strong>realt\u00e0 virtuale.<\/strong><\/p>\n<p>\u00abLa fisioterapia utilizza specifiche tecniche manuali e di esercizio terapeutico per <strong>curare le disfunzioni<\/strong> che<strong>\u00a0<\/strong>possono coinvolgere i sistemi locomotore, nervoso, cardiovascolare, respiratorio e urogenitale \u2013 spiega il Professor Roberto Gatti \u2013. La professione del fisioterapista si svolge in un ambito scientifico dove la ricerca italiana \u00e8 sempre pi\u00f9 attiva con oltre 300 specialisti che conducono studi di alto valore scientifico, che trovano spazio su riviste internazionali. Molti fisioterapisti hanno responsabilit\u00e0 manageriali e sono coinvolti nella gestione dei reparti di degenza o dei centri di fisioterapia\u00bb.<\/p>\n<p>Al giorno d\u2019oggi i progressi del modello biomedico consentono di curare molte patologie e, in questo senso, l\u2019allungamento della vita ha fatto emergere nuovi bisogni e necessit\u00e0.<\/p>\n<p>\u00abI bisogni di autonomia motoria e prevenzione delle persone nel nostro Paese sono particolarmente evidenti con una popolazione sempre pi\u00f9 anziana e fragile \u2013 chiarisce l\u2019esperto \u2013. Inoltre, l\u2019aspetto relazionale \u00e8 di grande rilevanza nel rapporto con i pazienti. Solo l\u2019instaurazione un legame di fiducia a tutto tondo consente infatti di raggiungere i migliori risultati possibili\u00bb.<\/p>\n","protected":false},"excerpt":{"rendered":"<p>Sono quasi 30 anni che si celebra la Giornata Mondiale della Fisioterapia, istituita nel 1996 dalla Confederazione mondiale di Fisioterapia (WCPT &#8211; World Confederation for Physical Therapy) con l\u2019obiettivo di sensibilizzare l\u2019opinione pubblica promuovendo il ruolo della fisioterapia e dei fisioterapisti per la salute dei pazienti e dei cittadini. In Italia, il tema scelto per [&hellip;]<\/p>\n","protected":false},"author":16,"featured_media":26378,"comment_status":"open","ping_status":"open","sticky":false,"template":"","format":"standard","meta":{"_acf_changed":false,"_kad_blocks_custom_css":"","_kad_blocks_head_custom_js":"","_kad_blocks_body_custom_js":"","_kad_blocks_footer_custom_js":"","footnotes":""},"categories":[2024,401],"tags":[],"class_list":["post-37969","post","type-post","status-publish","format-standard","has-post-thumbnail","hentry","category-eventi-4-2","category-mondo-humanitas"],"acf":[],"yoast_head":"<!-- This site is optimized with the Yoast SEO plugin v27.2 - https:\/\/yoast.com\/product\/yoast-seo-wordpress\/ -->\n<title>L&#039;8 settembre si celebra la Giornata Mondiale della Fisioterapia - Hunimed<\/title>\n<meta name=\"description\" content=\"Sono quasi 30 anni che si celebra la Giornata Mondiale della Fisioterapia, istituita nel 1996 dalla Confederazione mondiale di Fisioterapia (WCPT - World\" \/>\n<meta name=\"robots\" content=\"index, follow, max-snippet:-1, max-image-preview:large, max-video-preview:-1\" \/>\n<link rel=\"canonical\" href=\"https:\/\/www.hunimed.eu\/news\/l8-settembre-si-celebra-la-giornata-mondiale-della-fisioterapia\/\" \/>\n<meta property=\"og:locale\" content=\"it_IT\" \/>\n<meta property=\"og:type\" content=\"article\" \/>\n<meta property=\"og:title\" content=\"L&#039;8 settembre si celebra la Giornata Mondiale della Fisioterapia - Hunimed\" \/>\n<meta property=\"og:description\" content=\"Sono quasi 30 anni che si celebra la Giornata Mondiale della Fisioterapia, istituita nel 1996 dalla Confederazione mondiale di Fisioterapia (WCPT - World\" \/>\n<meta property=\"og:url\" content=\"https:\/\/www.hunimed.eu\/news\/l8-settembre-si-celebra-la-giornata-mondiale-della-fisioterapia\/\" \/>\n<meta property=\"og:site_name\" content=\"Hunimed\" \/>\n<meta property=\"article:publisher\" content=\"https:\/\/www.facebook.com\/Hunimed\/\" \/>\n<meta property=\"article:published_time\" content=\"2023-09-08T08:00:59+00:00\" \/>\n<meta property=\"article:modified_time\" content=\"2025-10-14T02:55:29+00:00\" \/>\n<meta property=\"og:image\" content=\"https:\/\/www.hunimed.eu\/wp-content\/uploads\/2025\/08\/HUNIMED-News-2.png\" \/>\n\t<meta property=\"og:image:width\" content=\"600\" \/>\n\t<meta property=\"og:image:height\" content=\"320\" \/>\n\t<meta property=\"og:image:type\" content=\"image\/png\" \/>\n<meta name=\"author\" content=\"edit@humanitas\" \/>\n<meta name=\"twitter:card\" content=\"summary_large_image\" \/>\n<meta name=\"twitter:label1\" content=\"Scritto da\" \/>\n\t<meta name=\"twitter:data1\" content=\"edit@humanitas\" \/>\n\t<meta name=\"twitter:label2\" content=\"Tempo di lettura stimato\" \/>\n\t<meta name=\"twitter:data2\" content=\"3 minuti\" \/>\n<script type=\"application\/ld+json\" class=\"yoast-schema-graph\">{\"@context\":\"https:\/\/schema.org\",\"@graph\":[{\"@type\":\"Article\",\"@id\":\"https:\/\/www.hunimed.eu\/news\/l8-settembre-si-celebra-la-giornata-mondiale-della-fisioterapia\/#article\",\"isPartOf\":{\"@id\":\"https:\/\/www.hunimed.eu\/news\/l8-settembre-si-celebra-la-giornata-mondiale-della-fisioterapia\/\"},\"author\":{\"name\":\"edit@humanitas\",\"@id\":\"https:\/\/www.hunimed.eu\/#\/schema\/person\/cbe85a517f5d0316033eda8329e38457\"},\"headline\":\"L&#8217;8 settembre si celebra la Giornata Mondiale della Fisioterapia\",\"datePublished\":\"2023-09-08T08:00:59+00:00\",\"dateModified\":\"2025-10-14T02:55:29+00:00\",\"mainEntityOfPage\":{\"@id\":\"https:\/\/www.hunimed.eu\/news\/l8-settembre-si-celebra-la-giornata-mondiale-della-fisioterapia\/\"},\"wordCount\":554,\"commentCount\":0,\"publisher\":{\"@id\":\"https:\/\/www.hunimed.eu\/#organization\"},\"image\":{\"@id\":\"https:\/\/www.hunimed.eu\/news\/l8-settembre-si-celebra-la-giornata-mondiale-della-fisioterapia\/#primaryimage\"},\"thumbnailUrl\":\"https:\/\/www.hunimed.eu\/wp-content\/uploads\/2025\/08\/HUNIMED-News-2.png?wsr\",\"articleSection\":[\"Eventi\",\"Mondo Humanitas\"],\"inLanguage\":\"it-IT\"},{\"@type\":\"WebPage\",\"@id\":\"https:\/\/www.hunimed.eu\/news\/l8-settembre-si-celebra-la-giornata-mondiale-della-fisioterapia\/\",\"url\":\"https:\/\/www.hunimed.eu\/news\/l8-settembre-si-celebra-la-giornata-mondiale-della-fisioterapia\/\",\"name\":\"L'8 settembre si celebra la Giornata Mondiale della Fisioterapia - Hunimed\",\"isPartOf\":{\"@id\":\"https:\/\/www.hunimed.eu\/#website\"},\"primaryImageOfPage\":{\"@id\":\"https:\/\/www.hunimed.eu\/news\/l8-settembre-si-celebra-la-giornata-mondiale-della-fisioterapia\/#primaryimage\"},\"image\":{\"@id\":\"https:\/\/www.hunimed.eu\/news\/l8-settembre-si-celebra-la-giornata-mondiale-della-fisioterapia\/#primaryimage\"},\"thumbnailUrl\":\"https:\/\/www.hunimed.eu\/wp-content\/uploads\/2025\/08\/HUNIMED-News-2.png?wsr\",\"datePublished\":\"2023-09-08T08:00:59+00:00\",\"dateModified\":\"2025-10-14T02:55:29+00:00\",\"description\":\"Sono quasi 30 anni che si celebra la Giornata Mondiale della Fisioterapia, istituita nel 1996 dalla Confederazione mondiale di Fisioterapia (WCPT - World\",\"breadcrumb\":{\"@id\":\"https:\/\/www.hunimed.eu\/news\/l8-settembre-si-celebra-la-giornata-mondiale-della-fisioterapia\/#breadcrumb\"},\"inLanguage\":\"it-IT\",\"potentialAction\":[{\"@type\":\"ReadAction\",\"target\":[\"https:\/\/www.hunimed.eu\/news\/l8-settembre-si-celebra-la-giornata-mondiale-della-fisioterapia\/\"]}]},{\"@type\":\"ImageObject\",\"inLanguage\":\"it-IT\",\"@id\":\"https:\/\/www.hunimed.eu\/news\/l8-settembre-si-celebra-la-giornata-mondiale-della-fisioterapia\/#primaryimage\",\"url\":\"https:\/\/www.hunimed.eu\/wp-content\/uploads\/2025\/08\/HUNIMED-News-2.png?wsr\",\"contentUrl\":\"https:\/\/www.hunimed.eu\/wp-content\/uploads\/2025\/08\/HUNIMED-News-2.png?wsr\",\"width\":600,\"height\":320},{\"@type\":\"BreadcrumbList\",\"@id\":\"https:\/\/www.hunimed.eu\/news\/l8-settembre-si-celebra-la-giornata-mondiale-della-fisioterapia\/#breadcrumb\",\"itemListElement\":[{\"@type\":\"ListItem\",\"position\":1,\"name\":\"Home\",\"item\":\"https:\/\/www.hunimed.eu\/it\/\"},{\"@type\":\"ListItem\",\"position\":2,\"name\":\"L&#8217;8 settembre si celebra la Giornata Mondiale della Fisioterapia\"}]},{\"@type\":\"WebSite\",\"@id\":\"https:\/\/www.hunimed.eu\/#website\",\"url\":\"https:\/\/www.hunimed.eu\/\",\"name\":\"Hunimed\",\"description\":\"Humanitas University\",\"publisher\":{\"@id\":\"https:\/\/www.hunimed.eu\/#organization\"},\"potentialAction\":[{\"@type\":\"SearchAction\",\"target\":{\"@type\":\"EntryPoint\",\"urlTemplate\":\"https:\/\/www.hunimed.eu\/?s={search_term_string}\"},\"query-input\":{\"@type\":\"PropertyValueSpecification\",\"valueRequired\":true,\"valueName\":\"search_term_string\"}}],\"inLanguage\":\"it-IT\"},{\"@type\":\"Organization\",\"@id\":\"https:\/\/www.hunimed.eu\/#organization\",\"name\":\"Humanitas University\",\"url\":\"https:\/\/www.hunimed.eu\/\",\"logo\":{\"@type\":\"ImageObject\",\"inLanguage\":\"it-IT\",\"@id\":\"https:\/\/www.hunimed.eu\/#\/schema\/logo\/image\/\",\"url\":\"https:\/\/www.hunimed.eu\/wp-content\/uploads\/2025\/06\/Logo.svg?wsr\",\"contentUrl\":\"https:\/\/www.hunimed.eu\/wp-content\/uploads\/2025\/06\/Logo.svg?wsr\",\"caption\":\"Humanitas University\"},\"image\":{\"@id\":\"https:\/\/www.hunimed.eu\/#\/schema\/logo\/image\/\"},\"sameAs\":[\"https:\/\/www.facebook.com\/Hunimed\/\",\"https:\/\/www.linkedin.com\/school\/18280267\/admin\/\"]},{\"@type\":\"Person\",\"@id\":\"https:\/\/www.hunimed.eu\/#\/schema\/person\/cbe85a517f5d0316033eda8329e38457\",\"name\":\"edit@humanitas\",\"image\":{\"@type\":\"ImageObject\",\"inLanguage\":\"it-IT\",\"@id\":\"https:\/\/secure.gravatar.com\/avatar\/e785548038467c6e09e44311549cfa096e2b3dd02edfdfd427b584a1347e82b9?s=96&d=mm&r=g\",\"url\":\"https:\/\/secure.gravatar.com\/avatar\/e785548038467c6e09e44311549cfa096e2b3dd02edfdfd427b584a1347e82b9?s=96&d=mm&r=g\",\"contentUrl\":\"https:\/\/secure.gravatar.com\/avatar\/e785548038467c6e09e44311549cfa096e2b3dd02edfdfd427b584a1347e82b9?s=96&d=mm&r=g\",\"caption\":\"edit@humanitas\"},\"url\":\"https:\/\/www.hunimed.eu\/it\/news\/author\/edithumanitas\/\"}]}<\/script>\n<!-- \/ Yoast SEO plugin. -->","yoast_head_json":{"title":"L'8 settembre si celebra la Giornata Mondiale della Fisioterapia - Hunimed","description":"Sono quasi 30 anni che si celebra la Giornata Mondiale della Fisioterapia, istituita nel 1996 dalla Confederazione mondiale di Fisioterapia (WCPT - World","robots":{"index":"index","follow":"follow","max-snippet":"max-snippet:-1","max-image-preview":"max-image-preview:large","max-video-preview":"max-video-preview:-1"},"canonical":"https:\/\/www.hunimed.eu\/news\/l8-settembre-si-celebra-la-giornata-mondiale-della-fisioterapia\/","og_locale":"it_IT","og_type":"article","og_title":"L'8 settembre si celebra la Giornata Mondiale della Fisioterapia - Hunimed","og_description":"Sono quasi 30 anni che si celebra la Giornata Mondiale della Fisioterapia, istituita nel 1996 dalla Confederazione mondiale di Fisioterapia (WCPT - World","og_url":"https:\/\/www.hunimed.eu\/news\/l8-settembre-si-celebra-la-giornata-mondiale-della-fisioterapia\/","og_site_name":"Hunimed","article_publisher":"https:\/\/www.facebook.com\/Hunimed\/","article_published_time":"2023-09-08T08:00:59+00:00","article_modified_time":"2025-10-14T02:55:29+00:00","og_image":[{"width":600,"height":320,"url":"https:\/\/www.hunimed.eu\/wp-content\/uploads\/2025\/08\/HUNIMED-News-2.png","type":"image\/png"}],"author":"edit@humanitas","twitter_card":"summary_large_image","twitter_misc":{"Scritto da":"edit@humanitas","Tempo di lettura stimato":"3 minuti"},"schema":{"@context":"https:\/\/schema.org","@graph":[{"@type":"Article","@id":"https:\/\/www.hunimed.eu\/news\/l8-settembre-si-celebra-la-giornata-mondiale-della-fisioterapia\/#article","isPartOf":{"@id":"https:\/\/www.hunimed.eu\/news\/l8-settembre-si-celebra-la-giornata-mondiale-della-fisioterapia\/"},"author":{"name":"edit@humanitas","@id":"https:\/\/www.hunimed.eu\/#\/schema\/person\/cbe85a517f5d0316033eda8329e38457"},"headline":"L&#8217;8 settembre si celebra la Giornata Mondiale della Fisioterapia","datePublished":"2023-09-08T08:00:59+00:00","dateModified":"2025-10-14T02:55:29+00:00","mainEntityOfPage":{"@id":"https:\/\/www.hunimed.eu\/news\/l8-settembre-si-celebra-la-giornata-mondiale-della-fisioterapia\/"},"wordCount":554,"commentCount":0,"publisher":{"@id":"https:\/\/www.hunimed.eu\/#organization"},"image":{"@id":"https:\/\/www.hunimed.eu\/news\/l8-settembre-si-celebra-la-giornata-mondiale-della-fisioterapia\/#primaryimage"},"thumbnailUrl":"https:\/\/www.hunimed.eu\/wp-content\/uploads\/2025\/08\/HUNIMED-News-2.png?wsr","articleSection":["Eventi","Mondo Humanitas"],"inLanguage":"it-IT"},{"@type":"WebPage","@id":"https:\/\/www.hunimed.eu\/news\/l8-settembre-si-celebra-la-giornata-mondiale-della-fisioterapia\/","url":"https:\/\/www.hunimed.eu\/news\/l8-settembre-si-celebra-la-giornata-mondiale-della-fisioterapia\/","name":"L'8 settembre si celebra la Giornata Mondiale della Fisioterapia - Hunimed","isPartOf":{"@id":"https:\/\/www.hunimed.eu\/#website"},"primaryImageOfPage":{"@id":"https:\/\/www.hunimed.eu\/news\/l8-settembre-si-celebra-la-giornata-mondiale-della-fisioterapia\/#primaryimage"},"image":{"@id":"https:\/\/www.hunimed.eu\/news\/l8-settembre-si-celebra-la-giornata-mondiale-della-fisioterapia\/#primaryimage"},"thumbnailUrl":"https:\/\/www.hunimed.eu\/wp-content\/uploads\/2025\/08\/HUNIMED-News-2.png?wsr","datePublished":"2023-09-08T08:00:59+00:00","dateModified":"2025-10-14T02:55:29+00:00","description":"Sono quasi 30 anni che si celebra la Giornata Mondiale della Fisioterapia, istituita nel 1996 dalla Confederazione mondiale di Fisioterapia (WCPT - World","breadcrumb":{"@id":"https:\/\/www.hunimed.eu\/news\/l8-settembre-si-celebra-la-giornata-mondiale-della-fisioterapia\/#breadcrumb"},"inLanguage":"it-IT","potentialAction":[{"@type":"ReadAction","target":["https:\/\/www.hunimed.eu\/news\/l8-settembre-si-celebra-la-giornata-mondiale-della-fisioterapia\/"]}]},{"@type":"ImageObject","inLanguage":"it-IT","@id":"https:\/\/www.hunimed.eu\/news\/l8-settembre-si-celebra-la-giornata-mondiale-della-fisioterapia\/#primaryimage","url":"https:\/\/www.hunimed.eu\/wp-content\/uploads\/2025\/08\/HUNIMED-News-2.png?wsr","contentUrl":"https:\/\/www.hunimed.eu\/wp-content\/uploads\/2025\/08\/HUNIMED-News-2.png?wsr","width":600,"height":320},{"@type":"BreadcrumbList","@id":"https:\/\/www.hunimed.eu\/news\/l8-settembre-si-celebra-la-giornata-mondiale-della-fisioterapia\/#breadcrumb","itemListElement":[{"@type":"ListItem","position":1,"name":"Home","item":"https:\/\/www.hunimed.eu\/it\/"},{"@type":"ListItem","position":2,"name":"L&#8217;8 settembre si celebra la Giornata Mondiale della Fisioterapia"}]},{"@type":"WebSite","@id":"https:\/\/www.hunimed.eu\/#website","url":"https:\/\/www.hunimed.eu\/","name":"Hunimed","description":"Humanitas University","publisher":{"@id":"https:\/\/www.hunimed.eu\/#organization"},"potentialAction":[{"@type":"SearchAction","target":{"@type":"EntryPoint","urlTemplate":"https:\/\/www.hunimed.eu\/?s={search_term_string}"},"query-input":{"@type":"PropertyValueSpecification","valueRequired":true,"valueName":"search_term_string"}}],"inLanguage":"it-IT"},{"@type":"Organization","@id":"https:\/\/www.hunimed.eu\/#organization","name":"Humanitas University","url":"https:\/\/www.hunimed.eu\/","logo":{"@type":"ImageObject","inLanguage":"it-IT","@id":"https:\/\/www.hunimed.eu\/#\/schema\/logo\/image\/","url":"https:\/\/www.hunimed.eu\/wp-content\/uploads\/2025\/06\/Logo.svg?wsr","contentUrl":"https:\/\/www.hunimed.eu\/wp-content\/uploads\/2025\/06\/Logo.svg?wsr","caption":"Humanitas University"},"image":{"@id":"https:\/\/www.hunimed.eu\/#\/schema\/logo\/image\/"},"sameAs":["https:\/\/www.facebook.com\/Hunimed\/","https:\/\/www.linkedin.com\/school\/18280267\/admin\/"]},{"@type":"Person","@id":"https:\/\/www.hunimed.eu\/#\/schema\/person\/cbe85a517f5d0316033eda8329e38457","name":"edit@humanitas","image":{"@type":"ImageObject","inLanguage":"it-IT","@id":"https:\/\/secure.gravatar.com\/avatar\/e785548038467c6e09e44311549cfa096e2b3dd02edfdfd427b584a1347e82b9?s=96&d=mm&r=g","url":"https:\/\/secure.gravatar.com\/avatar\/e785548038467c6e09e44311549cfa096e2b3dd02edfdfd427b584a1347e82b9?s=96&d=mm&r=g","contentUrl":"https:\/\/secure.gravatar.com\/avatar\/e785548038467c6e09e44311549cfa096e2b3dd02edfdfd427b584a1347e82b9?s=96&d=mm&r=g","caption":"edit@humanitas"},"url":"https:\/\/www.hunimed.eu\/it\/news\/author\/edithumanitas\/"}]}},"taxonomy_info":{"category":[{"value":2024,"label":"Eventi"},{"value":401,"label":"Mondo Humanitas"}]},"featured_image_src_large":["https:\/\/www.hunimed.eu\/wp-content\/uploads\/2025\/08\/HUNIMED-News-2.png?wsr",600,320,false],"author_info":{"display_name":"edit@humanitas","author_link":"https:\/\/www.hunimed.eu\/it\/news\/author\/edithumanitas\/"},"comment_info":"","category_info":[{"term_id":2024,"name":"Eventi","slug":"eventi-4-2","term_group":0,"term_taxonomy_id":2024,"taxonomy":"category","description":"","parent":0,"count":184,"filter":"raw","cat_ID":2024,"category_count":184,"category_description":"","cat_name":"Eventi","category_nicename":"eventi-4-2","category_parent":0},{"term_id":401,"name":"Mondo Humanitas","slug":"mondo-humanitas","term_group":0,"term_taxonomy_id":401,"taxonomy":"category","description":"","parent":0,"count":287,"filter":"raw","cat_ID":401,"category_count":287,"category_description":"","cat_name":"Mondo Humanitas","category_nicename":"mondo-humanitas","category_parent":0}],"tag_info":false,"_links":{"self":[{"href":"https:\/\/www.hunimed.eu\/it\/wp-json\/wp\/v2\/posts\/37969","targetHints":{"allow":["GET"]}}],"collection":[{"href":"https:\/\/www.hunimed.eu\/it\/wp-json\/wp\/v2\/posts"}],"about":[{"href":"https:\/\/www.hunimed.eu\/it\/wp-json\/wp\/v2\/types\/post"}],"author":[{"embeddable":true,"href":"https:\/\/www.hunimed.eu\/it\/wp-json\/wp\/v2\/users\/16"}],"replies":[{"embeddable":true,"href":"https:\/\/www.hunimed.eu\/it\/wp-json\/wp\/v2\/comments?post=37969"}],"version-history":[{"count":1,"href":"https:\/\/www.hunimed.eu\/it\/wp-json\/wp\/v2\/posts\/37969\/revisions"}],"predecessor-version":[{"id":37970,"href":"https:\/\/www.hunimed.eu\/it\/wp-json\/wp\/v2\/posts\/37969\/revisions\/37970"}],"wp:featuredmedia":[{"embeddable":true,"href":"https:\/\/www.hunimed.eu\/it\/wp-json\/wp\/v2\/media\/26378"}],"wp:attachment":[{"href":"https:\/\/www.hunimed.eu\/it\/wp-json\/wp\/v2\/media?parent=37969"}],"wp:term":[{"taxonomy":"category","embeddable":true,"href":"https:\/\/www.hunimed.eu\/it\/wp-json\/wp\/v2\/categories?post=37969"},{"taxonomy":"post_tag","embeddable":true,"href":"https:\/\/www.hunimed.eu\/it\/wp-json\/wp\/v2\/tags?post=37969"}],"curies":[{"name":"wp","href":"https:\/\/api.w.org\/{rel}","templated":true}]}}