{"id":37916,"date":"2023-04-20T16:00:45","date_gmt":"2023-04-20T16:00:45","guid":{"rendered":"https:\/\/www.hunimed.eu\/news\/infodemia-no-grazie-i-rettori-di-iulm-e-humanitas-ne-discutono-con-carlo-verdone\/"},"modified":"2023-04-20T16:00:45","modified_gmt":"2023-04-20T16:00:45","slug":"infodemia-no-grazie-i-rettori-di-iulm-e-humanitas-ne-discutono-con-carlo-verdone","status":"publish","type":"post","link":"https:\/\/www.hunimed.eu\/it\/news\/infodemia-no-grazie-i-rettori-di-iulm-e-humanitas-ne-discutono-con-carlo-verdone\/","title":{"rendered":"Infodemia? No grazie. I rettori di IULM e Humanitas ne discutono con Carlo Verdone"},"content":{"rendered":"<div class=\"firstp\">\n<p><strong>Humanitas University<\/strong> e l&#8217;<strong>Universit\u00e0 IULM<\/strong> sono orgogliose di presentare un innovativo ciclo di <strong>Masterclass<\/strong> in partenza a settembre, dedicato ai professionisti del mondo della salute, ai medici e ai ricercatori interessati a comprendere le regole della comunicazione scientifica.<\/p>\n<p>Le Masterclass si terranno nei weekend <strong>8-9 e 29-30 settembre 2023<\/strong>, e vedranno la partecipazione di esponenti di riferimento del mondo della comunicazione e della scienza, docenti IULM ed esperti di Humanitas che condivideranno le proprie esperienze e condurranno i partecipanti attraverso esercitazioni e role play per apprendere come comunicare per raggiungere il proprio obiettivo.<\/p>\n<p>Come evitare che anche la scienza diventi un rodeo? Come imparare a comunicare le proprie conoscenze specifiche, in modo che la semplicit\u00e0 non metta a repentaglio seriet\u00e0 e rigore? Come costruire una discussione pubblica pi\u00f9 consapevole e attrezzata, sui temi della scienza e della salute?<\/p>\n<p>Con l&#8217;avvento della pandemia, il sapere scientifico ha trovato nuova visibilit\u00e0 nei salotti televisivi e nelle case degli italiani, uscendo dall\u2019abituale contesto di laboratori e ospedali. Ci\u00f2 ha aumentato la responsabilit\u00e0 del comunicatore scientifico, che ha il compito di divulgare informazioni accurate e di essere un punto di riferimento per la societ\u00e0. In questo contesto, \u00e8 diventato quanto mai necessario avere una conoscenza delle logiche sottese al mondo dei media, vecchi e nuovi, per poter comunicare efficacemente. Il percorso delle Masterclass organizzato da Universit\u00e0 IULM e Humanitas University offre nozioni teoriche ed esperienze pratiche per acquisire queste fondamentali competenze.<\/p>\n<p>Il ciclo di Masterclass sar\u00e0 anticipato da un evento di presentazione il prossimo <span style=\"color: #007953;\"><strong>4 maggio alle ore 18 presso l&#8217;Auditorium IULM<\/strong><\/span>, che vedr\u00e0 la partecipazione straordinaria di<strong> <span style=\"color: #007953;\">Carlo Verdone<\/span>, in dialogo con il Rettore Humanitas University \u2013 Prof. Marco Montorsi e il Rettore IULM \u2013 Prof. Gianni Canova<\/strong>.<\/p>\n<\/div>\n<p><strong>L&#8217;<\/strong><strong>evento \u00e8 gratuito e aperto a tutti gli studenti Hunimed, IULM e alla cittadinanza previa iscrizione<\/strong>.<\/p>\n<p><a class=\"button primary\" href=\"https:\/\/survey.alchemer.eu\/s3\/90554862\/Eventi-IULM\">ISCRIVITI ORA<\/a><\/p>\n","protected":false},"excerpt":{"rendered":"<p>Humanitas University e l&#8217;Universit\u00e0 IULM sono orgogliose di presentare un innovativo ciclo di Masterclass in partenza a settembre, dedicato ai professionisti del mondo della salute, ai medici e ai ricercatori interessati a comprendere le regole della comunicazione scientifica. Le Masterclass si terranno nei weekend 8-9 e 29-30 settembre 2023, e vedranno la partecipazione di esponenti [&hellip;]<\/p>\n","protected":false},"author":16,"featured_media":26280,"comment_status":"open","ping_status":"open","sticky":false,"template":"","format":"standard","meta":{"_acf_changed":false,"_kad_blocks_custom_css":"","_kad_blocks_head_custom_js":"","_kad_blocks_body_custom_js":"","_kad_blocks_footer_custom_js":"","footnotes":""},"categories":[2026,2024],"tags":[],"class_list":["post-37916","post","type-post","status-publish","format-standard","has-post-thumbnail","hentry","category-didattica-4-2","category-eventi-4-2"],"acf":[],"yoast_head":"<!-- This site is optimized with the Yoast SEO plugin v27.2 - https:\/\/yoast.com\/product\/yoast-seo-wordpress\/ -->\n<title>Infodemia? No grazie. I rettori di IULM e Humanitas ne discutono con Carlo Verdone - Hunimed<\/title>\n<meta name=\"description\" content=\"Humanitas University e l&#039;Universit\u00e0 IULM sono orgogliose di presentare un innovativo ciclo di Masterclass in partenza a settembre, dedicato ai\" \/>\n<meta name=\"robots\" content=\"index, follow, max-snippet:-1, max-image-preview:large, max-video-preview:-1\" \/>\n<link rel=\"canonical\" href=\"https:\/\/www.hunimed.eu\/news\/infodemia-no-grazie-i-rettori-di-iulm-e-humanitas-ne-discutono-con-carlo-verdone\/\" \/>\n<meta property=\"og:locale\" content=\"it_IT\" \/>\n<meta property=\"og:type\" content=\"article\" \/>\n<meta property=\"og:title\" content=\"Infodemia? No grazie. I rettori di IULM e Humanitas ne discutono con Carlo Verdone - Hunimed\" \/>\n<meta property=\"og:description\" content=\"Humanitas University e l&#039;Universit\u00e0 IULM sono orgogliose di presentare un innovativo ciclo di Masterclass in partenza a settembre, dedicato ai\" \/>\n<meta property=\"og:url\" content=\"https:\/\/www.hunimed.eu\/news\/infodemia-no-grazie-i-rettori-di-iulm-e-humanitas-ne-discutono-con-carlo-verdone\/\" \/>\n<meta property=\"og:site_name\" content=\"Hunimed\" \/>\n<meta property=\"article:publisher\" content=\"https:\/\/www.facebook.com\/Hunimed\/\" \/>\n<meta property=\"article:published_time\" content=\"2023-04-20T16:00:45+00:00\" \/>\n<meta property=\"og:image\" content=\"https:\/\/www.hunimed.eu\/wp-content\/uploads\/2025\/08\/Carlo-Verdone.png\" \/>\n\t<meta property=\"og:image:width\" content=\"600\" \/>\n\t<meta property=\"og:image:height\" content=\"320\" \/>\n\t<meta property=\"og:image:type\" content=\"image\/png\" \/>\n<meta name=\"author\" content=\"edit@humanitas\" \/>\n<meta name=\"twitter:card\" content=\"summary_large_image\" \/>\n<meta name=\"twitter:label1\" content=\"Scritto da\" \/>\n\t<meta name=\"twitter:data1\" content=\"edit@humanitas\" \/>\n\t<meta name=\"twitter:label2\" content=\"Tempo di lettura stimato\" \/>\n\t<meta name=\"twitter:data2\" content=\"1 minuto\" \/>\n<script type=\"application\/ld+json\" class=\"yoast-schema-graph\">{\"@context\":\"https:\/\/schema.org\",\"@graph\":[{\"@type\":\"Article\",\"@id\":\"https:\/\/www.hunimed.eu\/news\/infodemia-no-grazie-i-rettori-di-iulm-e-humanitas-ne-discutono-con-carlo-verdone\/#article\",\"isPartOf\":{\"@id\":\"https:\/\/www.hunimed.eu\/news\/infodemia-no-grazie-i-rettori-di-iulm-e-humanitas-ne-discutono-con-carlo-verdone\/\"},\"author\":{\"name\":\"edit@humanitas\",\"@id\":\"https:\/\/www.hunimed.eu\/#\/schema\/person\/cbe85a517f5d0316033eda8329e38457\"},\"headline\":\"Infodemia? No grazie. I rettori di IULM e Humanitas ne discutono con Carlo Verdone\",\"datePublished\":\"2023-04-20T16:00:45+00:00\",\"mainEntityOfPage\":{\"@id\":\"https:\/\/www.hunimed.eu\/news\/infodemia-no-grazie-i-rettori-di-iulm-e-humanitas-ne-discutono-con-carlo-verdone\/\"},\"wordCount\":315,\"commentCount\":0,\"publisher\":{\"@id\":\"https:\/\/www.hunimed.eu\/#organization\"},\"image\":{\"@id\":\"https:\/\/www.hunimed.eu\/news\/infodemia-no-grazie-i-rettori-di-iulm-e-humanitas-ne-discutono-con-carlo-verdone\/#primaryimage\"},\"thumbnailUrl\":\"https:\/\/www.hunimed.eu\/wp-content\/uploads\/2025\/08\/Carlo-Verdone.png?wsr\",\"articleSection\":[\"Didattica\",\"Eventi\"],\"inLanguage\":\"it-IT\"},{\"@type\":\"WebPage\",\"@id\":\"https:\/\/www.hunimed.eu\/news\/infodemia-no-grazie-i-rettori-di-iulm-e-humanitas-ne-discutono-con-carlo-verdone\/\",\"url\":\"https:\/\/www.hunimed.eu\/news\/infodemia-no-grazie-i-rettori-di-iulm-e-humanitas-ne-discutono-con-carlo-verdone\/\",\"name\":\"Infodemia? No grazie. I rettori di IULM e Humanitas ne discutono con Carlo Verdone - Hunimed\",\"isPartOf\":{\"@id\":\"https:\/\/www.hunimed.eu\/#website\"},\"primaryImageOfPage\":{\"@id\":\"https:\/\/www.hunimed.eu\/news\/infodemia-no-grazie-i-rettori-di-iulm-e-humanitas-ne-discutono-con-carlo-verdone\/#primaryimage\"},\"image\":{\"@id\":\"https:\/\/www.hunimed.eu\/news\/infodemia-no-grazie-i-rettori-di-iulm-e-humanitas-ne-discutono-con-carlo-verdone\/#primaryimage\"},\"thumbnailUrl\":\"https:\/\/www.hunimed.eu\/wp-content\/uploads\/2025\/08\/Carlo-Verdone.png?wsr\",\"datePublished\":\"2023-04-20T16:00:45+00:00\",\"description\":\"Humanitas University e l'Universit\u00e0 IULM sono orgogliose di presentare un innovativo ciclo di Masterclass in partenza a settembre, dedicato ai\",\"breadcrumb\":{\"@id\":\"https:\/\/www.hunimed.eu\/news\/infodemia-no-grazie-i-rettori-di-iulm-e-humanitas-ne-discutono-con-carlo-verdone\/#breadcrumb\"},\"inLanguage\":\"it-IT\",\"potentialAction\":[{\"@type\":\"ReadAction\",\"target\":[\"https:\/\/www.hunimed.eu\/news\/infodemia-no-grazie-i-rettori-di-iulm-e-humanitas-ne-discutono-con-carlo-verdone\/\"]}]},{\"@type\":\"ImageObject\",\"inLanguage\":\"it-IT\",\"@id\":\"https:\/\/www.hunimed.eu\/news\/infodemia-no-grazie-i-rettori-di-iulm-e-humanitas-ne-discutono-con-carlo-verdone\/#primaryimage\",\"url\":\"https:\/\/www.hunimed.eu\/wp-content\/uploads\/2025\/08\/Carlo-Verdone.png?wsr\",\"contentUrl\":\"https:\/\/www.hunimed.eu\/wp-content\/uploads\/2025\/08\/Carlo-Verdone.png?wsr\",\"width\":600,\"height\":320},{\"@type\":\"BreadcrumbList\",\"@id\":\"https:\/\/www.hunimed.eu\/news\/infodemia-no-grazie-i-rettori-di-iulm-e-humanitas-ne-discutono-con-carlo-verdone\/#breadcrumb\",\"itemListElement\":[{\"@type\":\"ListItem\",\"position\":1,\"name\":\"Home\",\"item\":\"https:\/\/www.hunimed.eu\/it\/\"},{\"@type\":\"ListItem\",\"position\":2,\"name\":\"Infodemia? No grazie. I rettori di IULM e Humanitas ne discutono con Carlo Verdone\"}]},{\"@type\":\"WebSite\",\"@id\":\"https:\/\/www.hunimed.eu\/#website\",\"url\":\"https:\/\/www.hunimed.eu\/\",\"name\":\"Hunimed\",\"description\":\"Humanitas University\",\"publisher\":{\"@id\":\"https:\/\/www.hunimed.eu\/#organization\"},\"potentialAction\":[{\"@type\":\"SearchAction\",\"target\":{\"@type\":\"EntryPoint\",\"urlTemplate\":\"https:\/\/www.hunimed.eu\/?s={search_term_string}\"},\"query-input\":{\"@type\":\"PropertyValueSpecification\",\"valueRequired\":true,\"valueName\":\"search_term_string\"}}],\"inLanguage\":\"it-IT\"},{\"@type\":\"Organization\",\"@id\":\"https:\/\/www.hunimed.eu\/#organization\",\"name\":\"Humanitas University\",\"url\":\"https:\/\/www.hunimed.eu\/\",\"logo\":{\"@type\":\"ImageObject\",\"inLanguage\":\"it-IT\",\"@id\":\"https:\/\/www.hunimed.eu\/#\/schema\/logo\/image\/\",\"url\":\"https:\/\/www.hunimed.eu\/wp-content\/uploads\/2025\/06\/Logo.svg?wsr\",\"contentUrl\":\"https:\/\/www.hunimed.eu\/wp-content\/uploads\/2025\/06\/Logo.svg?wsr\",\"caption\":\"Humanitas University\"},\"image\":{\"@id\":\"https:\/\/www.hunimed.eu\/#\/schema\/logo\/image\/\"},\"sameAs\":[\"https:\/\/www.facebook.com\/Hunimed\/\",\"https:\/\/www.linkedin.com\/school\/18280267\/admin\/\"]},{\"@type\":\"Person\",\"@id\":\"https:\/\/www.hunimed.eu\/#\/schema\/person\/cbe85a517f5d0316033eda8329e38457\",\"name\":\"edit@humanitas\",\"image\":{\"@type\":\"ImageObject\",\"inLanguage\":\"it-IT\",\"@id\":\"https:\/\/secure.gravatar.com\/avatar\/e785548038467c6e09e44311549cfa096e2b3dd02edfdfd427b584a1347e82b9?s=96&d=mm&r=g\",\"url\":\"https:\/\/secure.gravatar.com\/avatar\/e785548038467c6e09e44311549cfa096e2b3dd02edfdfd427b584a1347e82b9?s=96&d=mm&r=g\",\"contentUrl\":\"https:\/\/secure.gravatar.com\/avatar\/e785548038467c6e09e44311549cfa096e2b3dd02edfdfd427b584a1347e82b9?s=96&d=mm&r=g\",\"caption\":\"edit@humanitas\"},\"url\":\"https:\/\/www.hunimed.eu\/it\/news\/author\/edithumanitas\/\"}]}<\/script>\n<!-- \/ Yoast SEO plugin. -->","yoast_head_json":{"title":"Infodemia? No grazie. I rettori di IULM e Humanitas ne discutono con Carlo Verdone - Hunimed","description":"Humanitas University e l'Universit\u00e0 IULM sono orgogliose di presentare un innovativo ciclo di Masterclass in partenza a settembre, dedicato ai","robots":{"index":"index","follow":"follow","max-snippet":"max-snippet:-1","max-image-preview":"max-image-preview:large","max-video-preview":"max-video-preview:-1"},"canonical":"https:\/\/www.hunimed.eu\/news\/infodemia-no-grazie-i-rettori-di-iulm-e-humanitas-ne-discutono-con-carlo-verdone\/","og_locale":"it_IT","og_type":"article","og_title":"Infodemia? No grazie. I rettori di IULM e Humanitas ne discutono con Carlo Verdone - Hunimed","og_description":"Humanitas University e l'Universit\u00e0 IULM sono orgogliose di presentare un innovativo ciclo di Masterclass in partenza a settembre, dedicato ai","og_url":"https:\/\/www.hunimed.eu\/news\/infodemia-no-grazie-i-rettori-di-iulm-e-humanitas-ne-discutono-con-carlo-verdone\/","og_site_name":"Hunimed","article_publisher":"https:\/\/www.facebook.com\/Hunimed\/","article_published_time":"2023-04-20T16:00:45+00:00","og_image":[{"width":600,"height":320,"url":"https:\/\/www.hunimed.eu\/wp-content\/uploads\/2025\/08\/Carlo-Verdone.png","type":"image\/png"}],"author":"edit@humanitas","twitter_card":"summary_large_image","twitter_misc":{"Scritto da":"edit@humanitas","Tempo di lettura stimato":"1 minuto"},"schema":{"@context":"https:\/\/schema.org","@graph":[{"@type":"Article","@id":"https:\/\/www.hunimed.eu\/news\/infodemia-no-grazie-i-rettori-di-iulm-e-humanitas-ne-discutono-con-carlo-verdone\/#article","isPartOf":{"@id":"https:\/\/www.hunimed.eu\/news\/infodemia-no-grazie-i-rettori-di-iulm-e-humanitas-ne-discutono-con-carlo-verdone\/"},"author":{"name":"edit@humanitas","@id":"https:\/\/www.hunimed.eu\/#\/schema\/person\/cbe85a517f5d0316033eda8329e38457"},"headline":"Infodemia? No grazie. I rettori di IULM e Humanitas ne discutono con Carlo Verdone","datePublished":"2023-04-20T16:00:45+00:00","mainEntityOfPage":{"@id":"https:\/\/www.hunimed.eu\/news\/infodemia-no-grazie-i-rettori-di-iulm-e-humanitas-ne-discutono-con-carlo-verdone\/"},"wordCount":315,"commentCount":0,"publisher":{"@id":"https:\/\/www.hunimed.eu\/#organization"},"image":{"@id":"https:\/\/www.hunimed.eu\/news\/infodemia-no-grazie-i-rettori-di-iulm-e-humanitas-ne-discutono-con-carlo-verdone\/#primaryimage"},"thumbnailUrl":"https:\/\/www.hunimed.eu\/wp-content\/uploads\/2025\/08\/Carlo-Verdone.png?wsr","articleSection":["Didattica","Eventi"],"inLanguage":"it-IT"},{"@type":"WebPage","@id":"https:\/\/www.hunimed.eu\/news\/infodemia-no-grazie-i-rettori-di-iulm-e-humanitas-ne-discutono-con-carlo-verdone\/","url":"https:\/\/www.hunimed.eu\/news\/infodemia-no-grazie-i-rettori-di-iulm-e-humanitas-ne-discutono-con-carlo-verdone\/","name":"Infodemia? No grazie. I rettori di IULM e Humanitas ne discutono con Carlo Verdone - Hunimed","isPartOf":{"@id":"https:\/\/www.hunimed.eu\/#website"},"primaryImageOfPage":{"@id":"https:\/\/www.hunimed.eu\/news\/infodemia-no-grazie-i-rettori-di-iulm-e-humanitas-ne-discutono-con-carlo-verdone\/#primaryimage"},"image":{"@id":"https:\/\/www.hunimed.eu\/news\/infodemia-no-grazie-i-rettori-di-iulm-e-humanitas-ne-discutono-con-carlo-verdone\/#primaryimage"},"thumbnailUrl":"https:\/\/www.hunimed.eu\/wp-content\/uploads\/2025\/08\/Carlo-Verdone.png?wsr","datePublished":"2023-04-20T16:00:45+00:00","description":"Humanitas University e l'Universit\u00e0 IULM sono orgogliose di presentare un innovativo ciclo di Masterclass in partenza a settembre, dedicato ai","breadcrumb":{"@id":"https:\/\/www.hunimed.eu\/news\/infodemia-no-grazie-i-rettori-di-iulm-e-humanitas-ne-discutono-con-carlo-verdone\/#breadcrumb"},"inLanguage":"it-IT","potentialAction":[{"@type":"ReadAction","target":["https:\/\/www.hunimed.eu\/news\/infodemia-no-grazie-i-rettori-di-iulm-e-humanitas-ne-discutono-con-carlo-verdone\/"]}]},{"@type":"ImageObject","inLanguage":"it-IT","@id":"https:\/\/www.hunimed.eu\/news\/infodemia-no-grazie-i-rettori-di-iulm-e-humanitas-ne-discutono-con-carlo-verdone\/#primaryimage","url":"https:\/\/www.hunimed.eu\/wp-content\/uploads\/2025\/08\/Carlo-Verdone.png?wsr","contentUrl":"https:\/\/www.hunimed.eu\/wp-content\/uploads\/2025\/08\/Carlo-Verdone.png?wsr","width":600,"height":320},{"@type":"BreadcrumbList","@id":"https:\/\/www.hunimed.eu\/news\/infodemia-no-grazie-i-rettori-di-iulm-e-humanitas-ne-discutono-con-carlo-verdone\/#breadcrumb","itemListElement":[{"@type":"ListItem","position":1,"name":"Home","item":"https:\/\/www.hunimed.eu\/it\/"},{"@type":"ListItem","position":2,"name":"Infodemia? No grazie. I rettori di IULM e Humanitas ne discutono con Carlo Verdone"}]},{"@type":"WebSite","@id":"https:\/\/www.hunimed.eu\/#website","url":"https:\/\/www.hunimed.eu\/","name":"Hunimed","description":"Humanitas University","publisher":{"@id":"https:\/\/www.hunimed.eu\/#organization"},"potentialAction":[{"@type":"SearchAction","target":{"@type":"EntryPoint","urlTemplate":"https:\/\/www.hunimed.eu\/?s={search_term_string}"},"query-input":{"@type":"PropertyValueSpecification","valueRequired":true,"valueName":"search_term_string"}}],"inLanguage":"it-IT"},{"@type":"Organization","@id":"https:\/\/www.hunimed.eu\/#organization","name":"Humanitas University","url":"https:\/\/www.hunimed.eu\/","logo":{"@type":"ImageObject","inLanguage":"it-IT","@id":"https:\/\/www.hunimed.eu\/#\/schema\/logo\/image\/","url":"https:\/\/www.hunimed.eu\/wp-content\/uploads\/2025\/06\/Logo.svg?wsr","contentUrl":"https:\/\/www.hunimed.eu\/wp-content\/uploads\/2025\/06\/Logo.svg?wsr","caption":"Humanitas University"},"image":{"@id":"https:\/\/www.hunimed.eu\/#\/schema\/logo\/image\/"},"sameAs":["https:\/\/www.facebook.com\/Hunimed\/","https:\/\/www.linkedin.com\/school\/18280267\/admin\/"]},{"@type":"Person","@id":"https:\/\/www.hunimed.eu\/#\/schema\/person\/cbe85a517f5d0316033eda8329e38457","name":"edit@humanitas","image":{"@type":"ImageObject","inLanguage":"it-IT","@id":"https:\/\/secure.gravatar.com\/avatar\/e785548038467c6e09e44311549cfa096e2b3dd02edfdfd427b584a1347e82b9?s=96&d=mm&r=g","url":"https:\/\/secure.gravatar.com\/avatar\/e785548038467c6e09e44311549cfa096e2b3dd02edfdfd427b584a1347e82b9?s=96&d=mm&r=g","contentUrl":"https:\/\/secure.gravatar.com\/avatar\/e785548038467c6e09e44311549cfa096e2b3dd02edfdfd427b584a1347e82b9?s=96&d=mm&r=g","caption":"edit@humanitas"},"url":"https:\/\/www.hunimed.eu\/it\/news\/author\/edithumanitas\/"}]}},"taxonomy_info":{"category":[{"value":2026,"label":"Didattica"},{"value":2024,"label":"Eventi"}]},"featured_image_src_large":["https:\/\/www.hunimed.eu\/wp-content\/uploads\/2025\/08\/Carlo-Verdone.png?wsr",600,320,false],"author_info":{"display_name":"edit@humanitas","author_link":"https:\/\/www.hunimed.eu\/it\/news\/author\/edithumanitas\/"},"comment_info":"","category_info":[{"term_id":2026,"name":"Didattica","slug":"didattica-4-2","term_group":0,"term_taxonomy_id":2026,"taxonomy":"category","description":"","parent":0,"count":137,"filter":"raw","cat_ID":2026,"category_count":137,"category_description":"","cat_name":"Didattica","category_nicename":"didattica-4-2","category_parent":0},{"term_id":2024,"name":"Eventi","slug":"eventi-4-2","term_group":0,"term_taxonomy_id":2024,"taxonomy":"category","description":"","parent":0,"count":184,"filter":"raw","cat_ID":2024,"category_count":184,"category_description":"","cat_name":"Eventi","category_nicename":"eventi-4-2","category_parent":0}],"tag_info":false,"_links":{"self":[{"href":"https:\/\/www.hunimed.eu\/it\/wp-json\/wp\/v2\/posts\/37916","targetHints":{"allow":["GET"]}}],"collection":[{"href":"https:\/\/www.hunimed.eu\/it\/wp-json\/wp\/v2\/posts"}],"about":[{"href":"https:\/\/www.hunimed.eu\/it\/wp-json\/wp\/v2\/types\/post"}],"author":[{"embeddable":true,"href":"https:\/\/www.hunimed.eu\/it\/wp-json\/wp\/v2\/users\/16"}],"replies":[{"embeddable":true,"href":"https:\/\/www.hunimed.eu\/it\/wp-json\/wp\/v2\/comments?post=37916"}],"version-history":[{"count":0,"href":"https:\/\/www.hunimed.eu\/it\/wp-json\/wp\/v2\/posts\/37916\/revisions"}],"wp:featuredmedia":[{"embeddable":true,"href":"https:\/\/www.hunimed.eu\/it\/wp-json\/wp\/v2\/media\/26280"}],"wp:attachment":[{"href":"https:\/\/www.hunimed.eu\/it\/wp-json\/wp\/v2\/media?parent=37916"}],"wp:term":[{"taxonomy":"category","embeddable":true,"href":"https:\/\/www.hunimed.eu\/it\/wp-json\/wp\/v2\/categories?post=37916"},{"taxonomy":"post_tag","embeddable":true,"href":"https:\/\/www.hunimed.eu\/it\/wp-json\/wp\/v2\/tags?post=37916"}],"curies":[{"name":"wp","href":"https:\/\/api.w.org\/{rel}","templated":true}]}}