{"id":37906,"date":"2017-01-24T11:56:19","date_gmt":"2017-01-24T11:56:19","guid":{"rendered":"https:\/\/www.hunimed.eu\/news\/discorso-di-apertura-del-prof-marco-montorsi-per-linaugurazione-dellanno-accademico-2016-2017\/"},"modified":"2025-10-14T03:39:27","modified_gmt":"2025-10-14T03:39:27","slug":"discorso-di-apertura-del-prof-marco-montorsi-per-linaugurazione-dellanno-accademico-2016","status":"publish","type":"post","link":"https:\/\/www.hunimed.eu\/it\/news\/discorso-di-apertura-del-prof-marco-montorsi-per-linaugurazione-dellanno-accademico-2016\/","title":{"rendered":"Discorso di apertura del prof. Marco Montorsi per l\u2019inaugurazione dell\u2019anno accademico 2016\/2017"},"content":{"rendered":"<h4>Discorso di apertura del prof. Marco Montorsi per l\u2019inaugurazione dell\u2019anno accademico 2016\/2017.<\/h4>\n<p>Signor Ministro, Signor Sindaco, Magnifici Rettori, colleghi, cari studenti, \u00e8 per me un vero piacere accogliervi oggi\u00a0 nel giorno in cui inauguriamo il nuovo anno accademico della nostra giovanissima universit\u00e0: sono infatti passati appena due anni e mezzo dal decreto ministeriale di istituzione di Hunimed, una universit\u00e0 nata con l\u2019obiettivo di costituire un progetto educazionale a respiro internazionale nel campo delle <em>Life Sciences<\/em>.<\/p>\n<p>Anche nell\u2019anno appena concluso, i dati nazionali dei test di ammissione confermano il continuo <em>appeal<\/em> dell\u2019area delle scienze mediche con un rapporto domande per posti disponibili superiore a 6.<\/p>\n<p>Il fenomeno \u00e8 molto pi\u00f9 evidente per i corsi internazionali in lingua inglese, offerti oggi da 10 Universit\u00e0 tra statali e non statali (tra le quali appunto Hunimed ) nelle quali risulta in costante crescita la quantit\u00e0 di posti assegnati agli studenti extra-UE.<\/p>\n<p>L\u2019internazionalizzazione del nostro sistema dell\u2019educazione superiore \u00e8 stata peraltro di recente ribadita come una delle priorit\u00e0 politiche dal Ministro dell\u2019Istruzione, Universit\u00e0 e Ricerca nel suo Atto di Indirizzo appena reso pubblico.<\/p>\n<p>Si tratta di un titolo di studio \u2013 la laurea in medicina \u2013 che, pur con le criticit\u00e0 di un percorso professionale molto lungo, mantiene un forte rapporto con il mondo del lavoro se guardiamo i dati del recente rapporto dell\u2019Alma Laurea sulla condizione occupazionale dei laureati italiani.<\/p>\n<p>Questo aspetto risulta rivestire una sempre maggiore importanza tra la nostra popolazione studentesca, come evidenziato nell\u2019ultimo rapporto dell\u2019Osservatorio degli studenti universitari promosso da L\u2019Or\u00e9al e di recente presentato.<\/p>\n<p>Se a questo aggiungiamo i dati di uno studio che ha esaminato la situazione dei medici in servizio negli ospedali italiani proiettandola nel prossimo decennio, si pu\u00f2 notare come l\u2019et\u00e0 dei nostri medici sia elevata, anzi risulta tra le pi\u00f9 alte in Europa.<\/p>\n<p>Ci dobbiamo aspettare quindi fra qualche anno un picco di pensionamenti e di conseguenza un aumento significativo del fabbisogno di medici, stimato in pi\u00f9 di 50.000 unit\u00e0, aggravato dal peculiare problema del nostro Paese del numero ancora insufficiente di contratti di formazione specialistica.<\/p>\n<p>A questo proposito, \u00e8 pur vero che il problema italiano \u00e8 ancora quello della relativa bassa capacit\u00e0 di attrarre talenti, ma io credo sia giusto cominciare a considerare il mercato del lavoro nella sua globalit\u00e0 su base europea; questo aiuterebbe a non enfatizzare in modo negativo la migrazione dei nostri giovani laureati inquadrandola in un pi\u00f9 fisiologico fenomeno di circolazione dei cervelli invece che \u2013 come si \u00e8 soliti dire \u2013 \u201cfuga dei cervelli\u201d; la libera circolazione dei cervelli dovrebbe essere vista come garanzia supplementare contro il rischio di non trovare lavoro o perderlo in patria proprio per quella categoria \u2013 i giovani \u2013 che hanno la massima attitudine alla mobilit\u00e0.<\/p>\n<p>Le Universit\u00e0 sono le istituzioni fondamentali per l\u2019attrazione dei talenti e la loro crescita, partendo appunto da una efficace selezione della popolazione studentesca in ingresso e creando le condizioni pi\u00f9 favorevoli al raggiungimento di questo obiettivo durante gli anni di studio. Il successo professionale e scientifico di un laureato \u00e8 il successo dell\u2019universit\u00e0 che lo ha formato.<\/p>\n<p>In questo contesto ed essendoci posti come obiettivo di offrire un corso di laurea attrattivo per gli studenti stranieri, abbiamo positivamente valutato i dati del recente test di ammissione sia per gli studenti comunitari che extra comunitari che testimoniano un significativo incremento degli iscritti.<\/p>\n<p>Al termine del processo di immatricolazione \u2013 spesso molto lungo e complesso \u2013 abbiamo registrato un tasso di studenti stranieri del 40% che provengono da Paesi anche molto lontani tra loro, ma con grandi aspettative.<\/p>\n<p>Questo <em>melting pot<\/em> studentesco rappresenta per certo la parte pi\u00f9 stimolante del nostro progetto educativo ma richiede una grandissima attenzione, in particolare nei meccanismi di selezione e di orientamento, cui stiamo provando a dare risposte con iniziative mirate.<\/p>\n<p>Un corso internazionale con studenti di provenienza culturale anche molto diversificata richiede infatti grande cura verso alcuni aspetti relativi al modo pi\u00f9 efficace di insegnare, valutare e supportare la crescita dello studente stesso.<\/p>\n<p>In una parola, attenzione globale sia verso le <em>technical che le soft skills.<\/em><\/p>\n<p>Il nuovo Campus, che sta crescendo rapidamente, sar\u00e0 la sede privilegiata per tutte queste iniziative a partire dal prossimo anno accademico.<\/p>\n<p>Abbiamo laureato i primi sei studenti grazie ad un <em>agreement<\/em> con l\u2019Universit\u00e0 di Milano: si tratta della prima coorte che si iscrisse al Mi-Med sei anni fa e che ha interamente seguito e frequentato il corso di laurea qui in Humanitas decidendo poi di aderire alla opportunit\u00e0 di affiliazione in Hunimed.<\/p>\n<p>Sentirete a breve dalla Dottoressa Giulia Mulazzani il racconto della sua personale esperienza.<\/p>\n<p>La Faculty ha visto nel corso dell\u2019anno appena concluso un significativo incremento sia in numeri assoluti che nelle sue diverse componenti. Dopo un primo periodo in cui l<em>\u2019hiring<\/em> si \u00e8 naturalmente concentrato sulle posizioni apicali, ora si \u00e8 aperto un programma di reclutamento di giovani ricercatori volto anche e soprattutto all\u2019estero per allargare la base con elementi a forte vocazione di ricerca con significative esperienze internazionali.<\/p>\n<p>In considerazione della giovanissima et\u00e0 del nostro ateneo, non possiamo ancora figurare nelle classifiche internazionali pi\u00f9 qualificate (THE, Scimago, etc.) seppure l\u2019<em>output<\/em> della ricerca di Hunimed in valore di <em>Impact Factor<\/em> contribuisca significativamente all\u2019ottima performance del nostro IRCCS.<\/p>\n<p>L\u2019attenzione posta in fase di selezione alla qualit\u00e0 dei docenti e al loro <em>Ranking<\/em> scientifico e di ricerca \u00e8 altres\u00ec evidente d a questa classifica delle istituzioni italiane di <em>Higher Education<\/em> elaborata da un interessante sito che si chiama Virtual Italian Academy e che raggruppa i docenti italiani con H-index superiore a 30 attivi sia in patria che all\u2019estero senza diversificazione di tipologia e <em>status<\/em> dell\u2019Ateneo.<\/p>\n<p>Nell\u2019ambito delle lauree triennali, oltre a proseguire il progetto di una pi\u00f9 efficace caratterizzazione professionale del Corso di Laurea in Scienze Infermieristiche, abbiamo fatto partire anche un nuovo Corso di Laurea in Fisioterapia: come era prevedibile, in considerazione dell\u2019<em>appeal<\/em> che tale corso ha in ambito nazionale, abbiamo registrato un numero di <em>applications<\/em> molto elevate e i primi 30 studenti hanno di recente iniziato il loro percorso didattico e professionale. Anche per questo corso \u00e8 stato istituito un Advisory Board internazionale coordinato dal Presidente del Corso stesso per impostare il lavoro e il percorso al meglio e renderlo compatibile con le migliori esperienze europee.<\/p>\n<p>Buoni riscontri abbiamo altres\u00ec avuto dai corsi di Master in ambito clinico le cui prime edizioni si sono concluse con la consegna dei diplomi la scorsa settimana; prosegue anche l\u2019Excellence Track in Experimental Medicine \u2013 la nostra particolare declinazione del progetto MD-PhD \u2013 che sta arruolando ogni anno gli studenti pi\u00f9 motivati alla ricerca, scelti sulla base del merito per anno accademico.<\/p>\n<p>Sul versante della formazione post-laurea sono iniziate le attivit\u00e0 didattiche e pratico-formative delle otto Scuole di Specializzazione autorizzate dal Ministero dell\u2019Universit\u00e0, due delle quali in collaborazione con altri atenei dell\u2019area milanese. Abbiamo con piacere constatato che gli immatricolati alle nostre Scuole appartengono per quasi due terzi al primo decile della graduatoria nazionale, a testimonianza della qualit\u00e0 e buona reputazione che i nostri docenti e la rete formativa (che comprende le strutture del gruppo presenti in Regione) possiedono sul territorio nazionale.<\/p>\n<p>In questo ambito restano da definire e possibilmente correggere alcuni aspetti controversi fonte di inefficienze quali: il meccanismo di selezione, che consente opzioni in aree disciplinari troppo diverse; la non pari dignit\u00e0 tra le borse ministeriali e quelle finanziate da enti esterni; le difformi regole di ingaggio sul territorio nazionale e nei diversi <em>setting<\/em> ospedalieri e regionali.<\/p>\n<p>Ci stiamo naturalmente anche confrontando sul futuro, disegnando un piano strategico di sviluppo triennale, ora alla approvazione degli organi accademici, con particolare rilievo alla ricerca e alla innovazione didattica.<\/p>\n<p>Per la ricerca, la sfida si concentrer\u00e0 nell\u2019affascinante campo della <em>Precision Medicine<\/em>, sia in ambito preclinico che clinico.<\/p>\n<p>\u00c8 questo un settore che sta sollevando enormi interessi e grandi iniziative a livello delle singole nazioni e noi vogliamo dare il nostro personale contributo al successo di questa rivoluzione della scienza medica dei prossimi anni concentrando i nostri sforzi sui settori specificatamente indicati nella slide.<\/p>\n<p>Le nuove iniziative didattiche in progettazione riflettono poi il nostro dichiarato interesse a coprire settori delle scienze mediche nei quali sia prevedibile un significativo sviluppo, anche attraverso collaborazioni strutturate con istituzioni scientifiche di elevato livello sia italiane che estere. Tra queste c\u2019\u00e8 il progetto Watson con IBM.<\/p>\n<p>Lo ha accennato il dr Rocca nel suo saluto , io lo riprendo solo per dire che si tratta di un altro stimolante aspetto di questa realt\u00e0 \u00a0che lega la didattica al mondo della <em>Artificial Intelligence <\/em>e dell\u2019<em>Information Technology<\/em> per migliorarne l\u2019efficacia.<\/p>\n<p>Questa nuova medicina di precisione \u00e8 stata chiamata P4 (Predictive, Personalized, Preventive and Participatory). La quarta \u201cP\u201d \u00e8 la pi\u00f9 importante, come conseguenza della centralit\u00e0 della relazione medico-paziente, con l\u2019obiettivo di stabilire un dialogo e un\u2019alleanza che siano alla base di un rapporto di fiducia reciproca che porti a cure giuste e il pi\u00f9 possibile efficaci.<\/p>\n<p>\u00c8 quindi con rinnovato orgoglio ed un pizzico di emozione che dichiaro aperto l\u2019anno accademico 2016-2017 di Humanitas University.<\/p>\n","protected":false},"excerpt":{"rendered":"<p>Discorso di apertura del prof. Marco Montorsi per l\u2019inaugurazione dell\u2019anno accademico 2016\/2017. Signor Ministro, Signor Sindaco, Magnifici Rettori, colleghi, cari studenti, \u00e8 per me un vero piacere accogliervi oggi\u00a0 nel giorno in cui inauguriamo il nuovo anno accademico della nostra giovanissima universit\u00e0: sono infatti passati appena due anni e mezzo dal decreto ministeriale di istituzione [&hellip;]<\/p>\n","protected":false},"author":16,"featured_media":26261,"comment_status":"open","ping_status":"open","sticky":false,"template":"","format":"standard","meta":{"_acf_changed":false,"_kad_blocks_custom_css":"","_kad_blocks_head_custom_js":"","_kad_blocks_body_custom_js":"","_kad_blocks_footer_custom_js":"","footnotes":""},"categories":[2024,401],"tags":[],"class_list":["post-37906","post","type-post","status-publish","format-standard","has-post-thumbnail","hentry","category-eventi-4-2","category-mondo-humanitas"],"acf":[],"yoast_head":"<!-- This site is optimized with the Yoast SEO plugin v27.2 - https:\/\/yoast.com\/product\/yoast-seo-wordpress\/ -->\n<title>Discorso di apertura del prof. Marco Montorsi per l\u2019inaugurazione dell\u2019anno accademico 2016\/2017 - Hunimed<\/title>\n<meta name=\"description\" content=\"Discorso di apertura del prof. Marco Montorsi per l\u2019inaugurazione dell\u2019anno accademico 2016\/2017. Signor Ministro, Signor Sindaco, Magnifici Rettori,\" \/>\n<meta name=\"robots\" content=\"index, follow, max-snippet:-1, max-image-preview:large, max-video-preview:-1\" \/>\n<link rel=\"canonical\" href=\"https:\/\/www.hunimed.eu\/news\/discorso-di-apertura-del-prof-marco-montorsi-per-linaugurazione-dellanno-accademico-2016-2017\/\" \/>\n<meta property=\"og:locale\" content=\"it_IT\" \/>\n<meta property=\"og:type\" content=\"article\" \/>\n<meta property=\"og:title\" content=\"Discorso di apertura del prof. Marco Montorsi per l\u2019inaugurazione dell\u2019anno accademico 2016\/2017 - Hunimed\" \/>\n<meta property=\"og:description\" content=\"Discorso di apertura del prof. Marco Montorsi per l\u2019inaugurazione dell\u2019anno accademico 2016\/2017. Signor Ministro, Signor Sindaco, Magnifici Rettori,\" \/>\n<meta property=\"og:url\" content=\"https:\/\/www.hunimed.eu\/news\/discorso-di-apertura-del-prof-marco-montorsi-per-linaugurazione-dellanno-accademico-2016-2017\/\" \/>\n<meta property=\"og:site_name\" content=\"Hunimed\" \/>\n<meta property=\"article:publisher\" content=\"https:\/\/www.facebook.com\/Hunimed\/\" \/>\n<meta property=\"article:published_time\" content=\"2017-01-24T11:56:19+00:00\" \/>\n<meta property=\"article:modified_time\" content=\"2025-10-14T03:39:27+00:00\" \/>\n<meta property=\"og:image\" content=\"https:\/\/www.hunimed.eu\/wp-content\/uploads\/2025\/08\/HUNIMED-News-6.jpg\" \/>\n\t<meta property=\"og:image:width\" content=\"600\" \/>\n\t<meta property=\"og:image:height\" content=\"320\" \/>\n\t<meta property=\"og:image:type\" content=\"image\/jpeg\" \/>\n<meta name=\"author\" content=\"edit@humanitas\" \/>\n<meta name=\"twitter:card\" content=\"summary_large_image\" \/>\n<meta name=\"twitter:label1\" content=\"Scritto da\" \/>\n\t<meta name=\"twitter:data1\" content=\"edit@humanitas\" \/>\n\t<meta name=\"twitter:label2\" content=\"Tempo di lettura stimato\" \/>\n\t<meta name=\"twitter:data2\" content=\"7 minuti\" \/>\n<script type=\"application\/ld+json\" class=\"yoast-schema-graph\">{\"@context\":\"https:\/\/schema.org\",\"@graph\":[{\"@type\":\"Article\",\"@id\":\"https:\/\/www.hunimed.eu\/news\/discorso-di-apertura-del-prof-marco-montorsi-per-linaugurazione-dellanno-accademico-2016-2017\/#article\",\"isPartOf\":{\"@id\":\"https:\/\/www.hunimed.eu\/news\/discorso-di-apertura-del-prof-marco-montorsi-per-linaugurazione-dellanno-accademico-2016-2017\/\"},\"author\":{\"name\":\"edit@humanitas\",\"@id\":\"https:\/\/www.hunimed.eu\/#\/schema\/person\/cbe85a517f5d0316033eda8329e38457\"},\"headline\":\"Discorso di apertura del prof. Marco Montorsi per l\u2019inaugurazione dell\u2019anno accademico 2016\/2017\",\"datePublished\":\"2017-01-24T11:56:19+00:00\",\"dateModified\":\"2025-10-14T03:39:27+00:00\",\"mainEntityOfPage\":{\"@id\":\"https:\/\/www.hunimed.eu\/news\/discorso-di-apertura-del-prof-marco-montorsi-per-linaugurazione-dellanno-accademico-2016-2017\/\"},\"wordCount\":1500,\"commentCount\":0,\"publisher\":{\"@id\":\"https:\/\/www.hunimed.eu\/#organization\"},\"image\":{\"@id\":\"https:\/\/www.hunimed.eu\/news\/discorso-di-apertura-del-prof-marco-montorsi-per-linaugurazione-dellanno-accademico-2016-2017\/#primaryimage\"},\"thumbnailUrl\":\"https:\/\/www.hunimed.eu\/wp-content\/uploads\/2025\/08\/HUNIMED-News-6.jpg?wsr\",\"articleSection\":[\"Eventi\",\"Mondo Humanitas\"],\"inLanguage\":\"it-IT\"},{\"@type\":\"WebPage\",\"@id\":\"https:\/\/www.hunimed.eu\/news\/discorso-di-apertura-del-prof-marco-montorsi-per-linaugurazione-dellanno-accademico-2016-2017\/\",\"url\":\"https:\/\/www.hunimed.eu\/news\/discorso-di-apertura-del-prof-marco-montorsi-per-linaugurazione-dellanno-accademico-2016-2017\/\",\"name\":\"Discorso di apertura del prof. Marco Montorsi per l\u2019inaugurazione dell\u2019anno accademico 2016\/2017 - Hunimed\",\"isPartOf\":{\"@id\":\"https:\/\/www.hunimed.eu\/#website\"},\"primaryImageOfPage\":{\"@id\":\"https:\/\/www.hunimed.eu\/news\/discorso-di-apertura-del-prof-marco-montorsi-per-linaugurazione-dellanno-accademico-2016-2017\/#primaryimage\"},\"image\":{\"@id\":\"https:\/\/www.hunimed.eu\/news\/discorso-di-apertura-del-prof-marco-montorsi-per-linaugurazione-dellanno-accademico-2016-2017\/#primaryimage\"},\"thumbnailUrl\":\"https:\/\/www.hunimed.eu\/wp-content\/uploads\/2025\/08\/HUNIMED-News-6.jpg?wsr\",\"datePublished\":\"2017-01-24T11:56:19+00:00\",\"dateModified\":\"2025-10-14T03:39:27+00:00\",\"description\":\"Discorso di apertura del prof. Marco Montorsi per l\u2019inaugurazione dell\u2019anno accademico 2016\/2017. Signor Ministro, Signor Sindaco, Magnifici Rettori,\",\"breadcrumb\":{\"@id\":\"https:\/\/www.hunimed.eu\/news\/discorso-di-apertura-del-prof-marco-montorsi-per-linaugurazione-dellanno-accademico-2016-2017\/#breadcrumb\"},\"inLanguage\":\"it-IT\",\"potentialAction\":[{\"@type\":\"ReadAction\",\"target\":[\"https:\/\/www.hunimed.eu\/news\/discorso-di-apertura-del-prof-marco-montorsi-per-linaugurazione-dellanno-accademico-2016-2017\/\"]}]},{\"@type\":\"ImageObject\",\"inLanguage\":\"it-IT\",\"@id\":\"https:\/\/www.hunimed.eu\/news\/discorso-di-apertura-del-prof-marco-montorsi-per-linaugurazione-dellanno-accademico-2016-2017\/#primaryimage\",\"url\":\"https:\/\/www.hunimed.eu\/wp-content\/uploads\/2025\/08\/HUNIMED-News-6.jpg?wsr\",\"contentUrl\":\"https:\/\/www.hunimed.eu\/wp-content\/uploads\/2025\/08\/HUNIMED-News-6.jpg?wsr\",\"width\":600,\"height\":320},{\"@type\":\"BreadcrumbList\",\"@id\":\"https:\/\/www.hunimed.eu\/news\/discorso-di-apertura-del-prof-marco-montorsi-per-linaugurazione-dellanno-accademico-2016-2017\/#breadcrumb\",\"itemListElement\":[{\"@type\":\"ListItem\",\"position\":1,\"name\":\"Home\",\"item\":\"https:\/\/www.hunimed.eu\/it\/\"},{\"@type\":\"ListItem\",\"position\":2,\"name\":\"Discorso di apertura del prof. Marco Montorsi per l\u2019inaugurazione dell\u2019anno accademico 2016\/2017\"}]},{\"@type\":\"WebSite\",\"@id\":\"https:\/\/www.hunimed.eu\/#website\",\"url\":\"https:\/\/www.hunimed.eu\/\",\"name\":\"Hunimed\",\"description\":\"Humanitas University\",\"publisher\":{\"@id\":\"https:\/\/www.hunimed.eu\/#organization\"},\"potentialAction\":[{\"@type\":\"SearchAction\",\"target\":{\"@type\":\"EntryPoint\",\"urlTemplate\":\"https:\/\/www.hunimed.eu\/?s={search_term_string}\"},\"query-input\":{\"@type\":\"PropertyValueSpecification\",\"valueRequired\":true,\"valueName\":\"search_term_string\"}}],\"inLanguage\":\"it-IT\"},{\"@type\":\"Organization\",\"@id\":\"https:\/\/www.hunimed.eu\/#organization\",\"name\":\"Humanitas University\",\"url\":\"https:\/\/www.hunimed.eu\/\",\"logo\":{\"@type\":\"ImageObject\",\"inLanguage\":\"it-IT\",\"@id\":\"https:\/\/www.hunimed.eu\/#\/schema\/logo\/image\/\",\"url\":\"https:\/\/www.hunimed.eu\/wp-content\/uploads\/2025\/06\/Logo.svg?wsr\",\"contentUrl\":\"https:\/\/www.hunimed.eu\/wp-content\/uploads\/2025\/06\/Logo.svg?wsr\",\"caption\":\"Humanitas University\"},\"image\":{\"@id\":\"https:\/\/www.hunimed.eu\/#\/schema\/logo\/image\/\"},\"sameAs\":[\"https:\/\/www.facebook.com\/Hunimed\/\",\"https:\/\/www.linkedin.com\/school\/18280267\/admin\/\"]},{\"@type\":\"Person\",\"@id\":\"https:\/\/www.hunimed.eu\/#\/schema\/person\/cbe85a517f5d0316033eda8329e38457\",\"name\":\"edit@humanitas\",\"image\":{\"@type\":\"ImageObject\",\"inLanguage\":\"it-IT\",\"@id\":\"https:\/\/secure.gravatar.com\/avatar\/e785548038467c6e09e44311549cfa096e2b3dd02edfdfd427b584a1347e82b9?s=96&d=mm&r=g\",\"url\":\"https:\/\/secure.gravatar.com\/avatar\/e785548038467c6e09e44311549cfa096e2b3dd02edfdfd427b584a1347e82b9?s=96&d=mm&r=g\",\"contentUrl\":\"https:\/\/secure.gravatar.com\/avatar\/e785548038467c6e09e44311549cfa096e2b3dd02edfdfd427b584a1347e82b9?s=96&d=mm&r=g\",\"caption\":\"edit@humanitas\"},\"url\":\"https:\/\/www.hunimed.eu\/it\/news\/author\/edithumanitas\/\"}]}<\/script>\n<!-- \/ Yoast SEO plugin. -->","yoast_head_json":{"title":"Discorso di apertura del prof. Marco Montorsi per l\u2019inaugurazione dell\u2019anno accademico 2016\/2017 - Hunimed","description":"Discorso di apertura del prof. Marco Montorsi per l\u2019inaugurazione dell\u2019anno accademico 2016\/2017. Signor Ministro, Signor Sindaco, Magnifici Rettori,","robots":{"index":"index","follow":"follow","max-snippet":"max-snippet:-1","max-image-preview":"max-image-preview:large","max-video-preview":"max-video-preview:-1"},"canonical":"https:\/\/www.hunimed.eu\/news\/discorso-di-apertura-del-prof-marco-montorsi-per-linaugurazione-dellanno-accademico-2016-2017\/","og_locale":"it_IT","og_type":"article","og_title":"Discorso di apertura del prof. Marco Montorsi per l\u2019inaugurazione dell\u2019anno accademico 2016\/2017 - Hunimed","og_description":"Discorso di apertura del prof. Marco Montorsi per l\u2019inaugurazione dell\u2019anno accademico 2016\/2017. Signor Ministro, Signor Sindaco, Magnifici Rettori,","og_url":"https:\/\/www.hunimed.eu\/news\/discorso-di-apertura-del-prof-marco-montorsi-per-linaugurazione-dellanno-accademico-2016-2017\/","og_site_name":"Hunimed","article_publisher":"https:\/\/www.facebook.com\/Hunimed\/","article_published_time":"2017-01-24T11:56:19+00:00","article_modified_time":"2025-10-14T03:39:27+00:00","og_image":[{"width":600,"height":320,"url":"https:\/\/www.hunimed.eu\/wp-content\/uploads\/2025\/08\/HUNIMED-News-6.jpg","type":"image\/jpeg"}],"author":"edit@humanitas","twitter_card":"summary_large_image","twitter_misc":{"Scritto da":"edit@humanitas","Tempo di lettura stimato":"7 minuti"},"schema":{"@context":"https:\/\/schema.org","@graph":[{"@type":"Article","@id":"https:\/\/www.hunimed.eu\/news\/discorso-di-apertura-del-prof-marco-montorsi-per-linaugurazione-dellanno-accademico-2016-2017\/#article","isPartOf":{"@id":"https:\/\/www.hunimed.eu\/news\/discorso-di-apertura-del-prof-marco-montorsi-per-linaugurazione-dellanno-accademico-2016-2017\/"},"author":{"name":"edit@humanitas","@id":"https:\/\/www.hunimed.eu\/#\/schema\/person\/cbe85a517f5d0316033eda8329e38457"},"headline":"Discorso di apertura del prof. Marco Montorsi per l\u2019inaugurazione dell\u2019anno accademico 2016\/2017","datePublished":"2017-01-24T11:56:19+00:00","dateModified":"2025-10-14T03:39:27+00:00","mainEntityOfPage":{"@id":"https:\/\/www.hunimed.eu\/news\/discorso-di-apertura-del-prof-marco-montorsi-per-linaugurazione-dellanno-accademico-2016-2017\/"},"wordCount":1500,"commentCount":0,"publisher":{"@id":"https:\/\/www.hunimed.eu\/#organization"},"image":{"@id":"https:\/\/www.hunimed.eu\/news\/discorso-di-apertura-del-prof-marco-montorsi-per-linaugurazione-dellanno-accademico-2016-2017\/#primaryimage"},"thumbnailUrl":"https:\/\/www.hunimed.eu\/wp-content\/uploads\/2025\/08\/HUNIMED-News-6.jpg?wsr","articleSection":["Eventi","Mondo Humanitas"],"inLanguage":"it-IT"},{"@type":"WebPage","@id":"https:\/\/www.hunimed.eu\/news\/discorso-di-apertura-del-prof-marco-montorsi-per-linaugurazione-dellanno-accademico-2016-2017\/","url":"https:\/\/www.hunimed.eu\/news\/discorso-di-apertura-del-prof-marco-montorsi-per-linaugurazione-dellanno-accademico-2016-2017\/","name":"Discorso di apertura del prof. Marco Montorsi per l\u2019inaugurazione dell\u2019anno accademico 2016\/2017 - Hunimed","isPartOf":{"@id":"https:\/\/www.hunimed.eu\/#website"},"primaryImageOfPage":{"@id":"https:\/\/www.hunimed.eu\/news\/discorso-di-apertura-del-prof-marco-montorsi-per-linaugurazione-dellanno-accademico-2016-2017\/#primaryimage"},"image":{"@id":"https:\/\/www.hunimed.eu\/news\/discorso-di-apertura-del-prof-marco-montorsi-per-linaugurazione-dellanno-accademico-2016-2017\/#primaryimage"},"thumbnailUrl":"https:\/\/www.hunimed.eu\/wp-content\/uploads\/2025\/08\/HUNIMED-News-6.jpg?wsr","datePublished":"2017-01-24T11:56:19+00:00","dateModified":"2025-10-14T03:39:27+00:00","description":"Discorso di apertura del prof. Marco Montorsi per l\u2019inaugurazione dell\u2019anno accademico 2016\/2017. Signor Ministro, Signor Sindaco, Magnifici Rettori,","breadcrumb":{"@id":"https:\/\/www.hunimed.eu\/news\/discorso-di-apertura-del-prof-marco-montorsi-per-linaugurazione-dellanno-accademico-2016-2017\/#breadcrumb"},"inLanguage":"it-IT","potentialAction":[{"@type":"ReadAction","target":["https:\/\/www.hunimed.eu\/news\/discorso-di-apertura-del-prof-marco-montorsi-per-linaugurazione-dellanno-accademico-2016-2017\/"]}]},{"@type":"ImageObject","inLanguage":"it-IT","@id":"https:\/\/www.hunimed.eu\/news\/discorso-di-apertura-del-prof-marco-montorsi-per-linaugurazione-dellanno-accademico-2016-2017\/#primaryimage","url":"https:\/\/www.hunimed.eu\/wp-content\/uploads\/2025\/08\/HUNIMED-News-6.jpg?wsr","contentUrl":"https:\/\/www.hunimed.eu\/wp-content\/uploads\/2025\/08\/HUNIMED-News-6.jpg?wsr","width":600,"height":320},{"@type":"BreadcrumbList","@id":"https:\/\/www.hunimed.eu\/news\/discorso-di-apertura-del-prof-marco-montorsi-per-linaugurazione-dellanno-accademico-2016-2017\/#breadcrumb","itemListElement":[{"@type":"ListItem","position":1,"name":"Home","item":"https:\/\/www.hunimed.eu\/it\/"},{"@type":"ListItem","position":2,"name":"Discorso di apertura del prof. Marco Montorsi per l\u2019inaugurazione dell\u2019anno accademico 2016\/2017"}]},{"@type":"WebSite","@id":"https:\/\/www.hunimed.eu\/#website","url":"https:\/\/www.hunimed.eu\/","name":"Hunimed","description":"Humanitas University","publisher":{"@id":"https:\/\/www.hunimed.eu\/#organization"},"potentialAction":[{"@type":"SearchAction","target":{"@type":"EntryPoint","urlTemplate":"https:\/\/www.hunimed.eu\/?s={search_term_string}"},"query-input":{"@type":"PropertyValueSpecification","valueRequired":true,"valueName":"search_term_string"}}],"inLanguage":"it-IT"},{"@type":"Organization","@id":"https:\/\/www.hunimed.eu\/#organization","name":"Humanitas University","url":"https:\/\/www.hunimed.eu\/","logo":{"@type":"ImageObject","inLanguage":"it-IT","@id":"https:\/\/www.hunimed.eu\/#\/schema\/logo\/image\/","url":"https:\/\/www.hunimed.eu\/wp-content\/uploads\/2025\/06\/Logo.svg?wsr","contentUrl":"https:\/\/www.hunimed.eu\/wp-content\/uploads\/2025\/06\/Logo.svg?wsr","caption":"Humanitas University"},"image":{"@id":"https:\/\/www.hunimed.eu\/#\/schema\/logo\/image\/"},"sameAs":["https:\/\/www.facebook.com\/Hunimed\/","https:\/\/www.linkedin.com\/school\/18280267\/admin\/"]},{"@type":"Person","@id":"https:\/\/www.hunimed.eu\/#\/schema\/person\/cbe85a517f5d0316033eda8329e38457","name":"edit@humanitas","image":{"@type":"ImageObject","inLanguage":"it-IT","@id":"https:\/\/secure.gravatar.com\/avatar\/e785548038467c6e09e44311549cfa096e2b3dd02edfdfd427b584a1347e82b9?s=96&d=mm&r=g","url":"https:\/\/secure.gravatar.com\/avatar\/e785548038467c6e09e44311549cfa096e2b3dd02edfdfd427b584a1347e82b9?s=96&d=mm&r=g","contentUrl":"https:\/\/secure.gravatar.com\/avatar\/e785548038467c6e09e44311549cfa096e2b3dd02edfdfd427b584a1347e82b9?s=96&d=mm&r=g","caption":"edit@humanitas"},"url":"https:\/\/www.hunimed.eu\/it\/news\/author\/edithumanitas\/"}]}},"taxonomy_info":{"category":[{"value":2024,"label":"Eventi"},{"value":401,"label":"Mondo Humanitas"}]},"featured_image_src_large":["https:\/\/www.hunimed.eu\/wp-content\/uploads\/2025\/08\/HUNIMED-News-6.jpg?wsr",600,320,false],"author_info":{"display_name":"edit@humanitas","author_link":"https:\/\/www.hunimed.eu\/it\/news\/author\/edithumanitas\/"},"comment_info":"","category_info":[{"term_id":2024,"name":"Eventi","slug":"eventi-4-2","term_group":0,"term_taxonomy_id":2024,"taxonomy":"category","description":"","parent":0,"count":184,"filter":"raw","cat_ID":2024,"category_count":184,"category_description":"","cat_name":"Eventi","category_nicename":"eventi-4-2","category_parent":0},{"term_id":401,"name":"Mondo Humanitas","slug":"mondo-humanitas","term_group":0,"term_taxonomy_id":401,"taxonomy":"category","description":"","parent":0,"count":287,"filter":"raw","cat_ID":401,"category_count":287,"category_description":"","cat_name":"Mondo Humanitas","category_nicename":"mondo-humanitas","category_parent":0}],"tag_info":false,"_links":{"self":[{"href":"https:\/\/www.hunimed.eu\/it\/wp-json\/wp\/v2\/posts\/37906","targetHints":{"allow":["GET"]}}],"collection":[{"href":"https:\/\/www.hunimed.eu\/it\/wp-json\/wp\/v2\/posts"}],"about":[{"href":"https:\/\/www.hunimed.eu\/it\/wp-json\/wp\/v2\/types\/post"}],"author":[{"embeddable":true,"href":"https:\/\/www.hunimed.eu\/it\/wp-json\/wp\/v2\/users\/16"}],"replies":[{"embeddable":true,"href":"https:\/\/www.hunimed.eu\/it\/wp-json\/wp\/v2\/comments?post=37906"}],"version-history":[{"count":1,"href":"https:\/\/www.hunimed.eu\/it\/wp-json\/wp\/v2\/posts\/37906\/revisions"}],"predecessor-version":[{"id":39701,"href":"https:\/\/www.hunimed.eu\/it\/wp-json\/wp\/v2\/posts\/37906\/revisions\/39701"}],"wp:featuredmedia":[{"embeddable":true,"href":"https:\/\/www.hunimed.eu\/it\/wp-json\/wp\/v2\/media\/26261"}],"wp:attachment":[{"href":"https:\/\/www.hunimed.eu\/it\/wp-json\/wp\/v2\/media?parent=37906"}],"wp:term":[{"taxonomy":"category","embeddable":true,"href":"https:\/\/www.hunimed.eu\/it\/wp-json\/wp\/v2\/categories?post=37906"},{"taxonomy":"post_tag","embeddable":true,"href":"https:\/\/www.hunimed.eu\/it\/wp-json\/wp\/v2\/tags?post=37906"}],"curies":[{"name":"wp","href":"https:\/\/api.w.org\/{rel}","templated":true}]}}