{"id":37905,"date":"2017-11-14T11:18:37","date_gmt":"2017-11-14T11:18:37","guid":{"rendered":"https:\/\/www.hunimed.eu\/news\/discorso-di-apertura-del-prof-marco-montorsi-per-linaugurazione-dellanno-accademico-2017-2018\/"},"modified":"2025-10-14T03:39:27","modified_gmt":"2025-10-14T03:39:27","slug":"discorso-di-apertura-del-prof-marco-montorsi-per-linaugurazione-dellanno-accademico-2017","status":"publish","type":"post","link":"https:\/\/www.hunimed.eu\/it\/news\/discorso-di-apertura-del-prof-marco-montorsi-per-linaugurazione-dellanno-accademico-2017\/","title":{"rendered":"Discorso di apertura del prof. Marco Montorsi per l\u2019inaugurazione dell\u2019anno accademico 2017\/2018"},"content":{"rendered":"<p>Signor Presidente della Repubblica, Autorit\u00e0, magnifici Rettori, cari Colleghi, cari Studenti, Signore e Signori.<\/p>\n<p>\u00c8 per me un vero piacere avervi tutti qui in occasione di questa giornata che rappresenta per la nostra giovane Universit\u00e0 un momento assai significativo che riunisce la celebrazione di apertura dell\u2019Anno Accademico con l\u2019inaugurazione del nuovo Campus universitario.<\/p>\n<p>Il settore delle scienze della vita, che rappresenta il <em>core<\/em> del nostro progetto educativo, \u00e8 ormai quasi universalmente visto come uno dei pi\u00f9 dinamici, dal quale ci possiamo aspettare rilevanti avanzamenti in grado di trasformare positivamente la vita delle persone e la cura delle malattie nei prossimi anni. Parliamo di tutte le tecnologie qui illustrate, il cui sviluppo avr\u00e0 un impatto direttamente o indirettamente connesso, ma sempre comunque assai significativo, con l\u2019area delle scienze della vita.<\/p>\n<p>L\u2019Italia in questo ha un ruolo molto importante in Europa, per la concomitante presenza nel nostro Paese di un importante <em>network<\/em> di imprese di settore e di istituzioni universitarie e di ricerca biomedica di elevato livello, in grado di sviluppare un potenziale di crescita assai significativo nel breve e medio termine.<\/p>\n<p>Tale scenario cos\u00ec stimolante, che disegner\u00e0 un nuovo orizzonte tecnologico in un mondo sempre pi\u00f9 connesso, richiede agli Atenei con scuole di Medicina una profonda riflessione e un verosimile cambiamento del modello di <em>education<\/em> (o di parte di esso) che si deve sempre pi\u00f9 fondare su alcuni pilastri: una rete ospedaliera caratterizzata da elevata qualit\u00e0 clinica ed efficienza gestionale; un centro di ricerca di alto livello focalizzato su temi all\u2019avanguardia e sulla capacit\u00e0 di traslare rapidamente tali risultati in benefici di salute; una <em>Faculty<\/em> internazionale con l\u2019obiettivo di raggiungere l\u2019eccellenza in ricerca e didattica; una rete di collaborazione con le migliori realt\u00e0 accademiche; un Campus adeguato e tecnologicamente all\u2019avanguardia.<\/p>\n<p>Pur riconfermando l\u2019importanza di una solida formazione preclinica efficacemente integrata tra i diversi corsi, <strong>l\u2019ingresso in ospedale rappresenta senza dubbio un momento topico<\/strong> e carico di emozioni per gli studenti: \u00e8 in questo ambiente, capace di generare elevati volumi di attivit\u00e0 e alta qualit\u00e0 clinica per un felice <em>mix<\/em> di medici competenti e generosa disponibilit\u00e0 di tecnologia, che i nostri studenti acquisiranno gli strumenti fondanti per la loro futura formazione, quali, ad esempio, l\u2019attitudine al lavoro di squadra, il corretto uso delle nuove tecnologie, una <em>tutorship<\/em> efficace e uno sviluppo delle loro capacit\u00e0 relazionali, fondamentali per un corretto rapporto medico-paziente.<\/p>\n<p>Tutte queste competenze sono essenziali per assicurare la loro futura inclusione e l\u2019attiva partecipazione nel mondo del lavoro, in un contesto divenuto sempre pi\u00f9 internazionale.<\/p>\n<p>Il <strong>secondo pilastro<\/strong> di una efficace educazione medica \u00e8 rappresentato da uno stretto <strong>collegamento con la Ricerca<\/strong>, in particolare traslazionale.<\/p>\n<p>In quest\u2019ottica abbiamo cercato di elevare l\u2019attrattivit\u00e0 del percorso del medico ricercatore (<strong>MD-PhD<\/strong>) attivando un nostro peculiare progetto di formazione che abbiamo chiamato <strong>ERT (Excellence Research Track)<\/strong> con l\u2019obiettivo di fornire agli studenti pi\u00f9 motivati solide basi di ricerca sin dai primi anni della loro formazione: sarebbe al proposito auspicabile una certa flessibilit\u00e0 legislativa, che consenta di legare in modo evidente queste iniziative al percorso di dottorato e forse anche alle scuole di specializzazione, almeno per ci\u00f2 che concerne la crescita della figura del ricercatore in area clinica.<\/p>\n<p>\u00c8 in questi percorsi didattici che potremo far crescere i futuri talenti con le pi\u00f9 chiare attitudini accademiche.<\/p>\n<p>In questo progetto educativo strettamente connessa \u00e8 la <strong>costruzione di una chiara leadership nella ricerca scientifica con capacit\u00e0 di concorrere ed acquisire grant competitivi<\/strong>. I nostri ricercatori hanno al proposito ormai da tempo dimostrato un\u2019ottima <em>performance<\/em> cos\u00ec come evidente dalla distribuzione dei prestigiosi grant ERC, anche se la maggior parte di loro sviluppa poi il personale progetto di ricerca al di fuori del nostro Paese.<\/p>\n<p>Dobbiamo essere in grado di invertire questa tendenza, offrendo a questi brillanti ricercatori un ambiente stimolante e <em>facilities<\/em> di livello, anche utilizzando meccanismi incentivanti e pacchetti globali che li convincano a restare nelle nostre Universit\u00e0. La competizione con le migliori istituzioni si fa anche qui, e non possiamo restare indietro.<\/p>\n<p>Venerd\u00ec scorso a Roma il Presidente del Consiglio Paolo Gentiloni ha detto: \u00abAbbiamo bisogno di pi\u00f9 Universit\u00e0\u00bb. Ma pi\u00f9 Universit\u00e0 vuol dire anche pi\u00f9 autonomia e meno vincoli, e per le nostre Universit\u00e0 non statali (di qualit\u00e0 aggiungerei), anche la possibilit\u00e0 di concorrere senza preclusioni ai fondi ministeriali competitivi e di merito.<\/p>\n<p>La nostra <em>Faculty<\/em> vanta una buona percentuale di docenti con una significativa caratterizzazione scientifica e lunga esperienza nelle migliori istituzioni universitarie estere.<\/p>\n<p>E a rimarcarne l\u2019importanza abbiamo proprio affidato ad uno di loro, il Prof. Elio Riboli, la <em>lectio magistralis<\/em> che concluder\u00e0 questa cerimonia.<\/p>\n<p>La <em>Faculty<\/em> \u00e8 in crescita nelle sue varie componenti.<\/p>\n<p>In particolare, quella dei Ricercatori (o <em>Assistant Professors<\/em>) \u2013 la base sulla quale costruire una solida e duratura comunit\u00e0 accademica \u2013 \u00e8 in via di progressivo reclutamento nell\u2019ambito di un ambizioso progetto quinquennale di acquisizione e valorizzazione dei pi\u00f9 brillanti giovani nei diversi settori clinici e preclinici.<\/p>\n<p>La <strong>percentuale di studenti internazionali<\/strong> \u00e8 cresciuta nel tempo fino a raggiungere il 44% degli iscritti di quest\u2019anno, con progressivo ampliamento nella distribuzione geografica dei Paesi di provenienza. In questo ambito, con l\u2019obiettivo di attrarre nei nostri corsi studenti sempre pi\u00f9 performanti, resta aperto il tema dell\u2019identificazione di un efficace test di ammissione, che garantisca da un lato un\u2019eccellente capacit\u00e0 predittiva della qualit\u00e0 del percorso accademico degli studenti e sia altres\u00ec riconosciuto a livello internazionale.<\/p>\n<p>Per quanto riguarda le lauree brevi, l\u2019incremento dell\u2019offerta formativa \u2013 anche con l\u2019apertura della nuova sede del Corso di Laurea in Infermieristica a Bergamo \u2013 \u00e8 stato rapidamente assorbito da una richiesta sempre elevata, in particolare per quanto riguarda il Corso di Laurea in Fisioterapia.<\/p>\n<p>Il progressivo invecchiamento della popolazione, con conseguente aumento degli anni di vita caratterizzati da cronicit\u00e0 ed invalidit\u00e0, richiede attenzione e costante monitoraggio della disponibilit\u00e0 di queste figure professionali.<\/p>\n<p>Nell\u2019ambito della <strong>formazione post-Laurea<\/strong>, siamo stati accreditati per 13 Scuole di specializzazione in area medica, per un totale di 45 contratti di formazione, di cui un terzo finanziato con nostri fondi privati. Un contratto proviene, al contrario, da un\u2019azienda sanitaria pubblica destinato alla nostra Scuola di Specializzazione in Oncologia: un esempio inusuale ma virtuoso di ampliamento della rete formativa con una collaborazione privato-pubblico, forse non cos\u00ec frequente.<\/p>\n<p>Un\u2019Universit\u00e0 di Medicina con un Corso di Laurea internazionale deve poi contare su <strong>solide relazioni con le migliori realt\u00e0 accademiche<\/strong>, sia attraverso una generosa politica di <em>Visiting Professor<\/em> sia costruendo un <em>network<\/em> di relazioni con altri Atenei italiani e stranieri.<\/p>\n<p><strong>Un\u2019ultima riflessione sul significato del Campus<\/strong>: l\u2019importanza di un luogo anche fisico di aggregazione era ben nota gi\u00e0 agli antichi greci e qui ne vedete alcuni esempi, nei resti archeologici o cos\u00ec come sono stati interpretati da grandi artisti del passato.<\/p>\n<p>Le Universit\u00e0 pi\u00f9 antiche, nella grande maggioranza nate nel nostro Paese, si sono poi sviluppate con un mix di spazi aperti e di mirabili aule nelle quali si tenevano le attivit\u00e0 didattiche e si assicurava il concetto di <em>Universitas<\/em>. E oggi, se guardiamo a quelle che sono considerate in diversi <em>ranking<\/em> le migliori Universit\u00e0 nel settore delle <em>Life Sciences<\/em> (e che appartengono per la grande maggioranza al mondo anglosassone), \u00e8 ben evidente l\u2019organizzazione dei loro Campus, che risultano quindi essere un modello di aggregazione e di vita integrata tra le due comunit\u00e0 dei docenti e dei discenti.<\/p>\n<p>Gli studenti sono incoraggiati a trascorrervi molto del loro tempo grazie all\u2019opportunit\u00e0 di avere contatti diretti con il corpo docente; di interagire tra loro e di essere coinvolti in attivit\u00e0 sociali extra-curriculari; di sperimentare modalit\u00e0 di insegnamento e di apprendimento basate sulle nuove tecnologie (la cosiddetta \u201cclasse capovolta\u201d), incluse le metodiche di simulazione condotte in un centro all\u2019avanguardia.<\/p>\n<p>\u00c8 quindi con grande emozione e rinnovato orgoglio che dichiaro aperto l\u2019anno accademico 2017-2018 dell\u2019Universit\u00e0 Humanitas.<\/p>\n","protected":false},"excerpt":{"rendered":"<p>Signor Presidente della Repubblica, Autorit\u00e0, magnifici Rettori, cari Colleghi, cari Studenti, Signore e Signori. \u00c8 per me un vero piacere avervi tutti qui in occasione di questa giornata che rappresenta per la nostra giovane Universit\u00e0 un momento assai significativo che riunisce la celebrazione di apertura dell\u2019Anno Accademico con l\u2019inaugurazione del nuovo Campus universitario. Il settore [&hellip;]<\/p>\n","protected":false},"author":16,"featured_media":26258,"comment_status":"open","ping_status":"open","sticky":false,"template":"","format":"standard","meta":{"_acf_changed":false,"_kad_blocks_custom_css":"","_kad_blocks_head_custom_js":"","_kad_blocks_body_custom_js":"","_kad_blocks_footer_custom_js":"","footnotes":""},"categories":[2024,401],"tags":[],"class_list":["post-37905","post","type-post","status-publish","format-standard","has-post-thumbnail","hentry","category-eventi-4-2","category-mondo-humanitas"],"acf":[],"yoast_head":"<!-- This site is optimized with the Yoast SEO plugin v27.2 - https:\/\/yoast.com\/product\/yoast-seo-wordpress\/ -->\n<title>Discorso di apertura del prof. Marco Montorsi per l\u2019inaugurazione dell\u2019anno accademico 2017\/2018 - Hunimed<\/title>\n<meta name=\"description\" content=\"Signor Presidente della Repubblica, Autorit\u00e0, magnifici Rettori, cari Colleghi, cari Studenti, Signore e Signori. \u00c8 per me un vero piacere avervi tutti\" \/>\n<meta name=\"robots\" content=\"index, follow, max-snippet:-1, max-image-preview:large, max-video-preview:-1\" \/>\n<link rel=\"canonical\" href=\"https:\/\/www.hunimed.eu\/news\/discorso-di-apertura-del-prof-marco-montorsi-per-linaugurazione-dellanno-accademico-2017-2018\/\" \/>\n<meta property=\"og:locale\" content=\"it_IT\" \/>\n<meta property=\"og:type\" content=\"article\" \/>\n<meta property=\"og:title\" content=\"Discorso di apertura del prof. Marco Montorsi per l\u2019inaugurazione dell\u2019anno accademico 2017\/2018 - Hunimed\" \/>\n<meta property=\"og:description\" content=\"Signor Presidente della Repubblica, Autorit\u00e0, magnifici Rettori, cari Colleghi, cari Studenti, Signore e Signori. \u00c8 per me un vero piacere avervi tutti\" \/>\n<meta property=\"og:url\" content=\"https:\/\/www.hunimed.eu\/news\/discorso-di-apertura-del-prof-marco-montorsi-per-linaugurazione-dellanno-accademico-2017-2018\/\" \/>\n<meta property=\"og:site_name\" content=\"Hunimed\" \/>\n<meta property=\"article:publisher\" content=\"https:\/\/www.facebook.com\/Hunimed\/\" \/>\n<meta property=\"article:published_time\" content=\"2017-11-14T11:18:37+00:00\" \/>\n<meta property=\"article:modified_time\" content=\"2025-10-14T03:39:27+00:00\" \/>\n<meta property=\"og:image\" content=\"https:\/\/www.hunimed.eu\/wp-content\/uploads\/2025\/08\/HUNIMED-News-5.png\" \/>\n\t<meta property=\"og:image:width\" content=\"600\" \/>\n\t<meta property=\"og:image:height\" content=\"320\" \/>\n\t<meta property=\"og:image:type\" content=\"image\/png\" \/>\n<meta name=\"author\" content=\"edit@humanitas\" \/>\n<meta name=\"twitter:card\" content=\"summary_large_image\" \/>\n<meta name=\"twitter:label1\" content=\"Scritto da\" \/>\n\t<meta name=\"twitter:data1\" content=\"edit@humanitas\" \/>\n\t<meta name=\"twitter:label2\" content=\"Tempo di lettura stimato\" \/>\n\t<meta name=\"twitter:data2\" content=\"6 minuti\" \/>\n<script type=\"application\/ld+json\" class=\"yoast-schema-graph\">{\"@context\":\"https:\/\/schema.org\",\"@graph\":[{\"@type\":\"Article\",\"@id\":\"https:\/\/www.hunimed.eu\/news\/discorso-di-apertura-del-prof-marco-montorsi-per-linaugurazione-dellanno-accademico-2017-2018\/#article\",\"isPartOf\":{\"@id\":\"https:\/\/www.hunimed.eu\/news\/discorso-di-apertura-del-prof-marco-montorsi-per-linaugurazione-dellanno-accademico-2017-2018\/\"},\"author\":{\"name\":\"edit@humanitas\",\"@id\":\"https:\/\/www.hunimed.eu\/#\/schema\/person\/cbe85a517f5d0316033eda8329e38457\"},\"headline\":\"Discorso di apertura del prof. Marco Montorsi per l\u2019inaugurazione dell\u2019anno accademico 2017\/2018\",\"datePublished\":\"2017-11-14T11:18:37+00:00\",\"dateModified\":\"2025-10-14T03:39:27+00:00\",\"mainEntityOfPage\":{\"@id\":\"https:\/\/www.hunimed.eu\/news\/discorso-di-apertura-del-prof-marco-montorsi-per-linaugurazione-dellanno-accademico-2017-2018\/\"},\"wordCount\":1303,\"commentCount\":0,\"publisher\":{\"@id\":\"https:\/\/www.hunimed.eu\/#organization\"},\"image\":{\"@id\":\"https:\/\/www.hunimed.eu\/news\/discorso-di-apertura-del-prof-marco-montorsi-per-linaugurazione-dellanno-accademico-2017-2018\/#primaryimage\"},\"thumbnailUrl\":\"https:\/\/www.hunimed.eu\/wp-content\/uploads\/2025\/08\/HUNIMED-News-5.png?wsr\",\"articleSection\":[\"Eventi\",\"Mondo Humanitas\"],\"inLanguage\":\"it-IT\"},{\"@type\":\"WebPage\",\"@id\":\"https:\/\/www.hunimed.eu\/news\/discorso-di-apertura-del-prof-marco-montorsi-per-linaugurazione-dellanno-accademico-2017-2018\/\",\"url\":\"https:\/\/www.hunimed.eu\/news\/discorso-di-apertura-del-prof-marco-montorsi-per-linaugurazione-dellanno-accademico-2017-2018\/\",\"name\":\"Discorso di apertura del prof. Marco Montorsi per l\u2019inaugurazione dell\u2019anno accademico 2017\/2018 - Hunimed\",\"isPartOf\":{\"@id\":\"https:\/\/www.hunimed.eu\/#website\"},\"primaryImageOfPage\":{\"@id\":\"https:\/\/www.hunimed.eu\/news\/discorso-di-apertura-del-prof-marco-montorsi-per-linaugurazione-dellanno-accademico-2017-2018\/#primaryimage\"},\"image\":{\"@id\":\"https:\/\/www.hunimed.eu\/news\/discorso-di-apertura-del-prof-marco-montorsi-per-linaugurazione-dellanno-accademico-2017-2018\/#primaryimage\"},\"thumbnailUrl\":\"https:\/\/www.hunimed.eu\/wp-content\/uploads\/2025\/08\/HUNIMED-News-5.png?wsr\",\"datePublished\":\"2017-11-14T11:18:37+00:00\",\"dateModified\":\"2025-10-14T03:39:27+00:00\",\"description\":\"Signor Presidente della Repubblica, Autorit\u00e0, magnifici Rettori, cari Colleghi, cari Studenti, Signore e Signori. \u00c8 per me un vero piacere avervi tutti\",\"breadcrumb\":{\"@id\":\"https:\/\/www.hunimed.eu\/news\/discorso-di-apertura-del-prof-marco-montorsi-per-linaugurazione-dellanno-accademico-2017-2018\/#breadcrumb\"},\"inLanguage\":\"it-IT\",\"potentialAction\":[{\"@type\":\"ReadAction\",\"target\":[\"https:\/\/www.hunimed.eu\/news\/discorso-di-apertura-del-prof-marco-montorsi-per-linaugurazione-dellanno-accademico-2017-2018\/\"]}]},{\"@type\":\"ImageObject\",\"inLanguage\":\"it-IT\",\"@id\":\"https:\/\/www.hunimed.eu\/news\/discorso-di-apertura-del-prof-marco-montorsi-per-linaugurazione-dellanno-accademico-2017-2018\/#primaryimage\",\"url\":\"https:\/\/www.hunimed.eu\/wp-content\/uploads\/2025\/08\/HUNIMED-News-5.png?wsr\",\"contentUrl\":\"https:\/\/www.hunimed.eu\/wp-content\/uploads\/2025\/08\/HUNIMED-News-5.png?wsr\",\"width\":600,\"height\":320},{\"@type\":\"BreadcrumbList\",\"@id\":\"https:\/\/www.hunimed.eu\/news\/discorso-di-apertura-del-prof-marco-montorsi-per-linaugurazione-dellanno-accademico-2017-2018\/#breadcrumb\",\"itemListElement\":[{\"@type\":\"ListItem\",\"position\":1,\"name\":\"Home\",\"item\":\"https:\/\/www.hunimed.eu\/it\/\"},{\"@type\":\"ListItem\",\"position\":2,\"name\":\"Discorso di apertura del prof. Marco Montorsi per l\u2019inaugurazione dell\u2019anno accademico 2017\/2018\"}]},{\"@type\":\"WebSite\",\"@id\":\"https:\/\/www.hunimed.eu\/#website\",\"url\":\"https:\/\/www.hunimed.eu\/\",\"name\":\"Hunimed\",\"description\":\"Humanitas University\",\"publisher\":{\"@id\":\"https:\/\/www.hunimed.eu\/#organization\"},\"potentialAction\":[{\"@type\":\"SearchAction\",\"target\":{\"@type\":\"EntryPoint\",\"urlTemplate\":\"https:\/\/www.hunimed.eu\/?s={search_term_string}\"},\"query-input\":{\"@type\":\"PropertyValueSpecification\",\"valueRequired\":true,\"valueName\":\"search_term_string\"}}],\"inLanguage\":\"it-IT\"},{\"@type\":\"Organization\",\"@id\":\"https:\/\/www.hunimed.eu\/#organization\",\"name\":\"Humanitas University\",\"url\":\"https:\/\/www.hunimed.eu\/\",\"logo\":{\"@type\":\"ImageObject\",\"inLanguage\":\"it-IT\",\"@id\":\"https:\/\/www.hunimed.eu\/#\/schema\/logo\/image\/\",\"url\":\"https:\/\/www.hunimed.eu\/wp-content\/uploads\/2025\/06\/Logo.svg?wsr\",\"contentUrl\":\"https:\/\/www.hunimed.eu\/wp-content\/uploads\/2025\/06\/Logo.svg?wsr\",\"caption\":\"Humanitas University\"},\"image\":{\"@id\":\"https:\/\/www.hunimed.eu\/#\/schema\/logo\/image\/\"},\"sameAs\":[\"https:\/\/www.facebook.com\/Hunimed\/\",\"https:\/\/www.linkedin.com\/school\/18280267\/admin\/\"]},{\"@type\":\"Person\",\"@id\":\"https:\/\/www.hunimed.eu\/#\/schema\/person\/cbe85a517f5d0316033eda8329e38457\",\"name\":\"edit@humanitas\",\"image\":{\"@type\":\"ImageObject\",\"inLanguage\":\"it-IT\",\"@id\":\"https:\/\/secure.gravatar.com\/avatar\/e785548038467c6e09e44311549cfa096e2b3dd02edfdfd427b584a1347e82b9?s=96&d=mm&r=g\",\"url\":\"https:\/\/secure.gravatar.com\/avatar\/e785548038467c6e09e44311549cfa096e2b3dd02edfdfd427b584a1347e82b9?s=96&d=mm&r=g\",\"contentUrl\":\"https:\/\/secure.gravatar.com\/avatar\/e785548038467c6e09e44311549cfa096e2b3dd02edfdfd427b584a1347e82b9?s=96&d=mm&r=g\",\"caption\":\"edit@humanitas\"},\"url\":\"https:\/\/www.hunimed.eu\/it\/news\/author\/edithumanitas\/\"}]}<\/script>\n<!-- \/ Yoast SEO plugin. -->","yoast_head_json":{"title":"Discorso di apertura del prof. Marco Montorsi per l\u2019inaugurazione dell\u2019anno accademico 2017\/2018 - Hunimed","description":"Signor Presidente della Repubblica, Autorit\u00e0, magnifici Rettori, cari Colleghi, cari Studenti, Signore e Signori. \u00c8 per me un vero piacere avervi tutti","robots":{"index":"index","follow":"follow","max-snippet":"max-snippet:-1","max-image-preview":"max-image-preview:large","max-video-preview":"max-video-preview:-1"},"canonical":"https:\/\/www.hunimed.eu\/news\/discorso-di-apertura-del-prof-marco-montorsi-per-linaugurazione-dellanno-accademico-2017-2018\/","og_locale":"it_IT","og_type":"article","og_title":"Discorso di apertura del prof. Marco Montorsi per l\u2019inaugurazione dell\u2019anno accademico 2017\/2018 - Hunimed","og_description":"Signor Presidente della Repubblica, Autorit\u00e0, magnifici Rettori, cari Colleghi, cari Studenti, Signore e Signori. \u00c8 per me un vero piacere avervi tutti","og_url":"https:\/\/www.hunimed.eu\/news\/discorso-di-apertura-del-prof-marco-montorsi-per-linaugurazione-dellanno-accademico-2017-2018\/","og_site_name":"Hunimed","article_publisher":"https:\/\/www.facebook.com\/Hunimed\/","article_published_time":"2017-11-14T11:18:37+00:00","article_modified_time":"2025-10-14T03:39:27+00:00","og_image":[{"width":600,"height":320,"url":"https:\/\/www.hunimed.eu\/wp-content\/uploads\/2025\/08\/HUNIMED-News-5.png","type":"image\/png"}],"author":"edit@humanitas","twitter_card":"summary_large_image","twitter_misc":{"Scritto da":"edit@humanitas","Tempo di lettura stimato":"6 minuti"},"schema":{"@context":"https:\/\/schema.org","@graph":[{"@type":"Article","@id":"https:\/\/www.hunimed.eu\/news\/discorso-di-apertura-del-prof-marco-montorsi-per-linaugurazione-dellanno-accademico-2017-2018\/#article","isPartOf":{"@id":"https:\/\/www.hunimed.eu\/news\/discorso-di-apertura-del-prof-marco-montorsi-per-linaugurazione-dellanno-accademico-2017-2018\/"},"author":{"name":"edit@humanitas","@id":"https:\/\/www.hunimed.eu\/#\/schema\/person\/cbe85a517f5d0316033eda8329e38457"},"headline":"Discorso di apertura del prof. Marco Montorsi per l\u2019inaugurazione dell\u2019anno accademico 2017\/2018","datePublished":"2017-11-14T11:18:37+00:00","dateModified":"2025-10-14T03:39:27+00:00","mainEntityOfPage":{"@id":"https:\/\/www.hunimed.eu\/news\/discorso-di-apertura-del-prof-marco-montorsi-per-linaugurazione-dellanno-accademico-2017-2018\/"},"wordCount":1303,"commentCount":0,"publisher":{"@id":"https:\/\/www.hunimed.eu\/#organization"},"image":{"@id":"https:\/\/www.hunimed.eu\/news\/discorso-di-apertura-del-prof-marco-montorsi-per-linaugurazione-dellanno-accademico-2017-2018\/#primaryimage"},"thumbnailUrl":"https:\/\/www.hunimed.eu\/wp-content\/uploads\/2025\/08\/HUNIMED-News-5.png?wsr","articleSection":["Eventi","Mondo Humanitas"],"inLanguage":"it-IT"},{"@type":"WebPage","@id":"https:\/\/www.hunimed.eu\/news\/discorso-di-apertura-del-prof-marco-montorsi-per-linaugurazione-dellanno-accademico-2017-2018\/","url":"https:\/\/www.hunimed.eu\/news\/discorso-di-apertura-del-prof-marco-montorsi-per-linaugurazione-dellanno-accademico-2017-2018\/","name":"Discorso di apertura del prof. Marco Montorsi per l\u2019inaugurazione dell\u2019anno accademico 2017\/2018 - Hunimed","isPartOf":{"@id":"https:\/\/www.hunimed.eu\/#website"},"primaryImageOfPage":{"@id":"https:\/\/www.hunimed.eu\/news\/discorso-di-apertura-del-prof-marco-montorsi-per-linaugurazione-dellanno-accademico-2017-2018\/#primaryimage"},"image":{"@id":"https:\/\/www.hunimed.eu\/news\/discorso-di-apertura-del-prof-marco-montorsi-per-linaugurazione-dellanno-accademico-2017-2018\/#primaryimage"},"thumbnailUrl":"https:\/\/www.hunimed.eu\/wp-content\/uploads\/2025\/08\/HUNIMED-News-5.png?wsr","datePublished":"2017-11-14T11:18:37+00:00","dateModified":"2025-10-14T03:39:27+00:00","description":"Signor Presidente della Repubblica, Autorit\u00e0, magnifici Rettori, cari Colleghi, cari Studenti, Signore e Signori. \u00c8 per me un vero piacere avervi tutti","breadcrumb":{"@id":"https:\/\/www.hunimed.eu\/news\/discorso-di-apertura-del-prof-marco-montorsi-per-linaugurazione-dellanno-accademico-2017-2018\/#breadcrumb"},"inLanguage":"it-IT","potentialAction":[{"@type":"ReadAction","target":["https:\/\/www.hunimed.eu\/news\/discorso-di-apertura-del-prof-marco-montorsi-per-linaugurazione-dellanno-accademico-2017-2018\/"]}]},{"@type":"ImageObject","inLanguage":"it-IT","@id":"https:\/\/www.hunimed.eu\/news\/discorso-di-apertura-del-prof-marco-montorsi-per-linaugurazione-dellanno-accademico-2017-2018\/#primaryimage","url":"https:\/\/www.hunimed.eu\/wp-content\/uploads\/2025\/08\/HUNIMED-News-5.png?wsr","contentUrl":"https:\/\/www.hunimed.eu\/wp-content\/uploads\/2025\/08\/HUNIMED-News-5.png?wsr","width":600,"height":320},{"@type":"BreadcrumbList","@id":"https:\/\/www.hunimed.eu\/news\/discorso-di-apertura-del-prof-marco-montorsi-per-linaugurazione-dellanno-accademico-2017-2018\/#breadcrumb","itemListElement":[{"@type":"ListItem","position":1,"name":"Home","item":"https:\/\/www.hunimed.eu\/it\/"},{"@type":"ListItem","position":2,"name":"Discorso di apertura del prof. Marco Montorsi per l\u2019inaugurazione dell\u2019anno accademico 2017\/2018"}]},{"@type":"WebSite","@id":"https:\/\/www.hunimed.eu\/#website","url":"https:\/\/www.hunimed.eu\/","name":"Hunimed","description":"Humanitas University","publisher":{"@id":"https:\/\/www.hunimed.eu\/#organization"},"potentialAction":[{"@type":"SearchAction","target":{"@type":"EntryPoint","urlTemplate":"https:\/\/www.hunimed.eu\/?s={search_term_string}"},"query-input":{"@type":"PropertyValueSpecification","valueRequired":true,"valueName":"search_term_string"}}],"inLanguage":"it-IT"},{"@type":"Organization","@id":"https:\/\/www.hunimed.eu\/#organization","name":"Humanitas University","url":"https:\/\/www.hunimed.eu\/","logo":{"@type":"ImageObject","inLanguage":"it-IT","@id":"https:\/\/www.hunimed.eu\/#\/schema\/logo\/image\/","url":"https:\/\/www.hunimed.eu\/wp-content\/uploads\/2025\/06\/Logo.svg?wsr","contentUrl":"https:\/\/www.hunimed.eu\/wp-content\/uploads\/2025\/06\/Logo.svg?wsr","caption":"Humanitas University"},"image":{"@id":"https:\/\/www.hunimed.eu\/#\/schema\/logo\/image\/"},"sameAs":["https:\/\/www.facebook.com\/Hunimed\/","https:\/\/www.linkedin.com\/school\/18280267\/admin\/"]},{"@type":"Person","@id":"https:\/\/www.hunimed.eu\/#\/schema\/person\/cbe85a517f5d0316033eda8329e38457","name":"edit@humanitas","image":{"@type":"ImageObject","inLanguage":"it-IT","@id":"https:\/\/secure.gravatar.com\/avatar\/e785548038467c6e09e44311549cfa096e2b3dd02edfdfd427b584a1347e82b9?s=96&d=mm&r=g","url":"https:\/\/secure.gravatar.com\/avatar\/e785548038467c6e09e44311549cfa096e2b3dd02edfdfd427b584a1347e82b9?s=96&d=mm&r=g","contentUrl":"https:\/\/secure.gravatar.com\/avatar\/e785548038467c6e09e44311549cfa096e2b3dd02edfdfd427b584a1347e82b9?s=96&d=mm&r=g","caption":"edit@humanitas"},"url":"https:\/\/www.hunimed.eu\/it\/news\/author\/edithumanitas\/"}]}},"taxonomy_info":{"category":[{"value":2024,"label":"Eventi"},{"value":401,"label":"Mondo Humanitas"}]},"featured_image_src_large":["https:\/\/www.hunimed.eu\/wp-content\/uploads\/2025\/08\/HUNIMED-News-5.png?wsr",600,320,false],"author_info":{"display_name":"edit@humanitas","author_link":"https:\/\/www.hunimed.eu\/it\/news\/author\/edithumanitas\/"},"comment_info":"","category_info":[{"term_id":2024,"name":"Eventi","slug":"eventi-4-2","term_group":0,"term_taxonomy_id":2024,"taxonomy":"category","description":"","parent":0,"count":184,"filter":"raw","cat_ID":2024,"category_count":184,"category_description":"","cat_name":"Eventi","category_nicename":"eventi-4-2","category_parent":0},{"term_id":401,"name":"Mondo Humanitas","slug":"mondo-humanitas","term_group":0,"term_taxonomy_id":401,"taxonomy":"category","description":"","parent":0,"count":287,"filter":"raw","cat_ID":401,"category_count":287,"category_description":"","cat_name":"Mondo Humanitas","category_nicename":"mondo-humanitas","category_parent":0}],"tag_info":false,"_links":{"self":[{"href":"https:\/\/www.hunimed.eu\/it\/wp-json\/wp\/v2\/posts\/37905","targetHints":{"allow":["GET"]}}],"collection":[{"href":"https:\/\/www.hunimed.eu\/it\/wp-json\/wp\/v2\/posts"}],"about":[{"href":"https:\/\/www.hunimed.eu\/it\/wp-json\/wp\/v2\/types\/post"}],"author":[{"embeddable":true,"href":"https:\/\/www.hunimed.eu\/it\/wp-json\/wp\/v2\/users\/16"}],"replies":[{"embeddable":true,"href":"https:\/\/www.hunimed.eu\/it\/wp-json\/wp\/v2\/comments?post=37905"}],"version-history":[{"count":1,"href":"https:\/\/www.hunimed.eu\/it\/wp-json\/wp\/v2\/posts\/37905\/revisions"}],"predecessor-version":[{"id":39700,"href":"https:\/\/www.hunimed.eu\/it\/wp-json\/wp\/v2\/posts\/37905\/revisions\/39700"}],"wp:featuredmedia":[{"embeddable":true,"href":"https:\/\/www.hunimed.eu\/it\/wp-json\/wp\/v2\/media\/26258"}],"wp:attachment":[{"href":"https:\/\/www.hunimed.eu\/it\/wp-json\/wp\/v2\/media?parent=37905"}],"wp:term":[{"taxonomy":"category","embeddable":true,"href":"https:\/\/www.hunimed.eu\/it\/wp-json\/wp\/v2\/categories?post=37905"},{"taxonomy":"post_tag","embeddable":true,"href":"https:\/\/www.hunimed.eu\/it\/wp-json\/wp\/v2\/tags?post=37905"}],"curies":[{"name":"wp","href":"https:\/\/api.w.org\/{rel}","templated":true}]}}