{"id":37904,"date":"2019-12-05T10:47:48","date_gmt":"2019-12-05T10:47:48","guid":{"rendered":"https:\/\/www.hunimed.eu\/news\/discorso-di-apertura-del-prof-marco-montorsi-per-linaugurazione-dellanno-accademico-2019-2020\/"},"modified":"2025-10-14T03:39:27","modified_gmt":"2025-10-14T03:39:27","slug":"discorso-di-apertura-del-prof-marco-montorsi-per-linaugurazione-dellanno-accademico-2019","status":"publish","type":"post","link":"https:\/\/www.hunimed.eu\/it\/news\/discorso-di-apertura-del-prof-marco-montorsi-per-linaugurazione-dellanno-accademico-2019\/","title":{"rendered":"Discorso di apertura del prof. Marco Montorsi per l\u2019inaugurazione dell\u2019anno accademico 2019\/2020"},"content":{"rendered":"<p><strong>Discorso di apertura del prof. Marco Montorsi durante la Cerimonia di Inaugurazione dell\u2019Anno Accademico 2019\/2020.<\/strong><\/p>\n<p>&#8220;Autorit\u00e0, magnifici Rettori, care Colleghe e Colleghi, care Studentesse e cari Studenti, Signore e Signori. \u00c8 per me un vero piacere avervi tutti qui in occasione dell\u2019apertura del nuovo Anno Accademico della nostra Universit\u00e0, il sesto, che coincide quest\u2019anno con la conclusione del primo ciclo del Corso di Laurea Internazionale in Medicina. E saluto e ringrazio i nostri gentili ospiti, Don Dante Carraro e la Dottoressa Mariella Enoc, per essere qui con noi in questa importante giornata.<\/p>\n<p>Come ricordato nel recente rapporto sull\u2019Universit\u00e0 di \u201cItalia Decide\u201d, il nostro sistema accademico poggia su solide radici culturali, che ne determinano una delle caratteristiche peculiari: nonostante la scarsit\u00e0 endemica di fondi, la qualit\u00e0 media \u00e8 elevata. Ma le concomitanti debolezze del sistema stesso rendono assai difficile emergere nella competizione globale, specie se il percorso di crescita dei ricercatori viene spesso ostacolato da molteplici fattori quali la scarsit\u00e0 di finanziamenti, rigidit\u00e0 ed eccessiva burocrazia del sistema, limitata attitudine alla internazionalizzazione.<\/p>\n<p>La competizione in tema di educazione superiore si sposter\u00e0 sempre pi\u00f9 su di un piano globale, anche in considerazione delle proiezioni della domanda di formazione cui assisteremo nei prossimi decenni.<\/p>\n<p>Le Universit\u00e0 pi\u00f9 dinamiche, quelle che hanno gi\u00e0 iniziato a lavorare sull\u2019innovazione didattica sperimentando forme nuove di aggregazione dei saperi con collaborazioni virtuose pubblico-privato, dovrebbero essere liberate da eccessive rigidit\u00e0 e burocratizzazione e lasciate libere di crescere e confrontarsi sempre meglio con il resto d\u2019Europa.<\/p>\n<p>\u00c8 in questo scenario complesso che nel 2014 \u00e8 nata Humanitas University con la <em>Mission<\/em> di innestare un progetto formativo innovativo su una solida base di clinica e di ricerca di alta qualit\u00e0, elementi indispensabili per il successo di una iniziativa di questo tipo. All\u2019inizio di questa avventura avevamo fissato degli obiettivi ambiziosi declinati nel primo piano strategico di Ateneo: offrire un corso di laurea innovativo ed internazionale; costruire una Faculty con una significativa esperienza internazionale; avvalersi della competenza del personale medico e infermieristico dei nostri Ospedali; poter disporre di un luogo tecnologicamente avanzato dove formare i nostri studenti; sfruttare al meglio la vicinanza di uno dei pi\u00f9 dinamici e produttivi IRCCS italiani per favorire al massimo la traslazione dei risultati tra ricerca e clinica.<\/p>\n<p>In questi sei anni, Humanitas University \u00e8 cresciuta parecchio, continuando ad investire per innovare, pur con una costante attenzione alla sostenibilit\u00e0 del progetto.<\/p>\n<p>Siamo partiti con due corsi di laurea, Medicina e Scienze Infermieristiche, a cui si \u00e8 aggiunto nel 2017 il corso di laurea triennale in Fisioterapia, fino all\u2019ultimo \u201cnato\u201d: la nuova MEDTEC School sviluppata con un <em>partner<\/em> di eccellenza come il Politecnico di Milano e che a settembre ha visto iniziare le lezioni con i primi 50 immatricolati.<\/p>\n<p>Gli studenti sono passati dai primi 100 \u201cpionieri\u201d del 2014 agli attuali 1400, provenienti da oltre 65 paesi del mondo ed \u00e8 interessante notare come vi sia, oltre a nazionalit\u00e0 pi\u00f9 rappresentate, un piccolo ma significativo contingente di studenti provenienti dal continente africano.<\/p>\n<p>L\u2019obiettivo del 50% di studenti internazionali \u00e8 stato quasi raggiunto nell\u2019ultima coorte di immatricolati che conferma inoltre la tendenza verso una maggioranza di studenti di sesso femminile. Molti studenti hanno scelto di alloggiare nelle nostre nuove residenze: la Mario Luzzatto Student House, aperta nel settembre 2018 grazie ad una significativa donazione, e che ha completato il complesso di edifici del Campus Hunimed.<\/p>\n<p>E veniamo alla formazione post-laurea, tema centrale per una Scuola di Medicina specie in questo momento storico in cui la carenza di medici costituisce elemento centrale di un dibattito ricco di proposte. Qui la problematica \u00e8 duplice: quantitativa per l\u2019insufficiente numero di borse di specializzazione in rapporto al numero di laureati e qualitativa per un\u2019evidente necessit\u00e0 di riforma e modernizzazione del percorso formativo.<\/p>\n<p>Gi\u00e0 nell\u2019Inaugurazione dell\u2019Anno Accademico 2015 auspicavo un maggior coordinamento da parte del MIUR e del Ministero della Salute per standardizzare e migliorare la regolamentazione dell\u2019attivit\u00e0 post-laurea. Sono lieto di avere constatato che un passo avanti \u00e8 stato fatto, sia con il recente Decreto Interministeriale che aumenta in modo consistente il numero delle borse disponibili, sia con la delibera della Giunta Regionale Lombarda che \u2013 oltre a incrementare il proprio contributo di borse regionali \u2013 ha formalizzato una nuova e progressiva acquisizione del percorso di autonomia degli specializzandi definendone anche il piano delle competenze, e ponendo dunque le basi per la costruzione di un efficace e moderno curriculum formativo pi\u00f9 in linea con i modelli europei.<\/p>\n<p>Quest\u2019anno accademico abbiamo ottenuto l\u2019accreditamento di 19 scuole di specializzazione per un totale di 212 specializzandi attivi nelle strutture ospedaliere del gruppo, oltre ai Dottorandi e ai partecipanti ai programmi di Master. L\u2019analisi dei questionari anonimi, resi pubblici qualche giorno fa dal MIUR, ci vede inoltre in cima alla classifica per efficienza e struttura organizzativa del sistema di formazione postlaurea.<\/p>\n<p>Verso questi medici che saranno il <em>backbone<\/em> della Sanit\u00e0 del futuro sentiamo una grande responsabilit\u00e0 formativa: abbiamo quindi introdotto in modo strutturato un programma di didattica simulata, che si \u00e8 ultimamente arricchito con il nuovo Humanitas CUBE, uno spazio di tecnologia e condivisione delle conoscenze dedicato agli specializzandi, equipaggiato con le pi\u00f9 avanzate tecnologie di simulazione per chirurgia mininvasiva.<\/p>\n<p>Un vero e proprio ospedale \u201cvirtuale\u201d che permetter\u00e0 di completare la formazione pratica acquisita dai nostri specializzandi nelle strutture ospedaliere del gruppo Humanitas.<\/p>\n<p>La sinergia tra il mondo della clinica e quello della ricerca \u00e8 sempre in crescita: l\u2019esperienza del Research Day, ora alla quarta edizione appena conclusa, documenta infatti un aumento costante e di grande qualit\u00e0 dei progetti collaborativi e traslazionali con una forte contaminazione tra le aree scientifiche, che si riflette anche sul significativo incremento dei Grant competitivi vinti dai nostri docenti.<\/p>\n<p>La Faculty \u00e8 passata dagli 11 professori incardinati nel 2015 agli 84 del novembre scorso, un dato che arriva a 263 includendo la Open Faculty, ossia tutti quei professionisti, medici, infermieri e fisioterapisti dipendenti del sistema ospedaliero Humanitas che svolgono un incarico didattico e che contribuiscono grandemente alla formazione specie pratica dei nostri studenti.<\/p>\n<p>E abbiamo da poco ricevuto il decreto ministeriale che attribuisce ad Alberto Mantovani il titolo di Professore Emerito, un momento molto significativo per ogni Ateneo perch\u00e9 ne testimonia da un lato la storia e dall\u2019altro la presenza di una comunit\u00e0 accademica in grado di accogliere al suo interno personalit\u00e0 di altissimo valore.<\/p>\n<p>In linea con la nostra vocazione, stiamo implementando accordi di cooperazione scientifica con atenei nazionali e internazionali consolidando uno scambio proficuo di docenti e studenti all\u2019insegna di una vera e propria contaminazione di conoscenze.<\/p>\n<p>Contaminazione delle conoscenze, \u00e8 stata questa la parola chiave che ha dato vita al progetto MEDTEC, un esempio di creativit\u00e0 e di spirito pionieristico che ci ha spinto a ideare un nuovo progetto formativo in grado di integrare competenze diverse, per il medico del futuro.<\/p>\n<p>Voglio qui ringraziare Maria Laura Costantino, Maurizio Cecconi e Stefano Duga che hanno la responsabilit\u00e0 di MEDTEC e si stanno impegnando per organizzare una didattica a impronta innovativa aprendosi anche a contributi esperienziali in <em>joint<\/em> con le pi\u00f9 importanti aziende del settore.<\/p>\n<p>Per l\u2019immediato futuro, attiveremo una nuova Laurea Magistrale in Scienze Infermieristiche con l\u2019obiettivo di implementare alcune competenze professionali sempre pi\u00f9 richieste nel nostro sistema sanitario quali la assistenza territoriale e quella in area chirurgica e critica.<\/p>\n<p>Stiamo anche lavorando su valutazione e miglioramento della qualit\u00e0 della didattica, per incrementare le competenze e le <em>skills<\/em> dei nostri docenti orientandole alle nuove modalit\u00e0 e tecnologie e per favorire la preparazione e l\u2019inserimento dei nostri studenti, riducendo gli effetti di eventuali <em>gap<\/em> formativi in ingresso.<\/p>\n<p>Ma innovare significa anche ricordarsi, soprattutto per un ateneo dedicato alle scienze della vita, di mantenere al centro di tutto l\u2019uomo e il rapporto che si instaura tra esseri umani. Sin dall\u2019inizio abbiamo lavorato per una maggiore integrazione delle scienze umane e filosofiche con quelle STEM inclusa l\u2019arte e il suo ben documentato effetto positivo sul benessere psicofisico dell\u2019individuo.<\/p>\n<p>\u00c8 sempre pi\u00f9 forte il bisogno di <em>Humanities<\/em> e di pensiero critico, le cui <em>skills<\/em> \u2013 relazionali, cognitive e comunicative \u2013 vanno insegnate, per comprendere appieno la rivoluzione legata alla nuova e irresistibile scienza dei <em>Big Data<\/em> e alle loro dimensioni e qualit\u00e0, ma anche per fronteggiare efficacemente una societ\u00e0 della conoscenza infestata di <em>fake news<\/em>, disinformazione e overdose di <em>social media<\/em>.<\/p>\n<p>Questo \u00e8 il vero valore della nostra professione, un valore che deve rimanere saldo indipendentemente dalle diverse tradizioni, culture, religioni o aspetti etici e che ci impone una grande responsabilit\u00e0 sociale nell\u2019orientare e formare i nostri studenti.<\/p>\n<p>E sono dunque queste le motivazioni profonde che ci hanno spinto ad aderire con entusiasmo al progetto Bangui, a fianco di istituzioni come l\u2019Ospedale Bambin Ges\u00f9 e C\u00d9AMM Medici con l\u2019Africa.<\/p>\n<p>Per queste e altre attivit\u00e0 formative e di ricerca in sedi ospedaliere anche molto lontane, l\u2019Ateneo ha messo a disposizione dei <em>travel grant<\/em>, che hanno consentito la scorsa estate a 30 nostri studenti di fare esperienze in contesti anche molto diversi e per certi versi sfidanti quali Ecuador, Tailandia, Taiwan e Indonesia.<\/p>\n<p>Quindi, per concludere, uno scenario di crescita sempre pi\u00f9 globale, che orienter\u00e0 le direttrici di sviluppo dell\u2019Ateneo cos\u00ec come delineate nel nostro nuovo Piano Strategico: aumentare ed ampliare l\u2019offerta formativa, conservando e migliorando le caratteristiche di internazionalit\u00e0, modernit\u00e0 e connessione con il mondo del lavoro.<\/p>\n<p>Ed \u00e8 quindi con rinnovato orgoglio e grande emozione che dichiaro aperto l\u2019anno accademico 2019-2020 di Humanitas University, sesto dalla fondazione dell\u2019Ateneo.&#8221;<\/p>\n","protected":false},"excerpt":{"rendered":"<p>Discorso di apertura del prof. Marco Montorsi durante la Cerimonia di Inaugurazione dell\u2019Anno Accademico 2019\/2020. &#8220;Autorit\u00e0, magnifici Rettori, care Colleghe e Colleghi, care Studentesse e cari Studenti, Signore e Signori. \u00c8 per me un vero piacere avervi tutti qui in occasione dell\u2019apertura del nuovo Anno Accademico della nostra Universit\u00e0, il sesto, che coincide quest\u2019anno con [&hellip;]<\/p>\n","protected":false},"author":16,"featured_media":26255,"comment_status":"open","ping_status":"open","sticky":false,"template":"","format":"standard","meta":{"_acf_changed":false,"_kad_blocks_custom_css":"","_kad_blocks_head_custom_js":"","_kad_blocks_body_custom_js":"","_kad_blocks_footer_custom_js":"","footnotes":""},"categories":[2024,401],"tags":[],"class_list":["post-37904","post","type-post","status-publish","format-standard","has-post-thumbnail","hentry","category-eventi-4-2","category-mondo-humanitas"],"acf":[],"yoast_head":"<!-- This site is optimized with the Yoast SEO plugin v27.2 - https:\/\/yoast.com\/product\/yoast-seo-wordpress\/ -->\n<title>Discorso di apertura del prof. Marco Montorsi per l\u2019inaugurazione dell\u2019anno accademico 2019\/2020 - Hunimed<\/title>\n<meta name=\"description\" content=\"Discorso di apertura del prof. Marco Montorsi durante la Cerimonia di Inaugurazione dell\u2019Anno Accademico 2019\/2020. &quot;Autorit\u00e0, magnifici Rettori, care\" \/>\n<meta name=\"robots\" content=\"index, follow, max-snippet:-1, max-image-preview:large, max-video-preview:-1\" \/>\n<link rel=\"canonical\" href=\"https:\/\/www.hunimed.eu\/news\/discorso-di-apertura-del-prof-marco-montorsi-per-linaugurazione-dellanno-accademico-2019-2020\/\" \/>\n<meta property=\"og:locale\" content=\"it_IT\" \/>\n<meta property=\"og:type\" content=\"article\" \/>\n<meta property=\"og:title\" content=\"Discorso di apertura del prof. Marco Montorsi per l\u2019inaugurazione dell\u2019anno accademico 2019\/2020 - Hunimed\" \/>\n<meta property=\"og:description\" content=\"Discorso di apertura del prof. Marco Montorsi durante la Cerimonia di Inaugurazione dell\u2019Anno Accademico 2019\/2020. &quot;Autorit\u00e0, magnifici Rettori, care\" \/>\n<meta property=\"og:url\" content=\"https:\/\/www.hunimed.eu\/news\/discorso-di-apertura-del-prof-marco-montorsi-per-linaugurazione-dellanno-accademico-2019-2020\/\" \/>\n<meta property=\"og:site_name\" content=\"Hunimed\" \/>\n<meta property=\"article:publisher\" content=\"https:\/\/www.facebook.com\/Hunimed\/\" \/>\n<meta property=\"article:published_time\" content=\"2019-12-05T10:47:48+00:00\" \/>\n<meta property=\"article:modified_time\" content=\"2025-10-14T03:39:27+00:00\" \/>\n<meta property=\"og:image\" content=\"https:\/\/www.hunimed.eu\/wp-content\/uploads\/2025\/08\/HUNIMED-News-4.jpg\" \/>\n\t<meta property=\"og:image:width\" content=\"600\" \/>\n\t<meta property=\"og:image:height\" content=\"320\" \/>\n\t<meta property=\"og:image:type\" content=\"image\/jpeg\" \/>\n<meta name=\"author\" content=\"edit@humanitas\" \/>\n<meta name=\"twitter:card\" content=\"summary_large_image\" \/>\n<meta name=\"twitter:label1\" content=\"Scritto da\" \/>\n\t<meta name=\"twitter:data1\" content=\"edit@humanitas\" \/>\n\t<meta name=\"twitter:label2\" content=\"Tempo di lettura stimato\" \/>\n\t<meta name=\"twitter:data2\" content=\"8 minuti\" \/>\n<script type=\"application\/ld+json\" class=\"yoast-schema-graph\">{\"@context\":\"https:\/\/schema.org\",\"@graph\":[{\"@type\":\"Article\",\"@id\":\"https:\/\/www.hunimed.eu\/news\/discorso-di-apertura-del-prof-marco-montorsi-per-linaugurazione-dellanno-accademico-2019-2020\/#article\",\"isPartOf\":{\"@id\":\"https:\/\/www.hunimed.eu\/news\/discorso-di-apertura-del-prof-marco-montorsi-per-linaugurazione-dellanno-accademico-2019-2020\/\"},\"author\":{\"name\":\"edit@humanitas\",\"@id\":\"https:\/\/www.hunimed.eu\/#\/schema\/person\/cbe85a517f5d0316033eda8329e38457\"},\"headline\":\"Discorso di apertura del prof. Marco Montorsi per l\u2019inaugurazione dell\u2019anno accademico 2019\/2020\",\"datePublished\":\"2019-12-05T10:47:48+00:00\",\"dateModified\":\"2025-10-14T03:39:27+00:00\",\"mainEntityOfPage\":{\"@id\":\"https:\/\/www.hunimed.eu\/news\/discorso-di-apertura-del-prof-marco-montorsi-per-linaugurazione-dellanno-accademico-2019-2020\/\"},\"wordCount\":1565,\"commentCount\":0,\"publisher\":{\"@id\":\"https:\/\/www.hunimed.eu\/#organization\"},\"image\":{\"@id\":\"https:\/\/www.hunimed.eu\/news\/discorso-di-apertura-del-prof-marco-montorsi-per-linaugurazione-dellanno-accademico-2019-2020\/#primaryimage\"},\"thumbnailUrl\":\"https:\/\/www.hunimed.eu\/wp-content\/uploads\/2025\/08\/HUNIMED-News-4.jpg?wsr\",\"articleSection\":[\"Eventi\",\"Mondo Humanitas\"],\"inLanguage\":\"it-IT\"},{\"@type\":\"WebPage\",\"@id\":\"https:\/\/www.hunimed.eu\/news\/discorso-di-apertura-del-prof-marco-montorsi-per-linaugurazione-dellanno-accademico-2019-2020\/\",\"url\":\"https:\/\/www.hunimed.eu\/news\/discorso-di-apertura-del-prof-marco-montorsi-per-linaugurazione-dellanno-accademico-2019-2020\/\",\"name\":\"Discorso di apertura del prof. Marco Montorsi per l\u2019inaugurazione dell\u2019anno accademico 2019\/2020 - Hunimed\",\"isPartOf\":{\"@id\":\"https:\/\/www.hunimed.eu\/#website\"},\"primaryImageOfPage\":{\"@id\":\"https:\/\/www.hunimed.eu\/news\/discorso-di-apertura-del-prof-marco-montorsi-per-linaugurazione-dellanno-accademico-2019-2020\/#primaryimage\"},\"image\":{\"@id\":\"https:\/\/www.hunimed.eu\/news\/discorso-di-apertura-del-prof-marco-montorsi-per-linaugurazione-dellanno-accademico-2019-2020\/#primaryimage\"},\"thumbnailUrl\":\"https:\/\/www.hunimed.eu\/wp-content\/uploads\/2025\/08\/HUNIMED-News-4.jpg?wsr\",\"datePublished\":\"2019-12-05T10:47:48+00:00\",\"dateModified\":\"2025-10-14T03:39:27+00:00\",\"description\":\"Discorso di apertura del prof. Marco Montorsi durante la Cerimonia di Inaugurazione dell\u2019Anno Accademico 2019\/2020. \\\"Autorit\u00e0, magnifici Rettori, care\",\"breadcrumb\":{\"@id\":\"https:\/\/www.hunimed.eu\/news\/discorso-di-apertura-del-prof-marco-montorsi-per-linaugurazione-dellanno-accademico-2019-2020\/#breadcrumb\"},\"inLanguage\":\"it-IT\",\"potentialAction\":[{\"@type\":\"ReadAction\",\"target\":[\"https:\/\/www.hunimed.eu\/news\/discorso-di-apertura-del-prof-marco-montorsi-per-linaugurazione-dellanno-accademico-2019-2020\/\"]}]},{\"@type\":\"ImageObject\",\"inLanguage\":\"it-IT\",\"@id\":\"https:\/\/www.hunimed.eu\/news\/discorso-di-apertura-del-prof-marco-montorsi-per-linaugurazione-dellanno-accademico-2019-2020\/#primaryimage\",\"url\":\"https:\/\/www.hunimed.eu\/wp-content\/uploads\/2025\/08\/HUNIMED-News-4.jpg?wsr\",\"contentUrl\":\"https:\/\/www.hunimed.eu\/wp-content\/uploads\/2025\/08\/HUNIMED-News-4.jpg?wsr\",\"width\":600,\"height\":320},{\"@type\":\"BreadcrumbList\",\"@id\":\"https:\/\/www.hunimed.eu\/news\/discorso-di-apertura-del-prof-marco-montorsi-per-linaugurazione-dellanno-accademico-2019-2020\/#breadcrumb\",\"itemListElement\":[{\"@type\":\"ListItem\",\"position\":1,\"name\":\"Home\",\"item\":\"https:\/\/www.hunimed.eu\/it\/\"},{\"@type\":\"ListItem\",\"position\":2,\"name\":\"Discorso di apertura del prof. Marco Montorsi per l\u2019inaugurazione dell\u2019anno accademico 2019\/2020\"}]},{\"@type\":\"WebSite\",\"@id\":\"https:\/\/www.hunimed.eu\/#website\",\"url\":\"https:\/\/www.hunimed.eu\/\",\"name\":\"Hunimed\",\"description\":\"Humanitas University\",\"publisher\":{\"@id\":\"https:\/\/www.hunimed.eu\/#organization\"},\"potentialAction\":[{\"@type\":\"SearchAction\",\"target\":{\"@type\":\"EntryPoint\",\"urlTemplate\":\"https:\/\/www.hunimed.eu\/?s={search_term_string}\"},\"query-input\":{\"@type\":\"PropertyValueSpecification\",\"valueRequired\":true,\"valueName\":\"search_term_string\"}}],\"inLanguage\":\"it-IT\"},{\"@type\":\"Organization\",\"@id\":\"https:\/\/www.hunimed.eu\/#organization\",\"name\":\"Humanitas University\",\"url\":\"https:\/\/www.hunimed.eu\/\",\"logo\":{\"@type\":\"ImageObject\",\"inLanguage\":\"it-IT\",\"@id\":\"https:\/\/www.hunimed.eu\/#\/schema\/logo\/image\/\",\"url\":\"https:\/\/www.hunimed.eu\/wp-content\/uploads\/2025\/06\/Logo.svg?wsr\",\"contentUrl\":\"https:\/\/www.hunimed.eu\/wp-content\/uploads\/2025\/06\/Logo.svg?wsr\",\"caption\":\"Humanitas University\"},\"image\":{\"@id\":\"https:\/\/www.hunimed.eu\/#\/schema\/logo\/image\/\"},\"sameAs\":[\"https:\/\/www.facebook.com\/Hunimed\/\",\"https:\/\/www.linkedin.com\/school\/18280267\/admin\/\"]},{\"@type\":\"Person\",\"@id\":\"https:\/\/www.hunimed.eu\/#\/schema\/person\/cbe85a517f5d0316033eda8329e38457\",\"name\":\"edit@humanitas\",\"image\":{\"@type\":\"ImageObject\",\"inLanguage\":\"it-IT\",\"@id\":\"https:\/\/secure.gravatar.com\/avatar\/e785548038467c6e09e44311549cfa096e2b3dd02edfdfd427b584a1347e82b9?s=96&d=mm&r=g\",\"url\":\"https:\/\/secure.gravatar.com\/avatar\/e785548038467c6e09e44311549cfa096e2b3dd02edfdfd427b584a1347e82b9?s=96&d=mm&r=g\",\"contentUrl\":\"https:\/\/secure.gravatar.com\/avatar\/e785548038467c6e09e44311549cfa096e2b3dd02edfdfd427b584a1347e82b9?s=96&d=mm&r=g\",\"caption\":\"edit@humanitas\"},\"url\":\"https:\/\/www.hunimed.eu\/it\/news\/author\/edithumanitas\/\"}]}<\/script>\n<!-- \/ Yoast SEO plugin. -->","yoast_head_json":{"title":"Discorso di apertura del prof. Marco Montorsi per l\u2019inaugurazione dell\u2019anno accademico 2019\/2020 - Hunimed","description":"Discorso di apertura del prof. Marco Montorsi durante la Cerimonia di Inaugurazione dell\u2019Anno Accademico 2019\/2020. \"Autorit\u00e0, magnifici Rettori, care","robots":{"index":"index","follow":"follow","max-snippet":"max-snippet:-1","max-image-preview":"max-image-preview:large","max-video-preview":"max-video-preview:-1"},"canonical":"https:\/\/www.hunimed.eu\/news\/discorso-di-apertura-del-prof-marco-montorsi-per-linaugurazione-dellanno-accademico-2019-2020\/","og_locale":"it_IT","og_type":"article","og_title":"Discorso di apertura del prof. Marco Montorsi per l\u2019inaugurazione dell\u2019anno accademico 2019\/2020 - Hunimed","og_description":"Discorso di apertura del prof. Marco Montorsi durante la Cerimonia di Inaugurazione dell\u2019Anno Accademico 2019\/2020. \"Autorit\u00e0, magnifici Rettori, care","og_url":"https:\/\/www.hunimed.eu\/news\/discorso-di-apertura-del-prof-marco-montorsi-per-linaugurazione-dellanno-accademico-2019-2020\/","og_site_name":"Hunimed","article_publisher":"https:\/\/www.facebook.com\/Hunimed\/","article_published_time":"2019-12-05T10:47:48+00:00","article_modified_time":"2025-10-14T03:39:27+00:00","og_image":[{"width":600,"height":320,"url":"https:\/\/www.hunimed.eu\/wp-content\/uploads\/2025\/08\/HUNIMED-News-4.jpg","type":"image\/jpeg"}],"author":"edit@humanitas","twitter_card":"summary_large_image","twitter_misc":{"Scritto da":"edit@humanitas","Tempo di lettura stimato":"8 minuti"},"schema":{"@context":"https:\/\/schema.org","@graph":[{"@type":"Article","@id":"https:\/\/www.hunimed.eu\/news\/discorso-di-apertura-del-prof-marco-montorsi-per-linaugurazione-dellanno-accademico-2019-2020\/#article","isPartOf":{"@id":"https:\/\/www.hunimed.eu\/news\/discorso-di-apertura-del-prof-marco-montorsi-per-linaugurazione-dellanno-accademico-2019-2020\/"},"author":{"name":"edit@humanitas","@id":"https:\/\/www.hunimed.eu\/#\/schema\/person\/cbe85a517f5d0316033eda8329e38457"},"headline":"Discorso di apertura del prof. Marco Montorsi per l\u2019inaugurazione dell\u2019anno accademico 2019\/2020","datePublished":"2019-12-05T10:47:48+00:00","dateModified":"2025-10-14T03:39:27+00:00","mainEntityOfPage":{"@id":"https:\/\/www.hunimed.eu\/news\/discorso-di-apertura-del-prof-marco-montorsi-per-linaugurazione-dellanno-accademico-2019-2020\/"},"wordCount":1565,"commentCount":0,"publisher":{"@id":"https:\/\/www.hunimed.eu\/#organization"},"image":{"@id":"https:\/\/www.hunimed.eu\/news\/discorso-di-apertura-del-prof-marco-montorsi-per-linaugurazione-dellanno-accademico-2019-2020\/#primaryimage"},"thumbnailUrl":"https:\/\/www.hunimed.eu\/wp-content\/uploads\/2025\/08\/HUNIMED-News-4.jpg?wsr","articleSection":["Eventi","Mondo Humanitas"],"inLanguage":"it-IT"},{"@type":"WebPage","@id":"https:\/\/www.hunimed.eu\/news\/discorso-di-apertura-del-prof-marco-montorsi-per-linaugurazione-dellanno-accademico-2019-2020\/","url":"https:\/\/www.hunimed.eu\/news\/discorso-di-apertura-del-prof-marco-montorsi-per-linaugurazione-dellanno-accademico-2019-2020\/","name":"Discorso di apertura del prof. Marco Montorsi per l\u2019inaugurazione dell\u2019anno accademico 2019\/2020 - Hunimed","isPartOf":{"@id":"https:\/\/www.hunimed.eu\/#website"},"primaryImageOfPage":{"@id":"https:\/\/www.hunimed.eu\/news\/discorso-di-apertura-del-prof-marco-montorsi-per-linaugurazione-dellanno-accademico-2019-2020\/#primaryimage"},"image":{"@id":"https:\/\/www.hunimed.eu\/news\/discorso-di-apertura-del-prof-marco-montorsi-per-linaugurazione-dellanno-accademico-2019-2020\/#primaryimage"},"thumbnailUrl":"https:\/\/www.hunimed.eu\/wp-content\/uploads\/2025\/08\/HUNIMED-News-4.jpg?wsr","datePublished":"2019-12-05T10:47:48+00:00","dateModified":"2025-10-14T03:39:27+00:00","description":"Discorso di apertura del prof. Marco Montorsi durante la Cerimonia di Inaugurazione dell\u2019Anno Accademico 2019\/2020. \"Autorit\u00e0, magnifici Rettori, care","breadcrumb":{"@id":"https:\/\/www.hunimed.eu\/news\/discorso-di-apertura-del-prof-marco-montorsi-per-linaugurazione-dellanno-accademico-2019-2020\/#breadcrumb"},"inLanguage":"it-IT","potentialAction":[{"@type":"ReadAction","target":["https:\/\/www.hunimed.eu\/news\/discorso-di-apertura-del-prof-marco-montorsi-per-linaugurazione-dellanno-accademico-2019-2020\/"]}]},{"@type":"ImageObject","inLanguage":"it-IT","@id":"https:\/\/www.hunimed.eu\/news\/discorso-di-apertura-del-prof-marco-montorsi-per-linaugurazione-dellanno-accademico-2019-2020\/#primaryimage","url":"https:\/\/www.hunimed.eu\/wp-content\/uploads\/2025\/08\/HUNIMED-News-4.jpg?wsr","contentUrl":"https:\/\/www.hunimed.eu\/wp-content\/uploads\/2025\/08\/HUNIMED-News-4.jpg?wsr","width":600,"height":320},{"@type":"BreadcrumbList","@id":"https:\/\/www.hunimed.eu\/news\/discorso-di-apertura-del-prof-marco-montorsi-per-linaugurazione-dellanno-accademico-2019-2020\/#breadcrumb","itemListElement":[{"@type":"ListItem","position":1,"name":"Home","item":"https:\/\/www.hunimed.eu\/it\/"},{"@type":"ListItem","position":2,"name":"Discorso di apertura del prof. Marco Montorsi per l\u2019inaugurazione dell\u2019anno accademico 2019\/2020"}]},{"@type":"WebSite","@id":"https:\/\/www.hunimed.eu\/#website","url":"https:\/\/www.hunimed.eu\/","name":"Hunimed","description":"Humanitas University","publisher":{"@id":"https:\/\/www.hunimed.eu\/#organization"},"potentialAction":[{"@type":"SearchAction","target":{"@type":"EntryPoint","urlTemplate":"https:\/\/www.hunimed.eu\/?s={search_term_string}"},"query-input":{"@type":"PropertyValueSpecification","valueRequired":true,"valueName":"search_term_string"}}],"inLanguage":"it-IT"},{"@type":"Organization","@id":"https:\/\/www.hunimed.eu\/#organization","name":"Humanitas University","url":"https:\/\/www.hunimed.eu\/","logo":{"@type":"ImageObject","inLanguage":"it-IT","@id":"https:\/\/www.hunimed.eu\/#\/schema\/logo\/image\/","url":"https:\/\/www.hunimed.eu\/wp-content\/uploads\/2025\/06\/Logo.svg?wsr","contentUrl":"https:\/\/www.hunimed.eu\/wp-content\/uploads\/2025\/06\/Logo.svg?wsr","caption":"Humanitas University"},"image":{"@id":"https:\/\/www.hunimed.eu\/#\/schema\/logo\/image\/"},"sameAs":["https:\/\/www.facebook.com\/Hunimed\/","https:\/\/www.linkedin.com\/school\/18280267\/admin\/"]},{"@type":"Person","@id":"https:\/\/www.hunimed.eu\/#\/schema\/person\/cbe85a517f5d0316033eda8329e38457","name":"edit@humanitas","image":{"@type":"ImageObject","inLanguage":"it-IT","@id":"https:\/\/secure.gravatar.com\/avatar\/e785548038467c6e09e44311549cfa096e2b3dd02edfdfd427b584a1347e82b9?s=96&d=mm&r=g","url":"https:\/\/secure.gravatar.com\/avatar\/e785548038467c6e09e44311549cfa096e2b3dd02edfdfd427b584a1347e82b9?s=96&d=mm&r=g","contentUrl":"https:\/\/secure.gravatar.com\/avatar\/e785548038467c6e09e44311549cfa096e2b3dd02edfdfd427b584a1347e82b9?s=96&d=mm&r=g","caption":"edit@humanitas"},"url":"https:\/\/www.hunimed.eu\/it\/news\/author\/edithumanitas\/"}]}},"taxonomy_info":{"category":[{"value":2024,"label":"Eventi"},{"value":401,"label":"Mondo Humanitas"}]},"featured_image_src_large":["https:\/\/www.hunimed.eu\/wp-content\/uploads\/2025\/08\/HUNIMED-News-4.jpg?wsr",600,320,false],"author_info":{"display_name":"edit@humanitas","author_link":"https:\/\/www.hunimed.eu\/it\/news\/author\/edithumanitas\/"},"comment_info":"","category_info":[{"term_id":2024,"name":"Eventi","slug":"eventi-4-2","term_group":0,"term_taxonomy_id":2024,"taxonomy":"category","description":"","parent":0,"count":184,"filter":"raw","cat_ID":2024,"category_count":184,"category_description":"","cat_name":"Eventi","category_nicename":"eventi-4-2","category_parent":0},{"term_id":401,"name":"Mondo Humanitas","slug":"mondo-humanitas","term_group":0,"term_taxonomy_id":401,"taxonomy":"category","description":"","parent":0,"count":287,"filter":"raw","cat_ID":401,"category_count":287,"category_description":"","cat_name":"Mondo Humanitas","category_nicename":"mondo-humanitas","category_parent":0}],"tag_info":false,"_links":{"self":[{"href":"https:\/\/www.hunimed.eu\/it\/wp-json\/wp\/v2\/posts\/37904","targetHints":{"allow":["GET"]}}],"collection":[{"href":"https:\/\/www.hunimed.eu\/it\/wp-json\/wp\/v2\/posts"}],"about":[{"href":"https:\/\/www.hunimed.eu\/it\/wp-json\/wp\/v2\/types\/post"}],"author":[{"embeddable":true,"href":"https:\/\/www.hunimed.eu\/it\/wp-json\/wp\/v2\/users\/16"}],"replies":[{"embeddable":true,"href":"https:\/\/www.hunimed.eu\/it\/wp-json\/wp\/v2\/comments?post=37904"}],"version-history":[{"count":1,"href":"https:\/\/www.hunimed.eu\/it\/wp-json\/wp\/v2\/posts\/37904\/revisions"}],"predecessor-version":[{"id":39699,"href":"https:\/\/www.hunimed.eu\/it\/wp-json\/wp\/v2\/posts\/37904\/revisions\/39699"}],"wp:featuredmedia":[{"embeddable":true,"href":"https:\/\/www.hunimed.eu\/it\/wp-json\/wp\/v2\/media\/26255"}],"wp:attachment":[{"href":"https:\/\/www.hunimed.eu\/it\/wp-json\/wp\/v2\/media?parent=37904"}],"wp:term":[{"taxonomy":"category","embeddable":true,"href":"https:\/\/www.hunimed.eu\/it\/wp-json\/wp\/v2\/categories?post=37904"},{"taxonomy":"post_tag","embeddable":true,"href":"https:\/\/www.hunimed.eu\/it\/wp-json\/wp\/v2\/tags?post=37904"}],"curies":[{"name":"wp","href":"https:\/\/api.w.org\/{rel}","templated":true}]}}