{"id":37891,"date":"2023-02-28T07:30:13","date_gmt":"2023-02-28T07:30:13","guid":{"rendered":"https:\/\/www.hunimed.eu\/news\/giornata-mondiale-delle-malattie-rare\/"},"modified":"2023-02-28T07:30:13","modified_gmt":"2023-02-28T07:30:13","slug":"giornata-mondiale-delle-malattie-rare","status":"publish","type":"post","link":"https:\/\/www.hunimed.eu\/it\/news\/giornata-mondiale-delle-malattie-rare\/","title":{"rendered":"Giornata Mondiale delle Malattie Rare: i nuovi network UE per le malattie ematologiche"},"content":{"rendered":"<p>Il <strong>28 febbraio<\/strong> si celebra la <strong>Giornata Mondiale delle Malattie Rare<\/strong>, che in Europa colpiscono meno di una persona ogni 2000, ma nel loro insieme costituiscono un problema sanitario importante: nel mondo sono 300 milioni le persone affette da una malattia rara.<\/p>\n<p>In oncologia circa il <strong>25%<\/strong> delle persone riceve una diagnosi di una forma di tumore rara. Questo \u00e8 ancora pi\u00f9 vero in <strong>ematologia<\/strong> dove quasi tutte le forme tumorali sono rare.<\/p>\n<p>\u00abL\u2019ematologia \u00e8 il paradigma di una parte della medicina in cui l\u2019intersezione con la malattia rara \u00e8 particolarmente significativa &#8211; spiega il professor <strong><a class=\"arrow\" href=\"https:\/\/www.hunimed.eu\/member\/matteo-giovanni-della-porta\/\">Matteo Della Porta<\/a>\u00a0 \u00a0 <\/strong>Responsabile Leucemie e Mielodisplasie IRCCS Humanitas Research Hospital -, perch\u00e9 nella quasi totalit\u00e0 dei casi bisogna affrontare una malattia rara. Alcune sono determinate geneticamente come la talassemia e l\u2019anemia falciforme, altre patologie oncologiche sono dovute principalmente all\u2019invecchiamento delle cellule staminali nel midollo osseo\u00bb. Di queste ultime la leucemia acuta mieloide \u00e8 un esempio lampante: in Italia i nuovi casi sono circa 3mila all\u2019anno. L\u2019incidenza \u00e8 molto bassa fino ai 60 anni e poi cresce esponenzialmente con l\u2019avanzare dell\u2019et\u00e0. \u00abLa Leucemia acuta mieloide \u00e8 diventata uno dei paradigmi della medicina personalizzata. Lo studio specifico delle alterazioni biologiche e molecolari di ciascun paziente ci permette di individuare il trattamento migliore possibile e dunque la miglior strategia per allungare la sopravvivenza\u00bb. L\u2019idea di unire lo studio biologico del paziente e lo sviluppo di nuovi farmaci sta contribuendo in modo significativo ad allungare l\u2019aspettativa vita e a migliorane la qualit\u00e0.<\/p>\n<h3>Innovazione terapeutica<\/h3>\n<p>Lo spettro delle malattie ematologiche \u00e8 piuttosto ampio e interessano anche i bambini: in ambito oncologico, seppur rara, la leucemia acuta linfoblastica \u00e8 il tumore pi\u00f9 frequente in et\u00e0 pediatrica. \u00c8 una forma molto grave, ma oggi \u00e8 trattabile grazie alla ricerca.<\/p>\n<p>\u00abLa Leucemia acuta linfoblastica oggi rappresenta uno dei maggiori successi dell\u2019innovazione terapeutica &#8211; chiarisce Della Porta -, che si basa essenzialmente sull\u2019introduzione della medicina personalizzata e sull\u2019avanzamento delle opzioni terapeutiche con l\u2019introduzione delle terapie cellulari e delle CAR-T. Queste utilizzano i linfociti T estratti da un campione di sangue del paziente, vengono modificate geneticamente in laboratorio per essere poi re-infuse in modo da attivare la risposta del sistema immunitario contro la malattia. E &#8211; continua l\u2019esperto &#8211; sono disponibili inoltre gli anticorpi monoclonali, in particolare quelli di ultima generazione, che sono in grado di eliminare le cellule tumorali. Questi e le CAR-T rappresentano una possibilit\u00e0 concreta sia che la malattia venga eradicata e di tornare ad avere una vita normale e di buona qualit\u00e0\u00bb. Nelle indicazioni approvate, tuttavia, vi sono tuttavia dei limiti all\u2019utilizzo delle CAR-T nelle leucemie linfoblastiche. Si tratta infatti di una terapia che pu\u00f2 presentare tossicit\u00e0 anche grave e che per questo motivo viene attualmente prescritta a pazienti giovani.<\/p>\n<h3>La rete europea dei centri di ematologia<\/h3>\n<p>Le prospettive per il futuro sono molto incoraggianti. Infatti, a livello europeo sono in atto strategie e attivit\u00e0 affinch\u00e9 le i pazienti con una malattia ematologica rara siano trattati in maniera omogenea in tutti i paesi. \u00ab\u00c8 fondamentale che le persone affette da una malattia rara abbiamo la possibilit\u00e0 di avere in ogni centro in Europa diagnosi, terapie e informazioni in modo da poter essere curate in maniera uniforme &#8211; spiega il prof. Della Porta. Per questo motivo, grazie all\u2019iniziativa della Commissione Europea \u00e8 nata la rete <a href=\"http:\/\/www.eurobloodnet.eu\"><strong>EuroBloodNET<\/strong><\/a>, il network di rifermento europeo per le malattie ematologiche rare, in cui Humanitas \u00e8 coordinatore delle attivit\u00e0 di ricerca clinica. Si tratta di un grande passo avanti, che rende possibile il collegamento e lo scambio di esperienze e informazioni tra i diversi centri che singolarmente vedono pochi pazienti\u00bb.<\/p>\n<h3><strong>Malattie rare e ricerca<\/strong><\/h3>\n<p>\u00c8 importante investire nella ricerca sulle malattie rare poich\u00e9 costituiscono un ambito molto avanzato per l\u2019innovazione e la diagnostica anche per altre patologie. \u00abMolte cure che oggi utilizziamo al di fuori delle malattie rare &#8211; informa l\u2019esperto &#8211; ad esempio la tecnologia degli anticorpi monoclonali impiegata per il trattamento dell\u2019infezione da Covid-19 \u00e8 stata sviluppata molti anni fa per la cura di una malattia ematologica. Un altro esempio in immunoterapia \u00e8 il trapianto di cellule staminali che \u00e8 nato per la cura della leucemia acuta mieloide\u00bb.<\/p>\n<h3><strong>Medico-paziente un\u2019alleanza strategica<\/strong><\/h3>\n<p>L\u2019alleanza con pazienti e associazioni che ha avuto origine dalle iniziative della Commissione Europea costituisce un\u2019innovazione particolarmente significativa. Tale alleanza permette infatti di comprendere ed intercettare al meglio le necessit\u00e0 specifiche, mettendo al centro del progetto di cura il punto di vista della persona. \u00abOggi, in tutti i tavoli decisionali sulle malattie rare, oltre ai medici e agli organi istituzionali e decisionali, devono essere presenti i pazienti. E &#8211; continua il professor Della Porta &#8211; in tutte le azioni terapeutiche a partire dai trial clinici devono essere disponibili degli strumenti per cogliere il punto di vista del paziente sulle cure, le aspettative e la qualit\u00e0 di vita. Questo \u00e8 di grande aiuto per i clinici al fine di allineare le aspettative del medico con quelle del paziente\u00bb.<\/p>\n<h3><strong>Il futuro <\/strong><\/h3>\n<p>Un progetto importante \u00e8 <a href=\"http:\/\/www.genomed4all.eu\"><strong>GenoMed4All<\/strong><\/a>, finanziato con oltre 10 milioni di euro dalla UE e che vede coinvolte oltre 20 istituzioni delle quali Humanitas \u00e8 coordinatore scientifico. L\u2019obiettivo del programma \u00e8 connettere in rete i dati clinici e genomici disponibili in Europa per le malattie ematologiche rare, nonch\u00e9 definire nuove opportunit\u00e0 di cura per i pazienti, anche grazie all\u2019impego tecnologie innovative (Intelligenza Artificiale). L\u2019intento, tanto ambizioso quanto necessario, \u00e8 quello di trovare un trattamento per ogni malattia rara.<\/p>\n","protected":false},"excerpt":{"rendered":"<p>Il 28 febbraio si celebra la Giornata Mondiale delle Malattie Rare, che in Europa colpiscono meno di una persona ogni 2000, ma nel loro insieme costituiscono un problema sanitario importante: nel mondo sono 300 milioni le persone affette da una malattia rara. In oncologia circa il 25% delle persone riceve una diagnosi di una forma [&hellip;]<\/p>\n","protected":false},"author":16,"featured_media":26232,"comment_status":"open","ping_status":"open","sticky":false,"template":"","format":"standard","meta":{"_acf_changed":false,"_kad_blocks_custom_css":"","_kad_blocks_head_custom_js":"","_kad_blocks_body_custom_js":"","_kad_blocks_footer_custom_js":"","footnotes":""},"categories":[2025],"tags":[],"class_list":["post-37891","post","type-post","status-publish","format-standard","has-post-thumbnail","hentry","category-scienze-mediche-3-2"],"acf":[],"yoast_head":"<!-- This site is optimized with the Yoast SEO plugin v27.2 - https:\/\/yoast.com\/product\/yoast-seo-wordpress\/ -->\n<title>Giornata Mondiale delle Malattie Rare: i nuovi network UE per le malattie ematologiche - Hunimed<\/title>\n<meta name=\"description\" content=\"Il 28 febbraio si celebra la Giornata Mondiale delle Malattie Rare, che in Europa colpiscono meno di una persona ogni 2000, ma nel loro insieme\" \/>\n<meta name=\"robots\" content=\"index, follow, max-snippet:-1, max-image-preview:large, max-video-preview:-1\" \/>\n<link rel=\"canonical\" href=\"https:\/\/www.hunimed.eu\/news\/giornata-mondiale-delle-malattie-rare\/\" \/>\n<meta property=\"og:locale\" content=\"it_IT\" \/>\n<meta property=\"og:type\" content=\"article\" \/>\n<meta property=\"og:title\" content=\"Giornata Mondiale delle Malattie Rare: i nuovi network UE per le malattie ematologiche - Hunimed\" \/>\n<meta property=\"og:description\" content=\"Il 28 febbraio si celebra la Giornata Mondiale delle Malattie Rare, che in Europa colpiscono meno di una persona ogni 2000, ma nel loro insieme\" \/>\n<meta property=\"og:url\" content=\"https:\/\/www.hunimed.eu\/news\/giornata-mondiale-delle-malattie-rare\/\" \/>\n<meta property=\"og:site_name\" content=\"Hunimed\" \/>\n<meta property=\"article:publisher\" content=\"https:\/\/www.facebook.com\/Hunimed\/\" \/>\n<meta property=\"article:published_time\" content=\"2023-02-28T07:30:13+00:00\" \/>\n<meta property=\"og:image\" content=\"https:\/\/www.hunimed.eu\/wp-content\/uploads\/2025\/08\/HUNIMED-News-2.jpg\" \/>\n\t<meta property=\"og:image:width\" content=\"600\" \/>\n\t<meta property=\"og:image:height\" content=\"320\" \/>\n\t<meta property=\"og:image:type\" content=\"image\/jpeg\" \/>\n<meta name=\"author\" content=\"edit@humanitas\" \/>\n<meta name=\"twitter:card\" content=\"summary_large_image\" \/>\n<meta name=\"twitter:label1\" content=\"Scritto da\" \/>\n\t<meta name=\"twitter:data1\" content=\"edit@humanitas\" \/>\n\t<meta name=\"twitter:label2\" content=\"Tempo di lettura stimato\" \/>\n\t<meta name=\"twitter:data2\" content=\"4 minuti\" \/>\n<script type=\"application\/ld+json\" class=\"yoast-schema-graph\">{\"@context\":\"https:\/\/schema.org\",\"@graph\":[{\"@type\":\"Article\",\"@id\":\"https:\/\/www.hunimed.eu\/news\/giornata-mondiale-delle-malattie-rare\/#article\",\"isPartOf\":{\"@id\":\"https:\/\/www.hunimed.eu\/news\/giornata-mondiale-delle-malattie-rare\/\"},\"author\":{\"name\":\"edit@humanitas\",\"@id\":\"https:\/\/www.hunimed.eu\/#\/schema\/person\/cbe85a517f5d0316033eda8329e38457\"},\"headline\":\"Giornata Mondiale delle Malattie Rare: i nuovi network UE per le malattie ematologiche\",\"datePublished\":\"2023-02-28T07:30:13+00:00\",\"mainEntityOfPage\":{\"@id\":\"https:\/\/www.hunimed.eu\/news\/giornata-mondiale-delle-malattie-rare\/\"},\"wordCount\":905,\"commentCount\":0,\"publisher\":{\"@id\":\"https:\/\/www.hunimed.eu\/#organization\"},\"image\":{\"@id\":\"https:\/\/www.hunimed.eu\/news\/giornata-mondiale-delle-malattie-rare\/#primaryimage\"},\"thumbnailUrl\":\"https:\/\/www.hunimed.eu\/wp-content\/uploads\/2025\/08\/HUNIMED-News-2.jpg?wsr\",\"articleSection\":[\"Scienze Mediche\"],\"inLanguage\":\"it-IT\"},{\"@type\":\"WebPage\",\"@id\":\"https:\/\/www.hunimed.eu\/news\/giornata-mondiale-delle-malattie-rare\/\",\"url\":\"https:\/\/www.hunimed.eu\/news\/giornata-mondiale-delle-malattie-rare\/\",\"name\":\"Giornata Mondiale delle Malattie Rare: i nuovi network UE per le malattie ematologiche - Hunimed\",\"isPartOf\":{\"@id\":\"https:\/\/www.hunimed.eu\/#website\"},\"primaryImageOfPage\":{\"@id\":\"https:\/\/www.hunimed.eu\/news\/giornata-mondiale-delle-malattie-rare\/#primaryimage\"},\"image\":{\"@id\":\"https:\/\/www.hunimed.eu\/news\/giornata-mondiale-delle-malattie-rare\/#primaryimage\"},\"thumbnailUrl\":\"https:\/\/www.hunimed.eu\/wp-content\/uploads\/2025\/08\/HUNIMED-News-2.jpg?wsr\",\"datePublished\":\"2023-02-28T07:30:13+00:00\",\"description\":\"Il 28 febbraio si celebra la Giornata Mondiale delle Malattie Rare, che in Europa colpiscono meno di una persona ogni 2000, ma nel loro insieme\",\"breadcrumb\":{\"@id\":\"https:\/\/www.hunimed.eu\/news\/giornata-mondiale-delle-malattie-rare\/#breadcrumb\"},\"inLanguage\":\"it-IT\",\"potentialAction\":[{\"@type\":\"ReadAction\",\"target\":[\"https:\/\/www.hunimed.eu\/news\/giornata-mondiale-delle-malattie-rare\/\"]}]},{\"@type\":\"ImageObject\",\"inLanguage\":\"it-IT\",\"@id\":\"https:\/\/www.hunimed.eu\/news\/giornata-mondiale-delle-malattie-rare\/#primaryimage\",\"url\":\"https:\/\/www.hunimed.eu\/wp-content\/uploads\/2025\/08\/HUNIMED-News-2.jpg?wsr\",\"contentUrl\":\"https:\/\/www.hunimed.eu\/wp-content\/uploads\/2025\/08\/HUNIMED-News-2.jpg?wsr\",\"width\":600,\"height\":320},{\"@type\":\"BreadcrumbList\",\"@id\":\"https:\/\/www.hunimed.eu\/news\/giornata-mondiale-delle-malattie-rare\/#breadcrumb\",\"itemListElement\":[{\"@type\":\"ListItem\",\"position\":1,\"name\":\"Home\",\"item\":\"https:\/\/www.hunimed.eu\/it\/\"},{\"@type\":\"ListItem\",\"position\":2,\"name\":\"Giornata Mondiale delle Malattie Rare: i nuovi network UE per le malattie ematologiche\"}]},{\"@type\":\"WebSite\",\"@id\":\"https:\/\/www.hunimed.eu\/#website\",\"url\":\"https:\/\/www.hunimed.eu\/\",\"name\":\"Hunimed\",\"description\":\"Humanitas University\",\"publisher\":{\"@id\":\"https:\/\/www.hunimed.eu\/#organization\"},\"potentialAction\":[{\"@type\":\"SearchAction\",\"target\":{\"@type\":\"EntryPoint\",\"urlTemplate\":\"https:\/\/www.hunimed.eu\/?s={search_term_string}\"},\"query-input\":{\"@type\":\"PropertyValueSpecification\",\"valueRequired\":true,\"valueName\":\"search_term_string\"}}],\"inLanguage\":\"it-IT\"},{\"@type\":\"Organization\",\"@id\":\"https:\/\/www.hunimed.eu\/#organization\",\"name\":\"Humanitas University\",\"url\":\"https:\/\/www.hunimed.eu\/\",\"logo\":{\"@type\":\"ImageObject\",\"inLanguage\":\"it-IT\",\"@id\":\"https:\/\/www.hunimed.eu\/#\/schema\/logo\/image\/\",\"url\":\"https:\/\/www.hunimed.eu\/wp-content\/uploads\/2025\/06\/Logo.svg?wsr\",\"contentUrl\":\"https:\/\/www.hunimed.eu\/wp-content\/uploads\/2025\/06\/Logo.svg?wsr\",\"caption\":\"Humanitas University\"},\"image\":{\"@id\":\"https:\/\/www.hunimed.eu\/#\/schema\/logo\/image\/\"},\"sameAs\":[\"https:\/\/www.facebook.com\/Hunimed\/\",\"https:\/\/www.linkedin.com\/school\/18280267\/admin\/\"]},{\"@type\":\"Person\",\"@id\":\"https:\/\/www.hunimed.eu\/#\/schema\/person\/cbe85a517f5d0316033eda8329e38457\",\"name\":\"edit@humanitas\",\"image\":{\"@type\":\"ImageObject\",\"inLanguage\":\"it-IT\",\"@id\":\"https:\/\/secure.gravatar.com\/avatar\/e785548038467c6e09e44311549cfa096e2b3dd02edfdfd427b584a1347e82b9?s=96&d=mm&r=g\",\"url\":\"https:\/\/secure.gravatar.com\/avatar\/e785548038467c6e09e44311549cfa096e2b3dd02edfdfd427b584a1347e82b9?s=96&d=mm&r=g\",\"contentUrl\":\"https:\/\/secure.gravatar.com\/avatar\/e785548038467c6e09e44311549cfa096e2b3dd02edfdfd427b584a1347e82b9?s=96&d=mm&r=g\",\"caption\":\"edit@humanitas\"},\"url\":\"https:\/\/www.hunimed.eu\/it\/news\/author\/edithumanitas\/\"}]}<\/script>\n<!-- \/ Yoast SEO plugin. -->","yoast_head_json":{"title":"Giornata Mondiale delle Malattie Rare: i nuovi network UE per le malattie ematologiche - Hunimed","description":"Il 28 febbraio si celebra la Giornata Mondiale delle Malattie Rare, che in Europa colpiscono meno di una persona ogni 2000, ma nel loro insieme","robots":{"index":"index","follow":"follow","max-snippet":"max-snippet:-1","max-image-preview":"max-image-preview:large","max-video-preview":"max-video-preview:-1"},"canonical":"https:\/\/www.hunimed.eu\/news\/giornata-mondiale-delle-malattie-rare\/","og_locale":"it_IT","og_type":"article","og_title":"Giornata Mondiale delle Malattie Rare: i nuovi network UE per le malattie ematologiche - Hunimed","og_description":"Il 28 febbraio si celebra la Giornata Mondiale delle Malattie Rare, che in Europa colpiscono meno di una persona ogni 2000, ma nel loro insieme","og_url":"https:\/\/www.hunimed.eu\/news\/giornata-mondiale-delle-malattie-rare\/","og_site_name":"Hunimed","article_publisher":"https:\/\/www.facebook.com\/Hunimed\/","article_published_time":"2023-02-28T07:30:13+00:00","og_image":[{"width":600,"height":320,"url":"https:\/\/www.hunimed.eu\/wp-content\/uploads\/2025\/08\/HUNIMED-News-2.jpg","type":"image\/jpeg"}],"author":"edit@humanitas","twitter_card":"summary_large_image","twitter_misc":{"Scritto da":"edit@humanitas","Tempo di lettura stimato":"4 minuti"},"schema":{"@context":"https:\/\/schema.org","@graph":[{"@type":"Article","@id":"https:\/\/www.hunimed.eu\/news\/giornata-mondiale-delle-malattie-rare\/#article","isPartOf":{"@id":"https:\/\/www.hunimed.eu\/news\/giornata-mondiale-delle-malattie-rare\/"},"author":{"name":"edit@humanitas","@id":"https:\/\/www.hunimed.eu\/#\/schema\/person\/cbe85a517f5d0316033eda8329e38457"},"headline":"Giornata Mondiale delle Malattie Rare: i nuovi network UE per le malattie ematologiche","datePublished":"2023-02-28T07:30:13+00:00","mainEntityOfPage":{"@id":"https:\/\/www.hunimed.eu\/news\/giornata-mondiale-delle-malattie-rare\/"},"wordCount":905,"commentCount":0,"publisher":{"@id":"https:\/\/www.hunimed.eu\/#organization"},"image":{"@id":"https:\/\/www.hunimed.eu\/news\/giornata-mondiale-delle-malattie-rare\/#primaryimage"},"thumbnailUrl":"https:\/\/www.hunimed.eu\/wp-content\/uploads\/2025\/08\/HUNIMED-News-2.jpg?wsr","articleSection":["Scienze Mediche"],"inLanguage":"it-IT"},{"@type":"WebPage","@id":"https:\/\/www.hunimed.eu\/news\/giornata-mondiale-delle-malattie-rare\/","url":"https:\/\/www.hunimed.eu\/news\/giornata-mondiale-delle-malattie-rare\/","name":"Giornata Mondiale delle Malattie Rare: i nuovi network UE per le malattie ematologiche - Hunimed","isPartOf":{"@id":"https:\/\/www.hunimed.eu\/#website"},"primaryImageOfPage":{"@id":"https:\/\/www.hunimed.eu\/news\/giornata-mondiale-delle-malattie-rare\/#primaryimage"},"image":{"@id":"https:\/\/www.hunimed.eu\/news\/giornata-mondiale-delle-malattie-rare\/#primaryimage"},"thumbnailUrl":"https:\/\/www.hunimed.eu\/wp-content\/uploads\/2025\/08\/HUNIMED-News-2.jpg?wsr","datePublished":"2023-02-28T07:30:13+00:00","description":"Il 28 febbraio si celebra la Giornata Mondiale delle Malattie Rare, che in Europa colpiscono meno di una persona ogni 2000, ma nel loro insieme","breadcrumb":{"@id":"https:\/\/www.hunimed.eu\/news\/giornata-mondiale-delle-malattie-rare\/#breadcrumb"},"inLanguage":"it-IT","potentialAction":[{"@type":"ReadAction","target":["https:\/\/www.hunimed.eu\/news\/giornata-mondiale-delle-malattie-rare\/"]}]},{"@type":"ImageObject","inLanguage":"it-IT","@id":"https:\/\/www.hunimed.eu\/news\/giornata-mondiale-delle-malattie-rare\/#primaryimage","url":"https:\/\/www.hunimed.eu\/wp-content\/uploads\/2025\/08\/HUNIMED-News-2.jpg?wsr","contentUrl":"https:\/\/www.hunimed.eu\/wp-content\/uploads\/2025\/08\/HUNIMED-News-2.jpg?wsr","width":600,"height":320},{"@type":"BreadcrumbList","@id":"https:\/\/www.hunimed.eu\/news\/giornata-mondiale-delle-malattie-rare\/#breadcrumb","itemListElement":[{"@type":"ListItem","position":1,"name":"Home","item":"https:\/\/www.hunimed.eu\/it\/"},{"@type":"ListItem","position":2,"name":"Giornata Mondiale delle Malattie Rare: i nuovi network UE per le malattie ematologiche"}]},{"@type":"WebSite","@id":"https:\/\/www.hunimed.eu\/#website","url":"https:\/\/www.hunimed.eu\/","name":"Hunimed","description":"Humanitas University","publisher":{"@id":"https:\/\/www.hunimed.eu\/#organization"},"potentialAction":[{"@type":"SearchAction","target":{"@type":"EntryPoint","urlTemplate":"https:\/\/www.hunimed.eu\/?s={search_term_string}"},"query-input":{"@type":"PropertyValueSpecification","valueRequired":true,"valueName":"search_term_string"}}],"inLanguage":"it-IT"},{"@type":"Organization","@id":"https:\/\/www.hunimed.eu\/#organization","name":"Humanitas University","url":"https:\/\/www.hunimed.eu\/","logo":{"@type":"ImageObject","inLanguage":"it-IT","@id":"https:\/\/www.hunimed.eu\/#\/schema\/logo\/image\/","url":"https:\/\/www.hunimed.eu\/wp-content\/uploads\/2025\/06\/Logo.svg?wsr","contentUrl":"https:\/\/www.hunimed.eu\/wp-content\/uploads\/2025\/06\/Logo.svg?wsr","caption":"Humanitas University"},"image":{"@id":"https:\/\/www.hunimed.eu\/#\/schema\/logo\/image\/"},"sameAs":["https:\/\/www.facebook.com\/Hunimed\/","https:\/\/www.linkedin.com\/school\/18280267\/admin\/"]},{"@type":"Person","@id":"https:\/\/www.hunimed.eu\/#\/schema\/person\/cbe85a517f5d0316033eda8329e38457","name":"edit@humanitas","image":{"@type":"ImageObject","inLanguage":"it-IT","@id":"https:\/\/secure.gravatar.com\/avatar\/e785548038467c6e09e44311549cfa096e2b3dd02edfdfd427b584a1347e82b9?s=96&d=mm&r=g","url":"https:\/\/secure.gravatar.com\/avatar\/e785548038467c6e09e44311549cfa096e2b3dd02edfdfd427b584a1347e82b9?s=96&d=mm&r=g","contentUrl":"https:\/\/secure.gravatar.com\/avatar\/e785548038467c6e09e44311549cfa096e2b3dd02edfdfd427b584a1347e82b9?s=96&d=mm&r=g","caption":"edit@humanitas"},"url":"https:\/\/www.hunimed.eu\/it\/news\/author\/edithumanitas\/"}]}},"taxonomy_info":{"category":[{"value":2025,"label":"Scienze Mediche"}]},"featured_image_src_large":["https:\/\/www.hunimed.eu\/wp-content\/uploads\/2025\/08\/HUNIMED-News-2.jpg?wsr",600,320,false],"author_info":{"display_name":"edit@humanitas","author_link":"https:\/\/www.hunimed.eu\/it\/news\/author\/edithumanitas\/"},"comment_info":"","category_info":[{"term_id":2025,"name":"Scienze Mediche","slug":"scienze-mediche-3-2","term_group":0,"term_taxonomy_id":2025,"taxonomy":"category","description":"","parent":0,"count":207,"filter":"raw","cat_ID":2025,"category_count":207,"category_description":"","cat_name":"Scienze Mediche","category_nicename":"scienze-mediche-3-2","category_parent":0}],"tag_info":false,"_links":{"self":[{"href":"https:\/\/www.hunimed.eu\/it\/wp-json\/wp\/v2\/posts\/37891","targetHints":{"allow":["GET"]}}],"collection":[{"href":"https:\/\/www.hunimed.eu\/it\/wp-json\/wp\/v2\/posts"}],"about":[{"href":"https:\/\/www.hunimed.eu\/it\/wp-json\/wp\/v2\/types\/post"}],"author":[{"embeddable":true,"href":"https:\/\/www.hunimed.eu\/it\/wp-json\/wp\/v2\/users\/16"}],"replies":[{"embeddable":true,"href":"https:\/\/www.hunimed.eu\/it\/wp-json\/wp\/v2\/comments?post=37891"}],"version-history":[{"count":0,"href":"https:\/\/www.hunimed.eu\/it\/wp-json\/wp\/v2\/posts\/37891\/revisions"}],"wp:featuredmedia":[{"embeddable":true,"href":"https:\/\/www.hunimed.eu\/it\/wp-json\/wp\/v2\/media\/26232"}],"wp:attachment":[{"href":"https:\/\/www.hunimed.eu\/it\/wp-json\/wp\/v2\/media?parent=37891"}],"wp:term":[{"taxonomy":"category","embeddable":true,"href":"https:\/\/www.hunimed.eu\/it\/wp-json\/wp\/v2\/categories?post=37891"},{"taxonomy":"post_tag","embeddable":true,"href":"https:\/\/www.hunimed.eu\/it\/wp-json\/wp\/v2\/tags?post=37891"}],"curies":[{"name":"wp","href":"https:\/\/api.w.org\/{rel}","templated":true}]}}