{"id":37747,"date":"2021-11-29T15:35:10","date_gmt":"2021-11-29T15:35:10","guid":{"rendered":"https:\/\/www.hunimed.eu\/news\/al-via-lanno-accademico-2021-2022-di-humanitas-university-ricordiamo-le-vittime-del-covid-e-ripartiamo-dalla-pandemia-per-un-cambiamento-epocale\/"},"modified":"2021-11-29T15:35:10","modified_gmt":"2021-11-29T15:35:10","slug":"al-via-lanno-accademico-2021-2022-di-humanitas-university-ricordiamo-le-vittime-del-covid-e-ripartiamo-dalla-pandemia-per-un-cambiamento-epocale","status":"publish","type":"post","link":"https:\/\/www.hunimed.eu\/it\/news\/al-via-lanno-accademico-2021-2022-di-humanitas-university-ricordiamo-le-vittime-del-covid-e-ripartiamo-dalla-pandemia-per-un-cambiamento-epocale\/","title":{"rendered":"Al via l&#8217;anno accademico 2021\/2022 di Humanitas University: \u00abRicordiamo le vittime del Covid e ripartiamo dalla pandemia per un cambiamento epocale\u00bb"},"content":{"rendered":"<p><strong>Si \u00e8 inaugurato oggi, 29 novembre 2021,<\/strong> <strong>l\u2019ottavo anno accademico di Humanitas University<\/strong>. \u00abDopo due anni di pandemia che non possiamo ignorare pensando al futuro, siamo qui di nuovo in presenza e questo \u00e8 stato possibile grazie ai vaccini\u00bb, ha detto il rettore <strong>Marco Montorsi<\/strong>. Oltre al rettore, all\u2019inaugurazione hanno partecipato il presidente di Humanitas <strong>Gianfelice Rocca<\/strong>, la pro-rettrice alla Ricerca <strong>Maria Rescigno<\/strong>, il sindaco di Milano <strong>Giuseppe Sala<\/strong> e il suo omologo di Pieve Emanuele, che ospita il campus, <strong>Paolo Festa<\/strong>, l\u2019assessore per l\u2019Istruzione, Universit\u00e0, Ricerca, Innovazione Regione Lombardia\u00a0<strong>Fabrizio Sala<\/strong>, cos\u00ec come il ministro per gli Affari regionale e le Autonomie\u00a0<strong>Maria Stella Gelmini<\/strong>, il ministro dell&#8217;Universit\u00e0 e della Ricerca\u00a0<strong>Maria Cristina Messa<\/strong>. La cerimonia \u00e8 stata anche l\u2019occasione per conferire la <strong>prima laurea honoris causa in Medicina a Katalin Karik\u00f2<\/strong>, <strong>biochimica e Senior Vice President di BioNTec<\/strong>, con la seguente motivazione: \u00abIn considerazione dello straordinario contributo allo studio e allo sviluppo di una nuova generazione di vaccini basati sulla innovativa tecnologia a mRNA, tra cui quello anti Covid-19, a ulteriore conferma del valore dell\u2019integrazione tra conoscenze mediche e applicazioni tecnologiche\u00bb.<\/p>\n<p>\u00abQuesto anno accademico \u2013 ha detto il dott. Rocca \u2013 lo apriamo con un pensiero alle vittime del Covid-19 e a tutti coloro che hanno sofferto per questo virus: come Humanitas, abbiamo curato 6.197 persone ma quello che \u00e8 stato davvero importante \u00e8 stato realizzare l\u2019Emergency Covid Hospital che ha consentito di curare pazienti e liberare l\u2019ospedale\u00bb. La pandemia \u00e8 stata per\u00f2 anche l\u2019occasione per realizzare che serve \u00abun cambiamento profondo\u00bb: \u00abStiamo assistendo a un cambiamento epocale che ricorda quello della rivoluzione industriale e che riguarda tutti gli ambiti della societ\u00e0, compreso quello della salute e delle scienze della vita\u00bb, ha spiegato il presidente di Humanitas. Che auspica una maggiore collaborazione \u2013 proprio in un&#8217;ottica di miglioramento della qualit\u00e0 della vita \u2013 tra pubblico e privato, anche per quanto riguarda la sanit\u00e0 territoriale. \u00abSenza le energie dei privati \u2013 ha avvertito Rocca \u2013 falliremo e saremo fortemente indebitati. E oltretutto non avremo toccato i problemi. Abbiamo una responsabilit\u00e0: dobbiamo cambiare queste cose e non sbagliare le prossime mosse\u00bb.<\/p>\n<p>L\u2019anno accademico appena iniziato porter\u00e0 con s\u00e9 delle novit\u00e0, che sono state illustrate dal rettore Montorsi: \u00abAbbiamo digitalizzato e innovato i nostri corsi, rendendoli pi\u00f9 flessibili anche per andare incontro alle esigenze degli studenti. Il crescente bisogno di multidisciplinariet\u00e0 ci guida verso il futuro e per questo abbiamo ampliato la rete delle collaborazioni con altri atenei. Ne \u00e8 un esempio il Corso di Laurea MEDTEC, sviluppata con il Politecnico di Milano, che vuole essere la risposta concreta alle necessit\u00e0 di nuove competenze ingegneristiche all\u2019interno del settore medico, o il Corso di Laurea in Infermieristica attivato quest&#8217;anno anche a Castellanza, insieme a LIUC e Humanitas Mater Domini\u00bb.<\/p>\n","protected":false},"excerpt":{"rendered":"<p>Si \u00e8 inaugurato oggi, 29 novembre 2021, l\u2019ottavo anno accademico di Humanitas University. \u00abDopo due anni di pandemia che non possiamo ignorare pensando al futuro, siamo qui di nuovo in presenza e questo \u00e8 stato possibile grazie ai vaccini\u00bb, ha detto il rettore Marco Montorsi. Oltre al rettore, all\u2019inaugurazione hanno partecipato il presidente di Humanitas [&hellip;]<\/p>\n","protected":false},"author":16,"featured_media":18177,"comment_status":"open","ping_status":"open","sticky":false,"template":"","format":"standard","meta":{"_acf_changed":false,"_kad_blocks_custom_css":"","_kad_blocks_head_custom_js":"","_kad_blocks_body_custom_js":"","_kad_blocks_footer_custom_js":"","footnotes":""},"categories":[1675,2026,401],"tags":[],"class_list":["post-37747","post","type-post","status-publish","format-standard","has-post-thumbnail","hentry","category-covid-19-2","category-didattica-4-2","category-mondo-humanitas"],"acf":[],"yoast_head":"<!-- This site is optimized with the Yoast SEO plugin v27.2 - https:\/\/yoast.com\/product\/yoast-seo-wordpress\/ -->\n<title>Al via l&#039;anno accademico 2021\/2022 di Humanitas University: \u00abRicordiamo le vittime del Covid e ripartiamo dalla pandemia per un cambiamento epocale\u00bb - Hunimed<\/title>\n<meta name=\"description\" content=\"Si \u00e8 inaugurato oggi, 29 novembre 2021, l\u2019ottavo anno accademico di Humanitas University. \u00abDopo due anni di pandemia che non possiamo ignorare pensando al\" \/>\n<meta name=\"robots\" content=\"index, follow, max-snippet:-1, max-image-preview:large, max-video-preview:-1\" \/>\n<link rel=\"canonical\" href=\"https:\/\/www.hunimed.eu\/news\/al-via-lanno-accademico-2021-2022-di-humanitas-university-ricordiamo-le-vittime-del-covid-e-ripartiamo-dalla-pandemia-per-un-cambiamento-epocale\/\" \/>\n<meta property=\"og:locale\" content=\"it_IT\" \/>\n<meta property=\"og:type\" content=\"article\" \/>\n<meta property=\"og:title\" content=\"Al via l&#039;anno accademico 2021\/2022 di Humanitas University: \u00abRicordiamo le vittime del Covid e ripartiamo dalla pandemia per un cambiamento epocale\u00bb - Hunimed\" \/>\n<meta property=\"og:description\" content=\"Si \u00e8 inaugurato oggi, 29 novembre 2021, l\u2019ottavo anno accademico di Humanitas University. \u00abDopo due anni di pandemia che non possiamo ignorare pensando al\" \/>\n<meta property=\"og:url\" content=\"https:\/\/www.hunimed.eu\/news\/al-via-lanno-accademico-2021-2022-di-humanitas-university-ricordiamo-le-vittime-del-covid-e-ripartiamo-dalla-pandemia-per-un-cambiamento-epocale\/\" \/>\n<meta property=\"og:site_name\" content=\"Hunimed\" \/>\n<meta property=\"article:publisher\" content=\"https:\/\/www.facebook.com\/Hunimed\/\" \/>\n<meta property=\"article:published_time\" content=\"2021-11-29T15:35:10+00:00\" \/>\n<meta property=\"og:image\" content=\"https:\/\/www.hunimed.eu\/wp-content\/uploads\/2025\/08\/AA.-2122-official.png\" \/>\n\t<meta property=\"og:image:width\" content=\"600\" \/>\n\t<meta property=\"og:image:height\" content=\"320\" \/>\n\t<meta property=\"og:image:type\" content=\"image\/png\" \/>\n<meta name=\"author\" content=\"edit@humanitas\" \/>\n<meta name=\"twitter:card\" content=\"summary_large_image\" \/>\n<meta name=\"twitter:label1\" content=\"Scritto da\" \/>\n\t<meta name=\"twitter:data1\" content=\"edit@humanitas\" \/>\n\t<meta name=\"twitter:label2\" content=\"Tempo di lettura stimato\" \/>\n\t<meta name=\"twitter:data2\" content=\"2 minuti\" \/>\n<script type=\"application\/ld+json\" class=\"yoast-schema-graph\">{\"@context\":\"https:\/\/schema.org\",\"@graph\":[{\"@type\":\"Article\",\"@id\":\"https:\/\/www.hunimed.eu\/news\/al-via-lanno-accademico-2021-2022-di-humanitas-university-ricordiamo-le-vittime-del-covid-e-ripartiamo-dalla-pandemia-per-un-cambiamento-epocale\/#article\",\"isPartOf\":{\"@id\":\"https:\/\/www.hunimed.eu\/news\/al-via-lanno-accademico-2021-2022-di-humanitas-university-ricordiamo-le-vittime-del-covid-e-ripartiamo-dalla-pandemia-per-un-cambiamento-epocale\/\"},\"author\":{\"name\":\"edit@humanitas\",\"@id\":\"https:\/\/www.hunimed.eu\/#\/schema\/person\/cbe85a517f5d0316033eda8329e38457\"},\"headline\":\"Al via l&#8217;anno accademico 2021\/2022 di Humanitas University: \u00abRicordiamo le vittime del Covid e ripartiamo dalla pandemia per un cambiamento epocale\u00bb\",\"datePublished\":\"2021-11-29T15:35:10+00:00\",\"mainEntityOfPage\":{\"@id\":\"https:\/\/www.hunimed.eu\/news\/al-via-lanno-accademico-2021-2022-di-humanitas-university-ricordiamo-le-vittime-del-covid-e-ripartiamo-dalla-pandemia-per-un-cambiamento-epocale\/\"},\"wordCount\":476,\"commentCount\":0,\"publisher\":{\"@id\":\"https:\/\/www.hunimed.eu\/#organization\"},\"image\":{\"@id\":\"https:\/\/www.hunimed.eu\/news\/al-via-lanno-accademico-2021-2022-di-humanitas-university-ricordiamo-le-vittime-del-covid-e-ripartiamo-dalla-pandemia-per-un-cambiamento-epocale\/#primaryimage\"},\"thumbnailUrl\":\"https:\/\/www.hunimed.eu\/wp-content\/uploads\/2025\/08\/AA.-2122-official.png?wsr\",\"articleSection\":[\"Covid-19\",\"Didattica\",\"Mondo Humanitas\"],\"inLanguage\":\"it-IT\"},{\"@type\":\"WebPage\",\"@id\":\"https:\/\/www.hunimed.eu\/news\/al-via-lanno-accademico-2021-2022-di-humanitas-university-ricordiamo-le-vittime-del-covid-e-ripartiamo-dalla-pandemia-per-un-cambiamento-epocale\/\",\"url\":\"https:\/\/www.hunimed.eu\/news\/al-via-lanno-accademico-2021-2022-di-humanitas-university-ricordiamo-le-vittime-del-covid-e-ripartiamo-dalla-pandemia-per-un-cambiamento-epocale\/\",\"name\":\"Al via l'anno accademico 2021\/2022 di Humanitas University: \u00abRicordiamo le vittime del Covid e ripartiamo dalla pandemia per un cambiamento epocale\u00bb - Hunimed\",\"isPartOf\":{\"@id\":\"https:\/\/www.hunimed.eu\/#website\"},\"primaryImageOfPage\":{\"@id\":\"https:\/\/www.hunimed.eu\/news\/al-via-lanno-accademico-2021-2022-di-humanitas-university-ricordiamo-le-vittime-del-covid-e-ripartiamo-dalla-pandemia-per-un-cambiamento-epocale\/#primaryimage\"},\"image\":{\"@id\":\"https:\/\/www.hunimed.eu\/news\/al-via-lanno-accademico-2021-2022-di-humanitas-university-ricordiamo-le-vittime-del-covid-e-ripartiamo-dalla-pandemia-per-un-cambiamento-epocale\/#primaryimage\"},\"thumbnailUrl\":\"https:\/\/www.hunimed.eu\/wp-content\/uploads\/2025\/08\/AA.-2122-official.png?wsr\",\"datePublished\":\"2021-11-29T15:35:10+00:00\",\"description\":\"Si \u00e8 inaugurato oggi, 29 novembre 2021, l\u2019ottavo anno accademico di Humanitas University. \u00abDopo due anni di pandemia che non possiamo ignorare pensando al\",\"breadcrumb\":{\"@id\":\"https:\/\/www.hunimed.eu\/news\/al-via-lanno-accademico-2021-2022-di-humanitas-university-ricordiamo-le-vittime-del-covid-e-ripartiamo-dalla-pandemia-per-un-cambiamento-epocale\/#breadcrumb\"},\"inLanguage\":\"it-IT\",\"potentialAction\":[{\"@type\":\"ReadAction\",\"target\":[\"https:\/\/www.hunimed.eu\/news\/al-via-lanno-accademico-2021-2022-di-humanitas-university-ricordiamo-le-vittime-del-covid-e-ripartiamo-dalla-pandemia-per-un-cambiamento-epocale\/\"]}]},{\"@type\":\"ImageObject\",\"inLanguage\":\"it-IT\",\"@id\":\"https:\/\/www.hunimed.eu\/news\/al-via-lanno-accademico-2021-2022-di-humanitas-university-ricordiamo-le-vittime-del-covid-e-ripartiamo-dalla-pandemia-per-un-cambiamento-epocale\/#primaryimage\",\"url\":\"https:\/\/www.hunimed.eu\/wp-content\/uploads\/2025\/08\/AA.-2122-official.png?wsr\",\"contentUrl\":\"https:\/\/www.hunimed.eu\/wp-content\/uploads\/2025\/08\/AA.-2122-official.png?wsr\",\"width\":600,\"height\":320},{\"@type\":\"BreadcrumbList\",\"@id\":\"https:\/\/www.hunimed.eu\/news\/al-via-lanno-accademico-2021-2022-di-humanitas-university-ricordiamo-le-vittime-del-covid-e-ripartiamo-dalla-pandemia-per-un-cambiamento-epocale\/#breadcrumb\",\"itemListElement\":[{\"@type\":\"ListItem\",\"position\":1,\"name\":\"Home\",\"item\":\"https:\/\/www.hunimed.eu\/it\/\"},{\"@type\":\"ListItem\",\"position\":2,\"name\":\"Al via l&#8217;anno accademico 2021\/2022 di Humanitas University: \u00abRicordiamo le vittime del Covid e ripartiamo dalla pandemia per un cambiamento epocale\u00bb\"}]},{\"@type\":\"WebSite\",\"@id\":\"https:\/\/www.hunimed.eu\/#website\",\"url\":\"https:\/\/www.hunimed.eu\/\",\"name\":\"Hunimed\",\"description\":\"Humanitas University\",\"publisher\":{\"@id\":\"https:\/\/www.hunimed.eu\/#organization\"},\"potentialAction\":[{\"@type\":\"SearchAction\",\"target\":{\"@type\":\"EntryPoint\",\"urlTemplate\":\"https:\/\/www.hunimed.eu\/?s={search_term_string}\"},\"query-input\":{\"@type\":\"PropertyValueSpecification\",\"valueRequired\":true,\"valueName\":\"search_term_string\"}}],\"inLanguage\":\"it-IT\"},{\"@type\":\"Organization\",\"@id\":\"https:\/\/www.hunimed.eu\/#organization\",\"name\":\"Humanitas University\",\"url\":\"https:\/\/www.hunimed.eu\/\",\"logo\":{\"@type\":\"ImageObject\",\"inLanguage\":\"it-IT\",\"@id\":\"https:\/\/www.hunimed.eu\/#\/schema\/logo\/image\/\",\"url\":\"https:\/\/www.hunimed.eu\/wp-content\/uploads\/2025\/06\/Logo.svg?wsr\",\"contentUrl\":\"https:\/\/www.hunimed.eu\/wp-content\/uploads\/2025\/06\/Logo.svg?wsr\",\"caption\":\"Humanitas University\"},\"image\":{\"@id\":\"https:\/\/www.hunimed.eu\/#\/schema\/logo\/image\/\"},\"sameAs\":[\"https:\/\/www.facebook.com\/Hunimed\/\",\"https:\/\/www.linkedin.com\/school\/18280267\/admin\/\"]},{\"@type\":\"Person\",\"@id\":\"https:\/\/www.hunimed.eu\/#\/schema\/person\/cbe85a517f5d0316033eda8329e38457\",\"name\":\"edit@humanitas\",\"image\":{\"@type\":\"ImageObject\",\"inLanguage\":\"it-IT\",\"@id\":\"https:\/\/secure.gravatar.com\/avatar\/e785548038467c6e09e44311549cfa096e2b3dd02edfdfd427b584a1347e82b9?s=96&d=mm&r=g\",\"url\":\"https:\/\/secure.gravatar.com\/avatar\/e785548038467c6e09e44311549cfa096e2b3dd02edfdfd427b584a1347e82b9?s=96&d=mm&r=g\",\"contentUrl\":\"https:\/\/secure.gravatar.com\/avatar\/e785548038467c6e09e44311549cfa096e2b3dd02edfdfd427b584a1347e82b9?s=96&d=mm&r=g\",\"caption\":\"edit@humanitas\"},\"url\":\"https:\/\/www.hunimed.eu\/it\/news\/author\/edithumanitas\/\"}]}<\/script>\n<!-- \/ Yoast SEO plugin. -->","yoast_head_json":{"title":"Al via l'anno accademico 2021\/2022 di Humanitas University: \u00abRicordiamo le vittime del Covid e ripartiamo dalla pandemia per un cambiamento epocale\u00bb - Hunimed","description":"Si \u00e8 inaugurato oggi, 29 novembre 2021, l\u2019ottavo anno accademico di Humanitas University. \u00abDopo due anni di pandemia che non possiamo ignorare pensando al","robots":{"index":"index","follow":"follow","max-snippet":"max-snippet:-1","max-image-preview":"max-image-preview:large","max-video-preview":"max-video-preview:-1"},"canonical":"https:\/\/www.hunimed.eu\/news\/al-via-lanno-accademico-2021-2022-di-humanitas-university-ricordiamo-le-vittime-del-covid-e-ripartiamo-dalla-pandemia-per-un-cambiamento-epocale\/","og_locale":"it_IT","og_type":"article","og_title":"Al via l'anno accademico 2021\/2022 di Humanitas University: \u00abRicordiamo le vittime del Covid e ripartiamo dalla pandemia per un cambiamento epocale\u00bb - Hunimed","og_description":"Si \u00e8 inaugurato oggi, 29 novembre 2021, l\u2019ottavo anno accademico di Humanitas University. \u00abDopo due anni di pandemia che non possiamo ignorare pensando al","og_url":"https:\/\/www.hunimed.eu\/news\/al-via-lanno-accademico-2021-2022-di-humanitas-university-ricordiamo-le-vittime-del-covid-e-ripartiamo-dalla-pandemia-per-un-cambiamento-epocale\/","og_site_name":"Hunimed","article_publisher":"https:\/\/www.facebook.com\/Hunimed\/","article_published_time":"2021-11-29T15:35:10+00:00","og_image":[{"width":600,"height":320,"url":"https:\/\/www.hunimed.eu\/wp-content\/uploads\/2025\/08\/AA.-2122-official.png","type":"image\/png"}],"author":"edit@humanitas","twitter_card":"summary_large_image","twitter_misc":{"Scritto da":"edit@humanitas","Tempo di lettura stimato":"2 minuti"},"schema":{"@context":"https:\/\/schema.org","@graph":[{"@type":"Article","@id":"https:\/\/www.hunimed.eu\/news\/al-via-lanno-accademico-2021-2022-di-humanitas-university-ricordiamo-le-vittime-del-covid-e-ripartiamo-dalla-pandemia-per-un-cambiamento-epocale\/#article","isPartOf":{"@id":"https:\/\/www.hunimed.eu\/news\/al-via-lanno-accademico-2021-2022-di-humanitas-university-ricordiamo-le-vittime-del-covid-e-ripartiamo-dalla-pandemia-per-un-cambiamento-epocale\/"},"author":{"name":"edit@humanitas","@id":"https:\/\/www.hunimed.eu\/#\/schema\/person\/cbe85a517f5d0316033eda8329e38457"},"headline":"Al via l&#8217;anno accademico 2021\/2022 di Humanitas University: \u00abRicordiamo le vittime del Covid e ripartiamo dalla pandemia per un cambiamento epocale\u00bb","datePublished":"2021-11-29T15:35:10+00:00","mainEntityOfPage":{"@id":"https:\/\/www.hunimed.eu\/news\/al-via-lanno-accademico-2021-2022-di-humanitas-university-ricordiamo-le-vittime-del-covid-e-ripartiamo-dalla-pandemia-per-un-cambiamento-epocale\/"},"wordCount":476,"commentCount":0,"publisher":{"@id":"https:\/\/www.hunimed.eu\/#organization"},"image":{"@id":"https:\/\/www.hunimed.eu\/news\/al-via-lanno-accademico-2021-2022-di-humanitas-university-ricordiamo-le-vittime-del-covid-e-ripartiamo-dalla-pandemia-per-un-cambiamento-epocale\/#primaryimage"},"thumbnailUrl":"https:\/\/www.hunimed.eu\/wp-content\/uploads\/2025\/08\/AA.-2122-official.png?wsr","articleSection":["Covid-19","Didattica","Mondo Humanitas"],"inLanguage":"it-IT"},{"@type":"WebPage","@id":"https:\/\/www.hunimed.eu\/news\/al-via-lanno-accademico-2021-2022-di-humanitas-university-ricordiamo-le-vittime-del-covid-e-ripartiamo-dalla-pandemia-per-un-cambiamento-epocale\/","url":"https:\/\/www.hunimed.eu\/news\/al-via-lanno-accademico-2021-2022-di-humanitas-university-ricordiamo-le-vittime-del-covid-e-ripartiamo-dalla-pandemia-per-un-cambiamento-epocale\/","name":"Al via l'anno accademico 2021\/2022 di Humanitas University: \u00abRicordiamo le vittime del Covid e ripartiamo dalla pandemia per un cambiamento epocale\u00bb - Hunimed","isPartOf":{"@id":"https:\/\/www.hunimed.eu\/#website"},"primaryImageOfPage":{"@id":"https:\/\/www.hunimed.eu\/news\/al-via-lanno-accademico-2021-2022-di-humanitas-university-ricordiamo-le-vittime-del-covid-e-ripartiamo-dalla-pandemia-per-un-cambiamento-epocale\/#primaryimage"},"image":{"@id":"https:\/\/www.hunimed.eu\/news\/al-via-lanno-accademico-2021-2022-di-humanitas-university-ricordiamo-le-vittime-del-covid-e-ripartiamo-dalla-pandemia-per-un-cambiamento-epocale\/#primaryimage"},"thumbnailUrl":"https:\/\/www.hunimed.eu\/wp-content\/uploads\/2025\/08\/AA.-2122-official.png?wsr","datePublished":"2021-11-29T15:35:10+00:00","description":"Si \u00e8 inaugurato oggi, 29 novembre 2021, l\u2019ottavo anno accademico di Humanitas University. \u00abDopo due anni di pandemia che non possiamo ignorare pensando al","breadcrumb":{"@id":"https:\/\/www.hunimed.eu\/news\/al-via-lanno-accademico-2021-2022-di-humanitas-university-ricordiamo-le-vittime-del-covid-e-ripartiamo-dalla-pandemia-per-un-cambiamento-epocale\/#breadcrumb"},"inLanguage":"it-IT","potentialAction":[{"@type":"ReadAction","target":["https:\/\/www.hunimed.eu\/news\/al-via-lanno-accademico-2021-2022-di-humanitas-university-ricordiamo-le-vittime-del-covid-e-ripartiamo-dalla-pandemia-per-un-cambiamento-epocale\/"]}]},{"@type":"ImageObject","inLanguage":"it-IT","@id":"https:\/\/www.hunimed.eu\/news\/al-via-lanno-accademico-2021-2022-di-humanitas-university-ricordiamo-le-vittime-del-covid-e-ripartiamo-dalla-pandemia-per-un-cambiamento-epocale\/#primaryimage","url":"https:\/\/www.hunimed.eu\/wp-content\/uploads\/2025\/08\/AA.-2122-official.png?wsr","contentUrl":"https:\/\/www.hunimed.eu\/wp-content\/uploads\/2025\/08\/AA.-2122-official.png?wsr","width":600,"height":320},{"@type":"BreadcrumbList","@id":"https:\/\/www.hunimed.eu\/news\/al-via-lanno-accademico-2021-2022-di-humanitas-university-ricordiamo-le-vittime-del-covid-e-ripartiamo-dalla-pandemia-per-un-cambiamento-epocale\/#breadcrumb","itemListElement":[{"@type":"ListItem","position":1,"name":"Home","item":"https:\/\/www.hunimed.eu\/it\/"},{"@type":"ListItem","position":2,"name":"Al via l&#8217;anno accademico 2021\/2022 di Humanitas University: \u00abRicordiamo le vittime del Covid e ripartiamo dalla pandemia per un cambiamento epocale\u00bb"}]},{"@type":"WebSite","@id":"https:\/\/www.hunimed.eu\/#website","url":"https:\/\/www.hunimed.eu\/","name":"Hunimed","description":"Humanitas University","publisher":{"@id":"https:\/\/www.hunimed.eu\/#organization"},"potentialAction":[{"@type":"SearchAction","target":{"@type":"EntryPoint","urlTemplate":"https:\/\/www.hunimed.eu\/?s={search_term_string}"},"query-input":{"@type":"PropertyValueSpecification","valueRequired":true,"valueName":"search_term_string"}}],"inLanguage":"it-IT"},{"@type":"Organization","@id":"https:\/\/www.hunimed.eu\/#organization","name":"Humanitas University","url":"https:\/\/www.hunimed.eu\/","logo":{"@type":"ImageObject","inLanguage":"it-IT","@id":"https:\/\/www.hunimed.eu\/#\/schema\/logo\/image\/","url":"https:\/\/www.hunimed.eu\/wp-content\/uploads\/2025\/06\/Logo.svg?wsr","contentUrl":"https:\/\/www.hunimed.eu\/wp-content\/uploads\/2025\/06\/Logo.svg?wsr","caption":"Humanitas University"},"image":{"@id":"https:\/\/www.hunimed.eu\/#\/schema\/logo\/image\/"},"sameAs":["https:\/\/www.facebook.com\/Hunimed\/","https:\/\/www.linkedin.com\/school\/18280267\/admin\/"]},{"@type":"Person","@id":"https:\/\/www.hunimed.eu\/#\/schema\/person\/cbe85a517f5d0316033eda8329e38457","name":"edit@humanitas","image":{"@type":"ImageObject","inLanguage":"it-IT","@id":"https:\/\/secure.gravatar.com\/avatar\/e785548038467c6e09e44311549cfa096e2b3dd02edfdfd427b584a1347e82b9?s=96&d=mm&r=g","url":"https:\/\/secure.gravatar.com\/avatar\/e785548038467c6e09e44311549cfa096e2b3dd02edfdfd427b584a1347e82b9?s=96&d=mm&r=g","contentUrl":"https:\/\/secure.gravatar.com\/avatar\/e785548038467c6e09e44311549cfa096e2b3dd02edfdfd427b584a1347e82b9?s=96&d=mm&r=g","caption":"edit@humanitas"},"url":"https:\/\/www.hunimed.eu\/it\/news\/author\/edithumanitas\/"}]}},"taxonomy_info":{"category":[{"value":1675,"label":"Covid-19"},{"value":2026,"label":"Didattica"},{"value":401,"label":"Mondo Humanitas"}]},"featured_image_src_large":["https:\/\/www.hunimed.eu\/wp-content\/uploads\/2025\/08\/AA.-2122-official.png?wsr",600,320,false],"author_info":{"display_name":"edit@humanitas","author_link":"https:\/\/www.hunimed.eu\/it\/news\/author\/edithumanitas\/"},"comment_info":"","category_info":[{"term_id":1675,"name":"Covid-19","slug":"covid-19-2","term_group":0,"term_taxonomy_id":1675,"taxonomy":"category","description":"","parent":0,"count":35,"filter":"raw","cat_ID":1675,"category_count":35,"category_description":"","cat_name":"Covid-19","category_nicename":"covid-19-2","category_parent":0},{"term_id":2026,"name":"Didattica","slug":"didattica-4-2","term_group":0,"term_taxonomy_id":2026,"taxonomy":"category","description":"","parent":0,"count":137,"filter":"raw","cat_ID":2026,"category_count":137,"category_description":"","cat_name":"Didattica","category_nicename":"didattica-4-2","category_parent":0},{"term_id":401,"name":"Mondo Humanitas","slug":"mondo-humanitas","term_group":0,"term_taxonomy_id":401,"taxonomy":"category","description":"","parent":0,"count":287,"filter":"raw","cat_ID":401,"category_count":287,"category_description":"","cat_name":"Mondo Humanitas","category_nicename":"mondo-humanitas","category_parent":0}],"tag_info":false,"_links":{"self":[{"href":"https:\/\/www.hunimed.eu\/it\/wp-json\/wp\/v2\/posts\/37747","targetHints":{"allow":["GET"]}}],"collection":[{"href":"https:\/\/www.hunimed.eu\/it\/wp-json\/wp\/v2\/posts"}],"about":[{"href":"https:\/\/www.hunimed.eu\/it\/wp-json\/wp\/v2\/types\/post"}],"author":[{"embeddable":true,"href":"https:\/\/www.hunimed.eu\/it\/wp-json\/wp\/v2\/users\/16"}],"replies":[{"embeddable":true,"href":"https:\/\/www.hunimed.eu\/it\/wp-json\/wp\/v2\/comments?post=37747"}],"version-history":[{"count":0,"href":"https:\/\/www.hunimed.eu\/it\/wp-json\/wp\/v2\/posts\/37747\/revisions"}],"wp:featuredmedia":[{"embeddable":true,"href":"https:\/\/www.hunimed.eu\/it\/wp-json\/wp\/v2\/media\/18177"}],"wp:attachment":[{"href":"https:\/\/www.hunimed.eu\/it\/wp-json\/wp\/v2\/media?parent=37747"}],"wp:term":[{"taxonomy":"category","embeddable":true,"href":"https:\/\/www.hunimed.eu\/it\/wp-json\/wp\/v2\/categories?post=37747"},{"taxonomy":"post_tag","embeddable":true,"href":"https:\/\/www.hunimed.eu\/it\/wp-json\/wp\/v2\/tags?post=37747"}],"curies":[{"name":"wp","href":"https:\/\/api.w.org\/{rel}","templated":true}]}}