{"id":37128,"date":"2016-09-27T00:00:00","date_gmt":"2016-09-27T00:00:00","guid":{"rendered":"https:\/\/www.hunimed.eu\/news\/intervista-primi-laureati-humanitas-university\/"},"modified":"2025-10-14T02:43:34","modified_gmt":"2025-10-14T02:43:34","slug":"intervista-primi-laureati-humanitas-university","status":"publish","type":"post","link":"https:\/\/www.hunimed.eu\/it\/news\/intervista-primi-laureati-humanitas-university\/","title":{"rendered":"Intervista ai primi laureati di Humanitas University"},"content":{"rendered":"<p><img loading=\"lazy\" decoding=\"async\" class=\"size-medium wp-image-25427 alignright\" src=\"https:\/\/www.hunimed.eu\/wp-content\/uploads\/2016\/07\/IMG_2690-300x200.jpg\" alt=\"Graduation\" width=\"300\" height=\"200\" \/>Alba Coraini e\u00a0Alberto Molteni sono due dei\u00a0<strong>primi laureati del Corso internazionale di Medicina di Humanitas University<\/strong>, proclamati Dottori insieme a<strong>\u00a0<\/strong>Shadya Darwish, Giulia Mulazzani, Alessandro Torre, Lorenzo Solimeno e Giulia Signorelli il 20 luglio scorso.<\/p>\n<p>Ecco cosa hanno detto ai microfoni de &#8220;Il Giorno&#8221;, quotidiano di Milano.<\/p>\n<h3>Cosa vi\u00a0ha spinto a\u00a0scegliere medicina?<\/h3>\n<p>&#8220;Prima di tutto la <strong>passione<\/strong> e il <strong>desiderio di conoscere<\/strong> una <strong>materia <\/strong>cos\u00ec affascinante,<strong> in continua evoluzione<\/strong>&#8221; &#8211; dichiara Alba. &#8220;Guardando al futuro,\u00a0l&#8217;idea di poter<strong>\u00a0aiutare<\/strong> e\u00a0allo stesso tempo ricevere <strong>soddisfazione<\/strong> nell&#8217;aiutare gli altri, ma anche il\u00a0pensiero di\u00a0poter <strong>affrontare dei misteri<\/strong>,\u00a0<strong>risolvere\u00a0dei casi<\/strong>&#8221; &#8211; aggiunge Alberto.<\/p>\n<h3>Siete stati dei pionieri di questo nuovo modo di studiare medicina. Come \u00e8 stato?<\/h3>\n<p>Per Alba &#8220;\u00e8 un privilegio essere stata parte di Humanitas, essere entrata in\u00a0questo nuovo <strong>percorso formativo di eccellente qualit\u00e0<\/strong>, a contatto con professori riconosciuti anche a livello <strong>internazionale<\/strong>. Sono stata sorpresa e onorata\u00a0di veder crescere questa nuova realt\u00e0 cos\u00ec rapidamente.&#8221;<\/p>\n<p>&#8220;Ho scelto questo corso a scatola chiusa&#8221; &#8211; afferma Alberto &#8211; &#8220;si trattava di una vera e propria<strong> sfida<\/strong>,\u00a0una strada mai battuta, che prometteva per\u00f2 di <strong>portarmi lontano<\/strong>. Ho incontrato un <strong>mondo nuovo<\/strong> che negli anni mi \u00e8 piaciuto sempre di pi\u00f9.&#8221;<\/p>\n<h3>E\u00a0dopo la laurea?<\/h3>\n<p>&#8220;La laurea\u00a0\u00e8 solo un <strong>nuovo inizio<\/strong>, sono <strong>tantissime<\/strong> le <strong>possibilit\u00e0<\/strong>\u00a0che si prospettano\u00a0per il futuro&#8221; dichiara\u00a0Alberto. Ad esempio, Alba vorrebbe &#8220;continuare il percorso oltreoceano, fare la <strong>specialit\u00e0 negli Stati Uniti<\/strong>. La mia\u00a0scelta si \u00e8\u00a0basata sul fatto che l&#8217;impostazione della formazione che abbiamo ricevuto \u00e8 stata internazionale. Questo ci ha aperto le porte alla possibilit\u00e0 di\u00a0specializzarci e anche\u00a0<strong>lavorare\u00a0all&#8217;estero<\/strong>.&#8221;<\/p>\n<h3>Un\u00a0consiglio per\u00a0chi deve cominciare?<\/h3>\n<p>&#8220;6 anni volano, se ti appassioni. Perci\u00f2 il mio consiglio&#8221; &#8211; dice Alberto &#8211; &#8220;\u00e8 di <strong>non farsi spaventare dalla lunghezza e dalla difficolt\u00e0<\/strong> del percorso.\u00a0<strong>Vi dar\u00e0 tantissimo<\/strong> e non vi accorgerete del tempo che passa.&#8221;<\/p>\n<h3>Una battuta sul nuovo Campus di Humanitas University.<\/h3>\n<p>Secondo Alberto &#8220;E&#8217; una bellissima idea, molto <strong>utile<\/strong> per gli studenti, anzitutto perch\u00e9 <strong>facilita il processo di<\/strong> <strong>integrazione<\/strong> degli studenti tra loro, in particolare per chi arriva da un altro paese, che in questo modo sar\u00e0 vicino a\u00a0tanti altri nelle stesse condizioni. Inoltre vivere nel campus permetter\u00e0 di avere\u00a0<strong>orari molto pi\u00f9 flessibili<\/strong>, non legati ai mezzi di trasporto. Un aspetto non trascurabile, soprattutto negli anni in cui si frequentano i\u00a0reparti.&#8221;<\/p>\n<p>&#8220;<strong>In Humanitas ci sono<\/strong> <strong>studenti che provengono da qualsiasi parte del mondo<\/strong> &#8211; Cina, Israele, Inghilterra, India. E&#8217; straordinario pensare che <strong>nel Campus<\/strong> si potr\u00e0 creare una\u00a0<strong>comunit\u00e0 internazionale sempre pi\u00f9 grande, quasi una\u00a0nuova famiglia<\/strong>.&#8221; &#8211; esclama\u00a0Alba.<\/p>\n<p>Scopri di pi\u00f9 sul <a href=\"https:\/\/www.hunimed.eu\/it\/vita-studente\/#nuovo-campus\">nuovo Campus di Humanitas University<\/a>.<\/p>\n","protected":false},"excerpt":{"rendered":"<p>Alba Coraini e\u00a0Alberto Molteni sono due dei\u00a0primi laureati del Corso internazionale di Medicina di Humanitas University, proclamati Dottori insieme a\u00a0Shadya Darwish, Giulia Mulazzani, Alessandro Torre, Lorenzo Solimeno e Giulia Signorelli il 20 luglio scorso. Ecco cosa hanno detto ai microfoni de &#8220;Il Giorno&#8221;, quotidiano di Milano. Cosa vi\u00a0ha spinto a\u00a0scegliere medicina? &#8220;Prima di tutto la [&hellip;]<\/p>\n","protected":false},"author":1,"featured_media":16411,"comment_status":"open","ping_status":"open","sticky":false,"template":"","format":"standard","meta":{"_acf_changed":false,"_kad_blocks_custom_css":"","_kad_blocks_head_custom_js":"","_kad_blocks_body_custom_js":"","_kad_blocks_footer_custom_js":"","footnotes":""},"categories":[401,2387,2385,2386],"tags":[2474,2475,2476],"class_list":["post-37128","post","type-post","status-publish","format-standard","has-post-thumbnail","hentry","category-mondo-humanitas","category-orientamento-ammissioni-5","category-tutti-5","category-vita-dello-studente-5","tag-lauree-hunimed-5","tag-primi-laureati-5","tag-sessione-di-laurea-5"],"acf":[],"yoast_head":"<!-- This site is optimized with the Yoast SEO plugin v27.2 - https:\/\/yoast.com\/product\/yoast-seo-wordpress\/ -->\n<title>Intervista ai primi laureati di Humanitas University - Hunimed<\/title>\n<meta name=\"description\" content=\"Alba Coraini e\u00a0Alberto Molteni sono due dei\u00a0primi laureati del Corso internazionale di Medicina di Humanitas University, proclamati Dottori insieme\" \/>\n<meta name=\"robots\" content=\"index, follow, max-snippet:-1, max-image-preview:large, max-video-preview:-1\" \/>\n<link rel=\"canonical\" href=\"https:\/\/www.hunimed.eu\/news\/intervista-primi-laureati-humanitas-university\/\" \/>\n<meta property=\"og:locale\" content=\"it_IT\" \/>\n<meta property=\"og:type\" content=\"article\" \/>\n<meta property=\"og:title\" content=\"Intervista ai primi laureati di Humanitas University - Hunimed\" \/>\n<meta property=\"og:description\" content=\"Alba Coraini e\u00a0Alberto Molteni sono due dei\u00a0primi laureati del Corso internazionale di Medicina di Humanitas University, proclamati Dottori insieme\" \/>\n<meta property=\"og:url\" content=\"https:\/\/www.hunimed.eu\/news\/intervista-primi-laureati-humanitas-university\/\" \/>\n<meta property=\"og:site_name\" content=\"Hunimed\" \/>\n<meta property=\"article:publisher\" content=\"https:\/\/www.facebook.com\/Hunimed\/\" \/>\n<meta property=\"article:published_time\" content=\"2016-09-27T00:00:00+00:00\" \/>\n<meta property=\"article:modified_time\" content=\"2025-10-14T02:43:34+00:00\" \/>\n<meta property=\"og:image\" content=\"https:\/\/www.hunimed.eu\/wp-content\/uploads\/2025\/08\/IMG_2689.jpg\" \/>\n\t<meta property=\"og:image:width\" content=\"1600\" \/>\n\t<meta property=\"og:image:height\" content=\"1133\" \/>\n\t<meta property=\"og:image:type\" content=\"image\/jpeg\" \/>\n<meta name=\"author\" content=\"Emicha\" \/>\n<meta name=\"twitter:card\" content=\"summary_large_image\" \/>\n<meta name=\"twitter:label1\" content=\"Scritto da\" \/>\n\t<meta name=\"twitter:data1\" content=\"Emicha\" \/>\n\t<meta name=\"twitter:label2\" content=\"Tempo di lettura stimato\" \/>\n\t<meta name=\"twitter:data2\" content=\"2 minuti\" \/>\n<script type=\"application\/ld+json\" class=\"yoast-schema-graph\">{\"@context\":\"https:\/\/schema.org\",\"@graph\":[{\"@type\":\"Article\",\"@id\":\"https:\/\/www.hunimed.eu\/news\/intervista-primi-laureati-humanitas-university\/#article\",\"isPartOf\":{\"@id\":\"https:\/\/www.hunimed.eu\/news\/intervista-primi-laureati-humanitas-university\/\"},\"author\":{\"name\":\"Emicha\",\"@id\":\"https:\/\/www.hunimed.eu\/#\/schema\/person\/98ebab45e54332ef43da7a4d1748ca0d\"},\"headline\":\"Intervista ai primi laureati di Humanitas University\",\"datePublished\":\"2016-09-27T00:00:00+00:00\",\"dateModified\":\"2025-10-14T02:43:34+00:00\",\"mainEntityOfPage\":{\"@id\":\"https:\/\/www.hunimed.eu\/news\/intervista-primi-laureati-humanitas-university\/\"},\"wordCount\":449,\"commentCount\":0,\"publisher\":{\"@id\":\"https:\/\/www.hunimed.eu\/#organization\"},\"image\":{\"@id\":\"https:\/\/www.hunimed.eu\/news\/intervista-primi-laureati-humanitas-university\/#primaryimage\"},\"thumbnailUrl\":\"https:\/\/www.hunimed.eu\/wp-content\/uploads\/2025\/08\/IMG_2689.jpg?wsr\",\"keywords\":[\"lauree Hunimed\",\"primi laureati\",\"sessione di laurea\"],\"articleSection\":[\"Mondo Humanitas\",\"Orientamento &amp; ammissioni\",\"Tutti\",\"Vita dello Studente\"],\"inLanguage\":\"it-IT\"},{\"@type\":\"WebPage\",\"@id\":\"https:\/\/www.hunimed.eu\/news\/intervista-primi-laureati-humanitas-university\/\",\"url\":\"https:\/\/www.hunimed.eu\/news\/intervista-primi-laureati-humanitas-university\/\",\"name\":\"Intervista ai primi laureati di Humanitas University - Hunimed\",\"isPartOf\":{\"@id\":\"https:\/\/www.hunimed.eu\/#website\"},\"primaryImageOfPage\":{\"@id\":\"https:\/\/www.hunimed.eu\/news\/intervista-primi-laureati-humanitas-university\/#primaryimage\"},\"image\":{\"@id\":\"https:\/\/www.hunimed.eu\/news\/intervista-primi-laureati-humanitas-university\/#primaryimage\"},\"thumbnailUrl\":\"https:\/\/www.hunimed.eu\/wp-content\/uploads\/2025\/08\/IMG_2689.jpg?wsr\",\"datePublished\":\"2016-09-27T00:00:00+00:00\",\"dateModified\":\"2025-10-14T02:43:34+00:00\",\"description\":\"Alba Coraini e\u00a0Alberto Molteni sono due dei\u00a0primi laureati del Corso internazionale di Medicina di Humanitas University, proclamati Dottori insieme\",\"breadcrumb\":{\"@id\":\"https:\/\/www.hunimed.eu\/news\/intervista-primi-laureati-humanitas-university\/#breadcrumb\"},\"inLanguage\":\"it-IT\",\"potentialAction\":[{\"@type\":\"ReadAction\",\"target\":[\"https:\/\/www.hunimed.eu\/news\/intervista-primi-laureati-humanitas-university\/\"]}]},{\"@type\":\"ImageObject\",\"inLanguage\":\"it-IT\",\"@id\":\"https:\/\/www.hunimed.eu\/news\/intervista-primi-laureati-humanitas-university\/#primaryimage\",\"url\":\"https:\/\/www.hunimed.eu\/wp-content\/uploads\/2025\/08\/IMG_2689.jpg?wsr\",\"contentUrl\":\"https:\/\/www.hunimed.eu\/wp-content\/uploads\/2025\/08\/IMG_2689.jpg?wsr\",\"width\":1600,\"height\":1133},{\"@type\":\"BreadcrumbList\",\"@id\":\"https:\/\/www.hunimed.eu\/news\/intervista-primi-laureati-humanitas-university\/#breadcrumb\",\"itemListElement\":[{\"@type\":\"ListItem\",\"position\":1,\"name\":\"Home\",\"item\":\"https:\/\/www.hunimed.eu\/it\/\"},{\"@type\":\"ListItem\",\"position\":2,\"name\":\"Intervista ai primi laureati di Humanitas University\"}]},{\"@type\":\"WebSite\",\"@id\":\"https:\/\/www.hunimed.eu\/#website\",\"url\":\"https:\/\/www.hunimed.eu\/\",\"name\":\"Hunimed\",\"description\":\"Humanitas University\",\"publisher\":{\"@id\":\"https:\/\/www.hunimed.eu\/#organization\"},\"potentialAction\":[{\"@type\":\"SearchAction\",\"target\":{\"@type\":\"EntryPoint\",\"urlTemplate\":\"https:\/\/www.hunimed.eu\/?s={search_term_string}\"},\"query-input\":{\"@type\":\"PropertyValueSpecification\",\"valueRequired\":true,\"valueName\":\"search_term_string\"}}],\"inLanguage\":\"it-IT\"},{\"@type\":\"Organization\",\"@id\":\"https:\/\/www.hunimed.eu\/#organization\",\"name\":\"Humanitas University\",\"url\":\"https:\/\/www.hunimed.eu\/\",\"logo\":{\"@type\":\"ImageObject\",\"inLanguage\":\"it-IT\",\"@id\":\"https:\/\/www.hunimed.eu\/#\/schema\/logo\/image\/\",\"url\":\"https:\/\/www.hunimed.eu\/wp-content\/uploads\/2025\/06\/Logo.svg?wsr\",\"contentUrl\":\"https:\/\/www.hunimed.eu\/wp-content\/uploads\/2025\/06\/Logo.svg?wsr\",\"caption\":\"Humanitas University\"},\"image\":{\"@id\":\"https:\/\/www.hunimed.eu\/#\/schema\/logo\/image\/\"},\"sameAs\":[\"https:\/\/www.facebook.com\/Hunimed\/\",\"https:\/\/www.linkedin.com\/school\/18280267\/admin\/\"]},{\"@type\":\"Person\",\"@id\":\"https:\/\/www.hunimed.eu\/#\/schema\/person\/98ebab45e54332ef43da7a4d1748ca0d\",\"name\":\"Emicha\",\"image\":{\"@type\":\"ImageObject\",\"inLanguage\":\"it-IT\",\"@id\":\"https:\/\/secure.gravatar.com\/avatar\/82511d8332a1a463eadc6627f6fc25856d9798af6e6757594c0386d52d1635e8?s=96&d=mm&r=g\",\"url\":\"https:\/\/secure.gravatar.com\/avatar\/82511d8332a1a463eadc6627f6fc25856d9798af6e6757594c0386d52d1635e8?s=96&d=mm&r=g\",\"contentUrl\":\"https:\/\/secure.gravatar.com\/avatar\/82511d8332a1a463eadc6627f6fc25856d9798af6e6757594c0386d52d1635e8?s=96&d=mm&r=g\",\"caption\":\"Emicha\"},\"sameAs\":[\"https:\/\/www.hunimed.eu\"],\"url\":\"https:\/\/www.hunimed.eu\/it\/news\/author\/emicha\/\"}]}<\/script>\n<!-- \/ Yoast SEO plugin. -->","yoast_head_json":{"title":"Intervista ai primi laureati di Humanitas University - Hunimed","description":"Alba Coraini e\u00a0Alberto Molteni sono due dei\u00a0primi laureati del Corso internazionale di Medicina di Humanitas University, proclamati Dottori insieme","robots":{"index":"index","follow":"follow","max-snippet":"max-snippet:-1","max-image-preview":"max-image-preview:large","max-video-preview":"max-video-preview:-1"},"canonical":"https:\/\/www.hunimed.eu\/news\/intervista-primi-laureati-humanitas-university\/","og_locale":"it_IT","og_type":"article","og_title":"Intervista ai primi laureati di Humanitas University - Hunimed","og_description":"Alba Coraini e\u00a0Alberto Molteni sono due dei\u00a0primi laureati del Corso internazionale di Medicina di Humanitas University, proclamati Dottori insieme","og_url":"https:\/\/www.hunimed.eu\/news\/intervista-primi-laureati-humanitas-university\/","og_site_name":"Hunimed","article_publisher":"https:\/\/www.facebook.com\/Hunimed\/","article_published_time":"2016-09-27T00:00:00+00:00","article_modified_time":"2025-10-14T02:43:34+00:00","og_image":[{"width":1600,"height":1133,"url":"https:\/\/www.hunimed.eu\/wp-content\/uploads\/2025\/08\/IMG_2689.jpg","type":"image\/jpeg"}],"author":"Emicha","twitter_card":"summary_large_image","twitter_misc":{"Scritto da":"Emicha","Tempo di lettura stimato":"2 minuti"},"schema":{"@context":"https:\/\/schema.org","@graph":[{"@type":"Article","@id":"https:\/\/www.hunimed.eu\/news\/intervista-primi-laureati-humanitas-university\/#article","isPartOf":{"@id":"https:\/\/www.hunimed.eu\/news\/intervista-primi-laureati-humanitas-university\/"},"author":{"name":"Emicha","@id":"https:\/\/www.hunimed.eu\/#\/schema\/person\/98ebab45e54332ef43da7a4d1748ca0d"},"headline":"Intervista ai primi laureati di Humanitas University","datePublished":"2016-09-27T00:00:00+00:00","dateModified":"2025-10-14T02:43:34+00:00","mainEntityOfPage":{"@id":"https:\/\/www.hunimed.eu\/news\/intervista-primi-laureati-humanitas-university\/"},"wordCount":449,"commentCount":0,"publisher":{"@id":"https:\/\/www.hunimed.eu\/#organization"},"image":{"@id":"https:\/\/www.hunimed.eu\/news\/intervista-primi-laureati-humanitas-university\/#primaryimage"},"thumbnailUrl":"https:\/\/www.hunimed.eu\/wp-content\/uploads\/2025\/08\/IMG_2689.jpg?wsr","keywords":["lauree Hunimed","primi laureati","sessione di laurea"],"articleSection":["Mondo Humanitas","Orientamento &amp; ammissioni","Tutti","Vita dello Studente"],"inLanguage":"it-IT"},{"@type":"WebPage","@id":"https:\/\/www.hunimed.eu\/news\/intervista-primi-laureati-humanitas-university\/","url":"https:\/\/www.hunimed.eu\/news\/intervista-primi-laureati-humanitas-university\/","name":"Intervista ai primi laureati di Humanitas University - Hunimed","isPartOf":{"@id":"https:\/\/www.hunimed.eu\/#website"},"primaryImageOfPage":{"@id":"https:\/\/www.hunimed.eu\/news\/intervista-primi-laureati-humanitas-university\/#primaryimage"},"image":{"@id":"https:\/\/www.hunimed.eu\/news\/intervista-primi-laureati-humanitas-university\/#primaryimage"},"thumbnailUrl":"https:\/\/www.hunimed.eu\/wp-content\/uploads\/2025\/08\/IMG_2689.jpg?wsr","datePublished":"2016-09-27T00:00:00+00:00","dateModified":"2025-10-14T02:43:34+00:00","description":"Alba Coraini e\u00a0Alberto Molteni sono due dei\u00a0primi laureati del Corso internazionale di Medicina di Humanitas University, proclamati Dottori insieme","breadcrumb":{"@id":"https:\/\/www.hunimed.eu\/news\/intervista-primi-laureati-humanitas-university\/#breadcrumb"},"inLanguage":"it-IT","potentialAction":[{"@type":"ReadAction","target":["https:\/\/www.hunimed.eu\/news\/intervista-primi-laureati-humanitas-university\/"]}]},{"@type":"ImageObject","inLanguage":"it-IT","@id":"https:\/\/www.hunimed.eu\/news\/intervista-primi-laureati-humanitas-university\/#primaryimage","url":"https:\/\/www.hunimed.eu\/wp-content\/uploads\/2025\/08\/IMG_2689.jpg?wsr","contentUrl":"https:\/\/www.hunimed.eu\/wp-content\/uploads\/2025\/08\/IMG_2689.jpg?wsr","width":1600,"height":1133},{"@type":"BreadcrumbList","@id":"https:\/\/www.hunimed.eu\/news\/intervista-primi-laureati-humanitas-university\/#breadcrumb","itemListElement":[{"@type":"ListItem","position":1,"name":"Home","item":"https:\/\/www.hunimed.eu\/it\/"},{"@type":"ListItem","position":2,"name":"Intervista ai primi laureati di Humanitas University"}]},{"@type":"WebSite","@id":"https:\/\/www.hunimed.eu\/#website","url":"https:\/\/www.hunimed.eu\/","name":"Hunimed","description":"Humanitas University","publisher":{"@id":"https:\/\/www.hunimed.eu\/#organization"},"potentialAction":[{"@type":"SearchAction","target":{"@type":"EntryPoint","urlTemplate":"https:\/\/www.hunimed.eu\/?s={search_term_string}"},"query-input":{"@type":"PropertyValueSpecification","valueRequired":true,"valueName":"search_term_string"}}],"inLanguage":"it-IT"},{"@type":"Organization","@id":"https:\/\/www.hunimed.eu\/#organization","name":"Humanitas University","url":"https:\/\/www.hunimed.eu\/","logo":{"@type":"ImageObject","inLanguage":"it-IT","@id":"https:\/\/www.hunimed.eu\/#\/schema\/logo\/image\/","url":"https:\/\/www.hunimed.eu\/wp-content\/uploads\/2025\/06\/Logo.svg?wsr","contentUrl":"https:\/\/www.hunimed.eu\/wp-content\/uploads\/2025\/06\/Logo.svg?wsr","caption":"Humanitas University"},"image":{"@id":"https:\/\/www.hunimed.eu\/#\/schema\/logo\/image\/"},"sameAs":["https:\/\/www.facebook.com\/Hunimed\/","https:\/\/www.linkedin.com\/school\/18280267\/admin\/"]},{"@type":"Person","@id":"https:\/\/www.hunimed.eu\/#\/schema\/person\/98ebab45e54332ef43da7a4d1748ca0d","name":"Emicha","image":{"@type":"ImageObject","inLanguage":"it-IT","@id":"https:\/\/secure.gravatar.com\/avatar\/82511d8332a1a463eadc6627f6fc25856d9798af6e6757594c0386d52d1635e8?s=96&d=mm&r=g","url":"https:\/\/secure.gravatar.com\/avatar\/82511d8332a1a463eadc6627f6fc25856d9798af6e6757594c0386d52d1635e8?s=96&d=mm&r=g","contentUrl":"https:\/\/secure.gravatar.com\/avatar\/82511d8332a1a463eadc6627f6fc25856d9798af6e6757594c0386d52d1635e8?s=96&d=mm&r=g","caption":"Emicha"},"sameAs":["https:\/\/www.hunimed.eu"],"url":"https:\/\/www.hunimed.eu\/it\/news\/author\/emicha\/"}]}},"taxonomy_info":{"category":[{"value":401,"label":"Mondo Humanitas"},{"value":2387,"label":"Orientamento &amp; ammissioni"},{"value":2385,"label":"Tutti"},{"value":2386,"label":"Vita dello Studente"}],"post_tag":[{"value":2474,"label":"lauree Hunimed"},{"value":2475,"label":"primi laureati"},{"value":2476,"label":"sessione di laurea"}]},"featured_image_src_large":["https:\/\/www.hunimed.eu\/wp-content\/uploads\/2025\/08\/IMG_2689-1024x725.jpg?wsr",1024,725,true],"author_info":{"display_name":"Emicha","author_link":"https:\/\/www.hunimed.eu\/it\/news\/author\/emicha\/"},"comment_info":"","category_info":[{"term_id":401,"name":"Mondo Humanitas","slug":"mondo-humanitas","term_group":0,"term_taxonomy_id":401,"taxonomy":"category","description":"","parent":0,"count":287,"filter":"raw","cat_ID":401,"category_count":287,"category_description":"","cat_name":"Mondo Humanitas","category_nicename":"mondo-humanitas","category_parent":0},{"term_id":2387,"name":"Orientamento &amp; ammissioni","slug":"orientamento-ammissioni-5","term_group":0,"term_taxonomy_id":2387,"taxonomy":"category","description":"","parent":0,"count":84,"filter":"raw","cat_ID":2387,"category_count":84,"category_description":"","cat_name":"Orientamento &amp; ammissioni","category_nicename":"orientamento-ammissioni-5","category_parent":0},{"term_id":2385,"name":"Tutti","slug":"tutti-5","term_group":0,"term_taxonomy_id":2385,"taxonomy":"category","description":"","parent":0,"count":231,"filter":"raw","cat_ID":2385,"category_count":231,"category_description":"","cat_name":"Tutti","category_nicename":"tutti-5","category_parent":0},{"term_id":2386,"name":"Vita dello Studente","slug":"vita-dello-studente-5","term_group":0,"term_taxonomy_id":2386,"taxonomy":"category","description":"","parent":0,"count":94,"filter":"raw","cat_ID":2386,"category_count":94,"category_description":"","cat_name":"Vita dello Studente","category_nicename":"vita-dello-studente-5","category_parent":0}],"tag_info":[{"term_id":2474,"name":"lauree Hunimed","slug":"lauree-hunimed-5","term_group":0,"term_taxonomy_id":2474,"taxonomy":"post_tag","description":"","parent":0,"count":3,"filter":"raw"},{"term_id":2475,"name":"primi laureati","slug":"primi-laureati-5","term_group":0,"term_taxonomy_id":2475,"taxonomy":"post_tag","description":"","parent":0,"count":3,"filter":"raw"},{"term_id":2476,"name":"sessione di laurea","slug":"sessione-di-laurea-5","term_group":0,"term_taxonomy_id":2476,"taxonomy":"post_tag","description":"","parent":0,"count":2,"filter":"raw"}],"_links":{"self":[{"href":"https:\/\/www.hunimed.eu\/it\/wp-json\/wp\/v2\/posts\/37128","targetHints":{"allow":["GET"]}}],"collection":[{"href":"https:\/\/www.hunimed.eu\/it\/wp-json\/wp\/v2\/posts"}],"about":[{"href":"https:\/\/www.hunimed.eu\/it\/wp-json\/wp\/v2\/types\/post"}],"author":[{"embeddable":true,"href":"https:\/\/www.hunimed.eu\/it\/wp-json\/wp\/v2\/users\/1"}],"replies":[{"embeddable":true,"href":"https:\/\/www.hunimed.eu\/it\/wp-json\/wp\/v2\/comments?post=37128"}],"version-history":[{"count":1,"href":"https:\/\/www.hunimed.eu\/it\/wp-json\/wp\/v2\/posts\/37128\/revisions"}],"predecessor-version":[{"id":37129,"href":"https:\/\/www.hunimed.eu\/it\/wp-json\/wp\/v2\/posts\/37128\/revisions\/37129"}],"wp:featuredmedia":[{"embeddable":true,"href":"https:\/\/www.hunimed.eu\/it\/wp-json\/wp\/v2\/media\/16411"}],"wp:attachment":[{"href":"https:\/\/www.hunimed.eu\/it\/wp-json\/wp\/v2\/media?parent=37128"}],"wp:term":[{"taxonomy":"category","embeddable":true,"href":"https:\/\/www.hunimed.eu\/it\/wp-json\/wp\/v2\/categories?post=37128"},{"taxonomy":"post_tag","embeddable":true,"href":"https:\/\/www.hunimed.eu\/it\/wp-json\/wp\/v2\/tags?post=37128"}],"curies":[{"name":"wp","href":"https:\/\/api.w.org\/{rel}","templated":true}]}}